{"id":10031,"date":"2024-07-05T11:44:04","date_gmt":"2024-07-05T11:44:04","guid":{"rendered":"https:\/\/enfoquenoticioso.com\/internacionales\/el-gobierno-de-panama-anuncia-el-cierre-de-tres-pasos-que-utilizaban-los-migrantes-para-cruzar-el-darien\/"},"modified":"2024-07-05T11:44:04","modified_gmt":"2024-07-05T11:44:04","slug":"el-gobierno-de-panama-anuncia-el-cierre-de-tres-pasos-que-utilizaban-los-migrantes-para-cruzar-el-darien","status":"publish","type":"post","link":"https:\/\/enfoquenoticioso.com\/?p=10031","title":{"rendered":"El gobierno de Panam\u00e1 anuncia el cierre de tres pasos que utilizaban los migrantes para cruzar el Dari\u00e9n"},"content":{"rendered":"<div>\n<p>El gobierno de\u00a0Panam\u00e1\u00a0anunci\u00f3 el cierre de tres pasos que utilizaban los migrantes para cruzar el Dari\u00e9n, en la frontera con Colombia, alegando que el fin de esta medida es \u00abcanalizar la migraci\u00f3n irregular\u00bb de una de las principales rutas de la regi\u00f3n hacia, principalmente, Estados Unidos.<span id=\"more-532072\"\/><\/p>\n<p>El Servicio Nacional de Fronteras (SENAFRONT) explic\u00f3 que \u00abestas medidas corresponden al bloqueo de tres pasos no autorizados\u00bb que se encuentran en la costa del Pac\u00edfico y del Caribe. En ellos, se han reforzado las patrullas y se han impuesto barreras perimetrales\u201d, rese\u00f1a el peri\u00f3dico paname\u00f1o La Prensa.<\/p>\n<p>Agrega que se busca \u00abconcentrar esfuerzos de protecci\u00f3n, seguridad y asistencia humanitaria de manera m\u00e1s efectiva en la gesti\u00f3n del fen\u00f3meno migratorio\u00bb, porque \u00abcon el anterior control se dispon\u00edan de fuerzas de seguridad en m\u00faltiples puntos lo que dispersaba la eficiencia en la lucha contra las organizaciones delictivas transnacionales que se benefician del tr\u00e1fico de personas, de cobros il\u00edcitos y de otros delitos conexos a esta poblaci\u00f3n vulnerable\u00bb.<\/p>\n<p>El SENAFRONT tambi\u00e9n dijo que el nuevo el gobierno de Jos\u00e9 Ra\u00fal Mulino est\u00e1 planificando el lanzamiento de una nueva campa\u00f1a denominada \u201cDari\u00e9n\u201d y que \u00abgarantizar\u00e1 un clima de paz y tranquilidad en esta regi\u00f3n del pa\u00eds\u00bb.<\/p>\n<p>Destaca que \u00abcon el anterior control se dispon\u00edan de fuerzas de seguridad en m\u00faltiples puntos lo que dispersaba la eficiencia en la lucha contra las organizaciones delictivas transnacionales que se benefician del tr\u00e1fico de personas, de cobros il\u00edcitos y otros delitos conexos a esta poblaci\u00f3n vulnerable\u00bb.<\/p>\n<p>Este anuncio tiene lugar en la misma semana en la que el mandatario jur\u00f3 el cargo, reafirmando que \u00abPanam\u00e1 no ser\u00e1 m\u00e1s un pa\u00eds de tr\u00e1nsito\u00bb para los migrantes, a los que calific\u00f3 de \u00abilegales\u00bb.<\/p>\n<p>\u00abNo permitir\u00e9 que Panam\u00e1 sea un camino abierto a miles de personas que ingresan ilegalmente a nuestro pa\u00eds, aupados por toda una organizaci\u00f3n internacional relacionada con el narcotr\u00e1fico y el tr\u00e1fico de personas. Ese dinero, producto del lucrar de las desdichas humanas, es un dinero maldito\u00bb, declar\u00f3 durante el discurso en la ceremonia.<\/p>\n<p>Ahora, \u00abal concentrar los esfuerzos en un solo paso, se fortalece exponencialmente la disposici\u00f3n de patrullajes de control territorial, protecci\u00f3n y seguridad multidimensional relacionados con los migrantes\u00bb.<\/p>\n<p>El cierre de esos pasos no autorizados o trochas se da en medio de un gran flujo de migrantes por esa selva del Dari\u00e9n, por la que este a\u00f1o han cruzado m\u00e1s de 195.000 personas, la mayor\u00eda venezolanos, mientras que en 2023 fueron m\u00e1s de 520.000, una cifra in\u00e9dita, seg\u00fan datos oficiales, rese\u00f1ados por la agencia <strong>EFE<\/strong>.<\/p>\n<p>\u00a0<\/p>\n<\/div>\n<p><a href=\"https:\/\/noticiasaldiayalahora.co\/internacionales\/el-gobierno-de-panama-anuncia-el-cierre-de-tres-pasos-que-utilizaban-los-migrantes-para-cruzar-el-darien\/\" class=\" target=\" title=\"El gobierno de Panam\u00e1 anuncia el cierre de tres pasos que utilizaban los migrantes para cruzar el Dari\u00e9n\" target=\"_blank\" rel=\"noopener\">Ver fuente<\/a><\/p>\n","protected":false},"excerpt":{"rendered":"<p>El gobierno de\u00a0Panam\u00e1\u00a0anunci\u00f3 el cierre de tres pasos que utilizaban los migrantes para cruzar el Dari\u00e9n, en la frontera con Colombia, alegando que el fin de esta medida es \u00abcanalizar la migraci\u00f3n irregular\u00bb de una de las principales rutas de la regi\u00f3n hacia, principalmente, Estados Unidos. El Servicio Nacional de Fronteras (SENAFRONT) explic\u00f3 que \u00abestas [&hellip;]<\/p>\n","protected":false},"author":2,"featured_media":10032,"comment_status":"open","ping_status":"closed","sticky":false,"template":"","format":"standard","meta":{"footnotes":""},"categories":[6],"tags":[],"class_list":["post-10031","post","type-post","status-publish","format-standard","has-post-thumbnail","hentry","category-internacionales"],"_links":{"self":[{"href":"https:\/\/enfoquenoticioso.com\/index.php?rest_route=\/wp\/v2\/posts\/10031","targetHints":{"allow":["GET"]}}],"collection":[{"href":"https:\/\/enfoquenoticioso.com\/index.php?rest_route=\/wp\/v2\/posts"}],"about":[{"href":"https:\/\/enfoquenoticioso.com\/index.php?rest_route=\/wp\/v2\/types\/post"}],"author":[{"embeddable":true,"href":"https:\/\/enfoquenoticioso.com\/index.php?rest_route=\/wp\/v2\/users\/2"}],"replies":[{"embeddable":true,"href":"https:\/\/enfoquenoticioso.com\/index.php?rest_route=%2Fwp%2Fv2%2Fcomments&post=10031"}],"version-history":[{"count":0,"href":"https:\/\/enfoquenoticioso.com\/index.php?rest_route=\/wp\/v2\/posts\/10031\/revisions"}],"wp:featuredmedia":[{"embeddable":true,"href":"https:\/\/enfoquenoticioso.com\/index.php?rest_route=\/wp\/v2\/media\/10032"}],"wp:attachment":[{"href":"https:\/\/enfoquenoticioso.com\/index.php?rest_route=%2Fwp%2Fv2%2Fmedia&parent=10031"}],"wp:term":[{"taxonomy":"category","embeddable":true,"href":"https:\/\/enfoquenoticioso.com\/index.php?rest_route=%2Fwp%2Fv2%2Fcategories&post=10031"},{"taxonomy":"post_tag","embeddable":true,"href":"https:\/\/enfoquenoticioso.com\/index.php?rest_route=%2Fwp%2Fv2%2Ftags&post=10031"}],"curies":[{"name":"wp","href":"https:\/\/api.w.org\/{rel}","templated":true}]}}