{"id":102192,"date":"2025-10-27T12:20:06","date_gmt":"2025-10-27T12:20:06","guid":{"rendered":"https:\/\/enfoquenoticioso.com\/?p=102192"},"modified":"2025-10-27T12:20:06","modified_gmt":"2025-10-27T12:20:06","slug":"el-clasico-real-madrid-barcelona-siguio-en-las-redes","status":"publish","type":"post","link":"https:\/\/enfoquenoticioso.com\/?p=102192","title":{"rendered":"el cl\u00e1sico Real Madrid-Barcelona sigui\u00f3 en las redes"},"content":{"rendered":"<div>\n<p>El futbolista del Merengue apunt\u00f3 contra la estrella del elenco cul\u00e9. La fuerte respuesta de su pap\u00e1<span id=\"more-568403\"\/><\/p>\n<p>por <strong>INFOBAE<\/strong><\/p>\n<p class=\"paragraph\" data-mrf-recirculation=\"Links inline\">La tensi\u00f3n entre\u00a0<b>Real Madrid<\/b>\u00a0y\u00a0<b>Barcelona<\/b>\u00a0no se limit\u00f3 al terreno de juego tras el \u00faltimo cl\u00e1sico disputado en el\u00a0<b>Estadio Santiago Bernab\u00e9u<\/b>, donde\u00a0el equipo dirigido por\u00a0<b>Xabi Alonso<\/b>\u00a0se impuso por 2-1\u00a0y ampli\u00f3 su ventaja a cinco puntos en la cima de\u00a0<b>LaLiga<\/b>. El foco medi\u00e1tico se traslad\u00f3 r\u00e1pidamente a las redes sociales, donde las declaraciones previas y posteriores al partido encendieron a\u00fan m\u00e1s la rivalidad entre los protagonistas, especialmente en torno a\u00a0<b>Lamine Yamal<\/b>\u00a0y\u00a0<b>Jude Bellingham<\/b>.<\/p>\n<p class=\"paragraph\" data-mrf-recirculation=\"Links inline\">El joven delantero de\u00a0<b>Barcelona<\/b>, de 18 a\u00f1os, se convirti\u00f3 en el centro de la pol\u00e9mica luego de que, durante un evento de la\u00a0<b>Kings League<\/b>\u00a0junto a\u00a0<b>Ibai Llanos<\/b>, insinuara que \u201c<b>Real Madrid roba<\/b>\u201d, una frase que no pas\u00f3 desapercibida en el vestuario blanco. Estas palabras provocaron que varios jugadores del\u00a0<b>Real Madrid<\/b>\u00a0se dirigieran directamente a\u00a0<b>Yamal<\/b>\u00a0al finalizar el encuentro. Las c\u00e1maras captaron c\u00f3mo\u00a0<b>Dani Carvajal<\/b>\u00a0fue el primero en acercarse, se\u00f1al\u00e1ndolo y dici\u00e9ndole:\u00a0<b>\u201cHablas mucho\u201d<\/b>, seguido por el arquero\u00a0<b>Thibaut Courtois<\/b>, quien tambi\u00e9n le recrimin\u00f3 sus declaraciones de la semana. Incluso\u00a0<b>Vin\u00edcius J\u00fanior<\/b>\u00a0intent\u00f3 sumarse al reclamo, aunque fue contenido por sus compa\u00f1eros.<\/p>\n<div class=\"visual__image\"><picture><source srcset=\"https:\/\/www.infobae.com\/resizer\/v2\/CVBGHVA6XRHU3DZNKK2O333Q2M.JPG?auth=6c144ab368151f0cbb5c41c753849039eb5857a430d49ca1f018887b5d18ea36&amp;smart=true&amp;width=992&amp;height=517&amp;quality=85\" media=\"(min-width: 1000px)\"\/><source srcset=\"https:\/\/www.infobae.com\/resizer\/v2\/CVBGHVA6XRHU3DZNKK2O333Q2M.JPG?auth=6c144ab368151f0cbb5c41c753849039eb5857a430d49ca1f018887b5d18ea36&amp;smart=true&amp;width=768&amp;height=400&amp;quality=85\" media=\"(min-width: 768px)\"\/><source srcset=\"https:\/\/www.infobae.com\/resizer\/v2\/CVBGHVA6XRHU3DZNKK2O333Q2M.JPG?auth=6c144ab368151f0cbb5c41c753849039eb5857a430d49ca1f018887b5d18ea36&amp;smart=true&amp;width=577&amp;height=301&amp;quality=85\" media=\"(min-width: 580px)\"\/><source srcset=\"https:\/\/www.infobae.com\/resizer\/v2\/CVBGHVA6XRHU3DZNKK2O333Q2M.JPG?auth=6c144ab368151f0cbb5c41c753849039eb5857a430d49ca1f018887b5d18ea36&amp;smart=true&amp;width=420&amp;height=219&amp;quality=85\" media=\"(min-width: 350px)\"\/><source srcset=\"https:\/\/www.infobae.com\/resizer\/v2\/CVBGHVA6XRHU3DZNKK2O333Q2M.JPG?auth=6c144ab368151f0cbb5c41c753849039eb5857a430d49ca1f018887b5d18ea36&amp;smart=true&amp;width=350&amp;height=182&amp;quality=85\" media=\"(min-width: 80px)\"\/><img loading=\"lazy\" data-recalc-dims=\"1\" decoding=\"async\" class=\"global-image\" src=\"https:\/\/i0.wp.com\/www.infobae.com\/resizer\/v2\/CVBGHVA6XRHU3DZNKK2O333Q2M.JPG?resize=777%2C405&amp;ssl=1\" alt=\"El dardo de Jude Bellingham\" width=\"777\" height=\"405\"\/><\/picture>El dardo de Jude Bellingham contra Lamine Yamal<\/div>\n<p class=\"paragraph\" data-mrf-recirculation=\"Links inline\">La respuesta de\u00a0<b>Jude Bellingham<\/b>\u00a0no tard\u00f3 en llegar. El mediocampista ingl\u00e9s, autor de uno de los goles y asistente en el otro, utiliz\u00f3 su cuenta de Instagram para lanzar un mensaje dirigido a\u00a0<b>Yamal<\/b>\u00a0tras la victoria:\u00a0<b>\u201cHablar es barato. Hala Madrid siempre\u201d<\/b>, public\u00f3, en una clara alusi\u00f3n a las palabras del delantero catal\u00e1n.<\/p>\n<p class=\"paragraph\" data-mrf-recirculation=\"Links inline\">La situaci\u00f3n escal\u00f3 cuando\u00a0<b>Mounir Nasraoui<\/b>, padre de\u00a0<b>Lamine Yamal<\/b>, intervino en defensa de su hijo. Lejos de apaciguar los \u00e1nimos,\u00a0<b>Nasraoui<\/b>\u00a0opt\u00f3 por intensificar la confrontaci\u00f3n a trav\u00e9s de sus historias de Instagram. En una de ellas, comparti\u00f3 una fotograf\u00eda de\u00a0<b>Lamine<\/b>\u00a0acompa\u00f1ada del mensaje:\u00a0<b>\u201cMenos mal que tiene 18 a\u00f1os, nos vemos en Barcelona\u201d<\/b>, una advertencia que alimenta la expectativa de revancha en el pr\u00f3ximo enfrentamiento en Catalu\u00f1a. Adem\u00e1s,\u00a0<b>Nasraoui<\/b>\u00a0reforz\u00f3 su apoyo al repostear una imagen junto a su hijo vistiendo la camiseta n\u00famero 10 del\u00a0<b>Barcelona<\/b>, gesto que fue interpretado como una muestra de orgullo y respaldo ante las cr\u00edticas.<\/p>\n<div class=\"visual__image\"><picture><source srcset=\"https:\/\/www.infobae.com\/resizer\/v2\/5NIU34QEG5BPHDMDNND3NXQBTE.webp?auth=36c76df3b8f9b4a93e4f83dee2d7cbbb00baef7a93bed8faa1ef9e963547a2e4&amp;smart=true&amp;width=992&amp;height=1812&amp;quality=85\" media=\"(min-width: 1000px)\"\/><source srcset=\"https:\/\/www.infobae.com\/resizer\/v2\/5NIU34QEG5BPHDMDNND3NXQBTE.webp?auth=36c76df3b8f9b4a93e4f83dee2d7cbbb00baef7a93bed8faa1ef9e963547a2e4&amp;smart=true&amp;width=768&amp;height=1403&amp;quality=85\" media=\"(min-width: 768px)\"\/><source srcset=\"https:\/\/www.infobae.com\/resizer\/v2\/5NIU34QEG5BPHDMDNND3NXQBTE.webp?auth=36c76df3b8f9b4a93e4f83dee2d7cbbb00baef7a93bed8faa1ef9e963547a2e4&amp;smart=true&amp;width=577&amp;height=1054&amp;quality=85\" media=\"(min-width: 580px)\"\/><source srcset=\"https:\/\/www.infobae.com\/resizer\/v2\/5NIU34QEG5BPHDMDNND3NXQBTE.webp?auth=36c76df3b8f9b4a93e4f83dee2d7cbbb00baef7a93bed8faa1ef9e963547a2e4&amp;smart=true&amp;width=420&amp;height=767&amp;quality=85\" media=\"(min-width: 350px)\"\/><source srcset=\"https:\/\/www.infobae.com\/resizer\/v2\/5NIU34QEG5BPHDMDNND3NXQBTE.webp?auth=36c76df3b8f9b4a93e4f83dee2d7cbbb00baef7a93bed8faa1ef9e963547a2e4&amp;smart=true&amp;width=350&amp;height=639&amp;quality=85\" media=\"(min-width: 80px)\"\/><img loading=\"lazy\" data-recalc-dims=\"1\" decoding=\"async\" class=\"global-image\" src=\"https:\/\/i0.wp.com\/www.infobae.com\/resizer\/v2\/5NIU34QEG5BPHDMDNND3NXQBTE.webp?resize=445%2C813&amp;ssl=1\" alt=\"El respaldo del padre de\" width=\"445\" height=\"813\"\/><\/picture><\/div>\n<p>El respaldo del padre de Lamine Yamal a su hijo tras el cl\u00e1sico entre el Real Madrid y el Barcelona<\/p>\n<p class=\"paragraph\" data-mrf-recirculation=\"Links inline\">El trasfondo de este cruce se remonta a los d\u00edas previos al cl\u00e1sico, cuando\u00a0<b>Yamal<\/b>\u00a0particip\u00f3 en una conversaci\u00f3n con\u00a0<b>Ibai Llanos<\/b>\u00a0en la\u00a0<b>Kings League<\/b>. Consultado sobre si el\u00a0<b>Real Madrid<\/b>\u00a0recib\u00eda favores arbitrales, el delantero respondi\u00f3 entre risas y cierta incomodidad:\u00a0<b>\u201c\u00a1Hombre! A ver, a ver\u2026 Hostia\u201d<\/b>, una insinuaci\u00f3n que fue tomada como una provocaci\u00f3n por el plantel madridista y contribuy\u00f3 a la tensi\u00f3n vivida tanto en el campo como fuera de \u00e9l.<\/p>\n<p class=\"paragraph\" data-mrf-recirculation=\"Links inline\">En el plano deportivo, el cl\u00e1sico dej\u00f3 como protagonistas a\u00a0<b>Kylian Mbapp\u00e9<\/b>\u00a0y\u00a0<b>Jude Bellingham<\/b>\u00a0por parte del\u00a0<b>Real Madrid<\/b>, autores de los goles que sellaron la victoria local, mientras que\u00a0<b>Ferm\u00edn L\u00f3pez<\/b>\u00a0anot\u00f3 el tanto del empate transitorio para el\u00a0<b>Barcelona<\/b>. La rivalidad, sin embargo, se traslad\u00f3 r\u00e1pidamente a las redes sociales y promete nuevos episodios en el pr\u00f3ximo duelo entre ambos equipos.<\/p>\n<\/p><\/div>\n<p><a href=\"https:\/\/noticiasaldiayalahora.co\/deportes\/del-dardo-de-jude-bellingham-a-lamine-yamal-a-la-amenaza-de-padre-del-juvenil-el-clasico-real-madrid-barcelona-siguio-en-las-redes\/\" class=\" target=\" title=\"el cl\u00e1sico Real Madrid-Barcelona sigui\u00f3 en las redes\" target=\"_blank\" rel=\"noopener\">Ver fuente<\/a><\/p>\n","protected":false},"excerpt":{"rendered":"<p>El futbolista del Merengue apunt\u00f3 contra la estrella del elenco cul\u00e9. La fuerte respuesta de su pap\u00e1 por INFOBAE La tensi\u00f3n entre\u00a0Real Madrid\u00a0y\u00a0Barcelona\u00a0no se limit\u00f3 al terreno de juego tras el \u00faltimo cl\u00e1sico disputado en el\u00a0Estadio Santiago Bernab\u00e9u, donde\u00a0el equipo dirigido por\u00a0Xabi Alonso\u00a0se impuso por 2-1\u00a0y ampli\u00f3 su ventaja a cinco puntos en la cima [&hellip;]<\/p>\n","protected":false},"author":2,"featured_media":102193,"comment_status":"open","ping_status":"closed","sticky":false,"template":"","format":"standard","meta":{"footnotes":""},"categories":[1],"tags":[],"class_list":["post-102192","post","type-post","status-publish","format-standard","has-post-thumbnail","hentry","category-noticias"],"_links":{"self":[{"href":"https:\/\/enfoquenoticioso.com\/index.php?rest_route=\/wp\/v2\/posts\/102192","targetHints":{"allow":["GET"]}}],"collection":[{"href":"https:\/\/enfoquenoticioso.com\/index.php?rest_route=\/wp\/v2\/posts"}],"about":[{"href":"https:\/\/enfoquenoticioso.com\/index.php?rest_route=\/wp\/v2\/types\/post"}],"author":[{"embeddable":true,"href":"https:\/\/enfoquenoticioso.com\/index.php?rest_route=\/wp\/v2\/users\/2"}],"replies":[{"embeddable":true,"href":"https:\/\/enfoquenoticioso.com\/index.php?rest_route=%2Fwp%2Fv2%2Fcomments&post=102192"}],"version-history":[{"count":0,"href":"https:\/\/enfoquenoticioso.com\/index.php?rest_route=\/wp\/v2\/posts\/102192\/revisions"}],"wp:featuredmedia":[{"embeddable":true,"href":"https:\/\/enfoquenoticioso.com\/index.php?rest_route=\/wp\/v2\/media\/102193"}],"wp:attachment":[{"href":"https:\/\/enfoquenoticioso.com\/index.php?rest_route=%2Fwp%2Fv2%2Fmedia&parent=102192"}],"wp:term":[{"taxonomy":"category","embeddable":true,"href":"https:\/\/enfoquenoticioso.com\/index.php?rest_route=%2Fwp%2Fv2%2Fcategories&post=102192"},{"taxonomy":"post_tag","embeddable":true,"href":"https:\/\/enfoquenoticioso.com\/index.php?rest_route=%2Fwp%2Fv2%2Ftags&post=102192"}],"curies":[{"name":"wp","href":"https:\/\/api.w.org\/{rel}","templated":true}]}}