{"id":10228,"date":"2024-07-06T10:57:41","date_gmt":"2024-07-06T10:57:41","guid":{"rendered":"https:\/\/enfoquenoticioso.com\/internacionales\/cierra-de-pasos-fronterizos-e-panama-aumentara-el-represamiento-de-migrantes-en-la-inhospita-selva-fronteriza-del-darien\/"},"modified":"2024-07-06T10:57:41","modified_gmt":"2024-07-06T10:57:41","slug":"cierra-de-pasos-fronterizos-e-panama-aumentara-el-represamiento-de-migrantes-en-la-inhospita-selva-fronteriza-del-darien","status":"publish","type":"post","link":"https:\/\/enfoquenoticioso.com\/?p=10228","title":{"rendered":"Cierra de pasos fronterizos e Panam\u00e1 aumentar\u00e1 el represamiento de migrantes en la inh\u00f3spita selva fronteriza del Dari\u00e9n"},"content":{"rendered":"<div>\n<p>El cierre de tres pasos fronterizos no autorizados ordenado esta semana por Panam\u00e1 \u00abaumentar\u00e1 el represamiento\u00bb de migrantes en la inh\u00f3spita selva fronteriza del Dari\u00e9n, advirti\u00f3 este viernes la Defensor\u00eda del Pueblo de Colombia.<\/p>\n<p>Esa medida, anunciada por el nuevo presidente paname\u00f1o, Jos\u00e9 Ra\u00fal Mulino, supone una \u00abafectaci\u00f3n a los derechos fundamentales\u00bb de quienes se movilizan por esa peligrosa ruta hacia Estados Unidos, denunci\u00f3 la entidad estatal que vela por los derechos humanos en Colombia.<\/p>\n<p>Im\u00e1genes divulgadas por la Defensor\u00eda muestran a decenas de personas atascadas entre el barro y la espesa vegetaci\u00f3n del lado colombiano de la frontera, frente a un alambre de p\u00faas resguardado por militares paname\u00f1os.<\/p>\n<p>\u00abAumentar\u00e1 el represamiento de personas en los municipios receptores de migrantes\u00bb en Colombia, anticip\u00f3 la entidad.<\/p>\n<div id=\"ez-toc-container\" class=\"ez-toc-v2_0_81 counter-hierarchy ez-toc-counter ez-toc-grey ez-toc-container-direction\">\n<div class=\"ez-toc-title-container\">\n<p class=\"ez-toc-title\" style=\"cursor:inherit\">Tabla de Contenido<\/p>\n<span class=\"ez-toc-title-toggle\"><a href=\"#\" class=\"ez-toc-pull-right ez-toc-btn ez-toc-btn-xs ez-toc-btn-default ez-toc-toggle\" aria-label=\"Alternar tabla de contenidos\"><span class=\"ez-toc-js-icon-con\"><span class=\"\"><span class=\"eztoc-hide\" style=\"display:none;\">Toggle<\/span><span class=\"ez-toc-icon-toggle-span\"><svg style=\"fill: #999;color:#999\" xmlns=\"http:\/\/www.w3.org\/2000\/svg\" class=\"list-377408\" width=\"20px\" height=\"20px\" viewBox=\"0 0 24 24\" fill=\"none\"><path d=\"M6 6H4v2h2V6zm14 0H8v2h12V6zM4 11h2v2H4v-2zm16 0H8v2h12v-2zM4 16h2v2H4v-2zm16 0H8v2h12v-2z\" fill=\"currentColor\"><\/path><\/svg><svg style=\"fill: #999;color:#999\" class=\"arrow-unsorted-368013\" xmlns=\"http:\/\/www.w3.org\/2000\/svg\" width=\"10px\" height=\"10px\" viewBox=\"0 0 24 24\" version=\"1.2\" baseProfile=\"tiny\"><path d=\"M18.2 9.3l-6.2-6.3-6.2 6.3c-.2.2-.3.4-.3.7s.1.5.3.7c.2.2.4.3.7.3h11c.3 0 .5-.1.7-.3.2-.2.3-.5.3-.7s-.1-.5-.3-.7zM5.8 14.7l6.2 6.3 6.2-6.3c.2-.2.3-.5.3-.7s-.1-.5-.3-.7c-.2-.2-.4-.3-.7-.3h-11c-.3 0-.5.1-.7.3-.2.2-.3.5-.3.7s.1.5.3.7z\"\/><\/svg><\/span><\/span><\/span><\/a><\/span><\/div>\n<nav><ul class='ez-toc-list ez-toc-list-level-1 ' ><li class='ez-toc-page-1 ez-toc-heading-level-2'><a class=\"ez-toc-link ez-toc-heading-1\" href=\"https:\/\/enfoquenoticioso.com\/?p=10228\/#%C2%BFQue_pasara_si_cierran_las_fronteras_de_Panama\" >\u00bfQu\u00e9 pasar\u00e1 si cierran las fronteras de Panam\u00e1?<\/a><\/li><\/ul><\/nav><\/div>\n<h2><span class=\"ez-toc-section\" id=\"%C2%BFQue_pasara_si_cierran_las_fronteras_de_Panama\"><\/span>\u00bfQu\u00e9 pasar\u00e1 si cierran las fronteras de Panam\u00e1?<span class=\"ez-toc-section-end\"><\/span><\/h2>\n<p>Los migrantes varados en esos pasos son \u00absusceptibles de asilo\u00bb y necesitan \u00abprotecci\u00f3n internacional\u00bb, asegur\u00f3 en un pronunciamiento el defensor del pueblo encargado, Julio Balanta.<\/p>\n<p>Mulino prometi\u00f3 el lunes durante su posesi\u00f3n que Panam\u00e1 no servir\u00e1 m\u00e1s de \u00abtr\u00e1nsito\u00bb hacia Estados Unidos y anunci\u00f3 un acuerdo para que Washington cubra los gastos de deportar a los migrantes que crucen el Dari\u00e9n.<\/p>\n<p>Seg\u00fan c\u00e1lculos de la Defensor\u00eda colombiana, entre enero y mayo de 2024 transitaron por ese corredor unos 159.000 migrantes, pese a enfrentar peligros como r\u00edos caudalosos, animales salvajes y grupos criminales.<\/p>\n<p>En todo 2023, fueron al menos 520.000 personas, principalmente originarias de Venezuela, Ecuador, Hait\u00ed, Cuba y Colombia. Tambi\u00e9n hay asi\u00e1ticos, principalmente chinos, y africanos.<\/p>\n<p>La Defensor\u00eda advirti\u00f3 que cerrarles el paso a Panam\u00e1 podr\u00eda desbordar las capacidades de los municipios del lado colombiano de la frontera, por lo que llam\u00f3 a las autoridades a activar \u00abacciones de contingencia oportunas\u00bb.<\/p>\n<p>En entrevista con la AFP en mayo, el canciller colombiano, Luis Gilberto Murillo, asegur\u00f3 que Colombia \u00abno estar\u00eda de acuerdo con cierre de fronteras y menos obviamente la frontera del Dari\u00e9n\u00bb.<\/p>\n<p>El encargado de las relaciones internacionales de Colombia aboga por \u00absalidas m\u00e1s humanitarias para esta poblaci\u00f3n\u00bb. AFP<\/p>\n<p>\u00a0<\/p>\n<\/div>\n<p><a href=\"https:\/\/noticiasaldiayalahora.co\/internacionales\/cierra-de-pasos-fronterizos-e-panama-aumentara-el-represamiento-de-migrantes-en-la-inhospita-selva-fronteriza-del-darien\/\" class=\" target=\" title=\"Cierra de pasos fronterizos e Panam\u00e1 aumentar\u00e1 el represamiento de migrantes en la inh\u00f3spita selva fronteriza del Dari\u00e9n\" target=\"_blank\" rel=\"noopener\">Ver fuente<\/a><\/p>\n","protected":false},"excerpt":{"rendered":"<p>El cierre de tres pasos fronterizos no autorizados ordenado esta semana por Panam\u00e1 \u00abaumentar\u00e1 el represamiento\u00bb de migrantes en la inh\u00f3spita selva fronteriza del Dari\u00e9n, advirti\u00f3 este viernes la Defensor\u00eda del Pueblo de Colombia. Esa medida, anunciada por el nuevo presidente paname\u00f1o, Jos\u00e9 Ra\u00fal Mulino, supone una \u00abafectaci\u00f3n a los derechos fundamentales\u00bb de quienes se [&hellip;]<\/p>\n","protected":false},"author":2,"featured_media":10229,"comment_status":"open","ping_status":"closed","sticky":false,"template":"","format":"standard","meta":{"footnotes":""},"categories":[6],"tags":[],"class_list":["post-10228","post","type-post","status-publish","format-standard","has-post-thumbnail","hentry","category-internacionales"],"_links":{"self":[{"href":"https:\/\/enfoquenoticioso.com\/index.php?rest_route=\/wp\/v2\/posts\/10228","targetHints":{"allow":["GET"]}}],"collection":[{"href":"https:\/\/enfoquenoticioso.com\/index.php?rest_route=\/wp\/v2\/posts"}],"about":[{"href":"https:\/\/enfoquenoticioso.com\/index.php?rest_route=\/wp\/v2\/types\/post"}],"author":[{"embeddable":true,"href":"https:\/\/enfoquenoticioso.com\/index.php?rest_route=\/wp\/v2\/users\/2"}],"replies":[{"embeddable":true,"href":"https:\/\/enfoquenoticioso.com\/index.php?rest_route=%2Fwp%2Fv2%2Fcomments&post=10228"}],"version-history":[{"count":0,"href":"https:\/\/enfoquenoticioso.com\/index.php?rest_route=\/wp\/v2\/posts\/10228\/revisions"}],"wp:featuredmedia":[{"embeddable":true,"href":"https:\/\/enfoquenoticioso.com\/index.php?rest_route=\/wp\/v2\/media\/10229"}],"wp:attachment":[{"href":"https:\/\/enfoquenoticioso.com\/index.php?rest_route=%2Fwp%2Fv2%2Fmedia&parent=10228"}],"wp:term":[{"taxonomy":"category","embeddable":true,"href":"https:\/\/enfoquenoticioso.com\/index.php?rest_route=%2Fwp%2Fv2%2Fcategories&post=10228"},{"taxonomy":"post_tag","embeddable":true,"href":"https:\/\/enfoquenoticioso.com\/index.php?rest_route=%2Fwp%2Fv2%2Ftags&post=10228"}],"curies":[{"name":"wp","href":"https:\/\/api.w.org\/{rel}","templated":true}]}}