{"id":10236,"date":"2024-07-06T11:29:10","date_gmt":"2024-07-06T11:29:10","guid":{"rendered":"https:\/\/enfoquenoticioso.com\/internacionales\/fue-una-mala-noche-biden-reconocio-su-mal-desempeno-en-el-debate-presidencial\/"},"modified":"2024-07-06T11:29:10","modified_gmt":"2024-07-06T11:29:10","slug":"fue-una-mala-noche-biden-reconocio-su-mal-desempeno-en-el-debate-presidencial","status":"publish","type":"post","link":"https:\/\/enfoquenoticioso.com\/?p=10236","title":{"rendered":"\u00abFue una mala noche\u00bb, Biden reconoci\u00f3 su mal desempe\u00f1o en el debate presidencial"},"content":{"rendered":"<div id=\"post-532140\">\n<div class=\"entry-thumbnail\">\n<img width=\"696\" height=\"437\" src=\"https:\/\/i0.wp.com\/noticiasaldiayalahora.co\/wp-content\/uploads\/2024\/07\/Joe-Biden.jpg?resize=696%2C437&amp;ssl=1\" class=\"attachment-content-single size-content-single wp-post-image\" alt=\"\" decoding=\"async\" fetchpriority=\"high\"\/><\/div>\n<p class=\"entry-meta\">\n<span class=\"entry-meta-author vcard author\">Por: <a class=\"fn\" href=\"https:\/\/noticiasaldiayalahora.co\/author\/noticias\/\" target=\"_blank\" rel=\"noopener\">AL D\u00eda y a la Hora | @Notidiahora<\/a><\/span><br \/>\n<span class=\"entry-meta-date updated\">6 julio, 2024<\/span>\n<\/p>\n<div class=\"entry-content clearfix\">\n<p>El presidente estadounidense, Joe Biden, se atribuy\u00f3 este viernes la culpa de su mal debate frente al exmandatario Donald Trump (2017-2021), se\u00f1al\u00f3 que no fue reflejo de que le pase \u00abalgo grave\u00bb y dijo no recordar si hab\u00eda visto despu\u00e9s ese cara a cara dial\u00e9ctico.<\/p>\n<p>\u00abFue exclusivamente mi culpa, no de nadie m\u00e1s. Fue un mal episodio, no nada grave. Estaba exhausto. No escuch\u00e9 a mi instinto\u00bb. As\u00ed lo dijo en un extracto de la entrevista concedida al canal ABC, que la difundir\u00e1 completa este mismo viernes.<\/p>\n<p>En su debate del 27 de junio frente a Trump se le vio titubeante e incapaz tanto de acabar algunas frases como de rebatir las mentiras del expresidente republicano, que en un momento de ese encuentro lleg\u00f3 a decir que ni siquiera Biden sab\u00eda lo que estaba diciendo.<\/p>\n<p>La familia Biden ha expresado estos \u00faltimos d\u00edas en privado su exasperaci\u00f3n por c\u00f3mo los asesores prepararon al presidente para el debate, reproch\u00e1ndole entre otras cosas que le hicieran practicar en exceso, por lo que, en su opini\u00f3n, cuando se celebr\u00f3 el encuentro, \u00e9l estaba agotado.<\/p>\n<div id=\"ez-toc-container\" class=\"ez-toc-v2_0_81 counter-hierarchy ez-toc-counter ez-toc-grey ez-toc-container-direction\">\n<div class=\"ez-toc-title-container\">\n<p class=\"ez-toc-title\" style=\"cursor:inherit\">Tabla de Contenido<\/p>\n<span class=\"ez-toc-title-toggle\"><a href=\"#\" class=\"ez-toc-pull-right ez-toc-btn ez-toc-btn-xs ez-toc-btn-default ez-toc-toggle\" aria-label=\"Alternar tabla de contenidos\"><span class=\"ez-toc-js-icon-con\"><span class=\"\"><span class=\"eztoc-hide\" style=\"display:none;\">Toggle<\/span><span class=\"ez-toc-icon-toggle-span\"><svg style=\"fill: #999;color:#999\" xmlns=\"http:\/\/www.w3.org\/2000\/svg\" class=\"list-377408\" width=\"20px\" height=\"20px\" viewBox=\"0 0 24 24\" fill=\"none\"><path d=\"M6 6H4v2h2V6zm14 0H8v2h12V6zM4 11h2v2H4v-2zm16 0H8v2h12v-2zM4 16h2v2H4v-2zm16 0H8v2h12v-2z\" fill=\"currentColor\"><\/path><\/svg><svg style=\"fill: #999;color:#999\" class=\"arrow-unsorted-368013\" xmlns=\"http:\/\/www.w3.org\/2000\/svg\" width=\"10px\" height=\"10px\" viewBox=\"0 0 24 24\" version=\"1.2\" baseProfile=\"tiny\"><path d=\"M18.2 9.3l-6.2-6.3-6.2 6.3c-.2.2-.3.4-.3.7s.1.5.3.7c.2.2.4.3.7.3h11c.3 0 .5-.1.7-.3.2-.2.3-.5.3-.7s-.1-.5-.3-.7zM5.8 14.7l6.2 6.3 6.2-6.3c.2-.2.3-.5.3-.7s-.1-.5-.3-.7c-.2-.2-.4-.3-.7-.3h-11c-.3 0-.5.1-.7.3-.2.2-.3.5-.3.7s.1.5.3.7z\"\/><\/svg><\/span><\/span><\/span><\/a><\/span><\/div>\n<nav><ul class='ez-toc-list ez-toc-list-level-1 ' ><li class='ez-toc-page-1 ez-toc-heading-level-2'><a class=\"ez-toc-link ez-toc-heading-1\" href=\"https:\/\/enfoquenoticioso.com\/?p=10236\/#%C2%BFQue_paso_con_Biden_en_el_debate_La_excusa_que_dio\" >\u00bfQu\u00e9 pas\u00f3 con Biden en el debate? La excusa que dio<\/a><\/li><\/ul><\/nav><\/div>\n<h2><span class=\"ez-toc-section\" id=\"%C2%BFQue_paso_con_Biden_en_el_debate_La_excusa_que_dio\"><\/span>\u00bfQu\u00e9 pas\u00f3 con Biden en el debate? La excusa que dio<span class=\"ez-toc-section-end\"><\/span><\/h2>\n<p>El actual inquilino de la Casa Blanca repiti\u00f3 este viernes que ten\u00eda un resfriado fuerte y que sus m\u00e9dicos le hicieron pruebas para ver si ten\u00eda alguna infecci\u00f3n, que salieron negativas.<\/p>\n<p>Biden insisti\u00f3 en que fue una \u00abmala noche\u00bb en la que se sent\u00eda \u00abfatal\u00bb. Una mala noche que ha hecho saltar las alarmas en las filas dem\u00f3cratas, entre las que ya hay quien ha expresado en voz alta su deseo de que se retire y de que el partido presente a otro aspirante.<\/p>\n<p>Preguntado sobre si vio su intervenci\u00f3n posteriormente, el presidente dijo no recordarlo: \u00abCreo que no\u00bb. AFP<\/p>\n<p>\u00a0<\/p>\n<\/div>\n<\/div>\n<p><a href=\"https:\/\/noticiasaldiayalahora.co\/internacionales\/fue-una-mala-noche-biden-reconocio-su-mal-desempeno-en-el-debate-presidencial\/\" class=\" target=\" title=\"\" Fue una mala Biden su mal  en el debate target=\"_blank\" rel=\"noopener\">Ver fuente<\/a><\/p>\n","protected":false},"excerpt":{"rendered":"<p>Por: AL D\u00eda y a la Hora | @Notidiahora 6 julio, 2024 El presidente estadounidense, Joe Biden, se atribuy\u00f3 este viernes la culpa de su mal debate frente al exmandatario Donald Trump (2017-2021), se\u00f1al\u00f3 que no fue reflejo de que le pase \u00abalgo grave\u00bb y dijo no recordar si hab\u00eda visto despu\u00e9s ese cara a [&hellip;]<\/p>\n","protected":false},"author":2,"featured_media":10237,"comment_status":"open","ping_status":"closed","sticky":false,"template":"","format":"standard","meta":{"footnotes":""},"categories":[6],"tags":[],"class_list":["post-10236","post","type-post","status-publish","format-standard","has-post-thumbnail","hentry","category-internacionales"],"_links":{"self":[{"href":"https:\/\/enfoquenoticioso.com\/index.php?rest_route=\/wp\/v2\/posts\/10236","targetHints":{"allow":["GET"]}}],"collection":[{"href":"https:\/\/enfoquenoticioso.com\/index.php?rest_route=\/wp\/v2\/posts"}],"about":[{"href":"https:\/\/enfoquenoticioso.com\/index.php?rest_route=\/wp\/v2\/types\/post"}],"author":[{"embeddable":true,"href":"https:\/\/enfoquenoticioso.com\/index.php?rest_route=\/wp\/v2\/users\/2"}],"replies":[{"embeddable":true,"href":"https:\/\/enfoquenoticioso.com\/index.php?rest_route=%2Fwp%2Fv2%2Fcomments&post=10236"}],"version-history":[{"count":0,"href":"https:\/\/enfoquenoticioso.com\/index.php?rest_route=\/wp\/v2\/posts\/10236\/revisions"}],"wp:featuredmedia":[{"embeddable":true,"href":"https:\/\/enfoquenoticioso.com\/index.php?rest_route=\/wp\/v2\/media\/10237"}],"wp:attachment":[{"href":"https:\/\/enfoquenoticioso.com\/index.php?rest_route=%2Fwp%2Fv2%2Fmedia&parent=10236"}],"wp:term":[{"taxonomy":"category","embeddable":true,"href":"https:\/\/enfoquenoticioso.com\/index.php?rest_route=%2Fwp%2Fv2%2Fcategories&post=10236"},{"taxonomy":"post_tag","embeddable":true,"href":"https:\/\/enfoquenoticioso.com\/index.php?rest_route=%2Fwp%2Fv2%2Ftags&post=10236"}],"curies":[{"name":"wp","href":"https:\/\/api.w.org\/{rel}","templated":true}]}}