{"id":10244,"date":"2024-07-06T12:01:03","date_gmt":"2024-07-06T12:01:03","guid":{"rendered":"https:\/\/enfoquenoticioso.com\/internacionales\/autodefensas-conquistadoras-de-la-sierra-advierten-que-sectores-extremistas-buscan-desestabilizar-venezuela\/"},"modified":"2024-07-06T12:01:03","modified_gmt":"2024-07-06T12:01:03","slug":"autodefensas-conquistadoras-de-la-sierra-advierten-que-sectores-extremistas-buscan-desestabilizar-venezuela","status":"publish","type":"post","link":"https:\/\/enfoquenoticioso.com\/?p=10244","title":{"rendered":"Autodefensas Conquistadoras de la Sierra advierten que sectores extremistas buscan desestabilizar Venezuela"},"content":{"rendered":"<div>\n<p>Las Autodefensas Conquistadoras de la Sierra, emiti\u00f3 este viernes un comunicado, en el que develan que fueron contactados por \u00abgrupos de extrema derecha de Venezuela\u00bb, con el fin, dicen, de desestabilizar el Gobierno del presidente Nicol\u00e1s Maduro.<\/p>\n<p>\u00abSe permite informar a la opini\u00f3n p\u00fablica, nacional e internacional, que nuestras unidades en el departamento de la guajira han sido contactadas por grupos de extrema derecha de Venezuela, para desestabilizar el gobierno de la rep\u00fablica de Venezuela\u00bb, inicia el comunicado publicado en la cuenta X del grupo.<\/p>\n<blockquote class=\"twitter-tweet\">\n<p dir=\"ltr\" lang=\"es\">Comunicado a la opini\u00f3n p\u00fablica\ud83d\uded1<\/p>\n<p>Las AUTODEFENSAS CONQUISTADORAS DE LA SIERRA, se permite informar a la opini\u00f3n p\u00fablica, nacional e internacional, que nuestras unidades en el departamento de la guajira han sido contactadas por grupos de extrema derecha de Venezuela, para\u2026 <a href=\"https:\/\/t.co\/AnbY0PI85c\">pic.twitter.com\/AnbY0PI85c<\/a><\/p>\n<p>\u2014 ACSN (@ACSN129068) <a href=\"https:\/\/twitter.com\/ACSN129068\/status\/1809309182367051921?ref_src=twsrc%5Etfw\" target=\"_blank\" rel=\"noopener\">July 5, 2024<\/a><\/p>\n<\/blockquote>\n<p>Detallan, que \u00ablos interlocutores han realizado todo tipo de peticiones, entre ellas, atentar contra la infraestructura el\u00e9ctrica, actuar en contra del presidente candidato Nicol\u00e1s Maduro, actuar en caso de que sea reelegido infiltr\u00e1ndonos en protestas y generando el caos en las calles\u00bb, acusan.<\/p>\n<p>En este sentido aclaran, que la organizaci\u00f3n \u00abno se involucra en asuntos internos de otros pa\u00edses, que nuestra organizaci\u00f3n se debe y tiene como prop\u00f3sito mantener el orden en la sierra nevada\u00bb.<\/p>\n<p>Adem\u00e1s dejan prestos a colaborar y contactar a las autoridades diplom\u00e1ticas de Venezuela para dar a conocer detalles de la informaci\u00f3n.<\/p>\n<\/div>\n<p><script async src=\"\/\/platform.twitter.com\/widgets.js\" charset=\"utf-8\"><\/script><br \/>\n<br \/><a href=\"https:\/\/noticiasaldiayalahora.co\/internacionales\/autodefensas-conquistadoras-de-la-sierra-advierten-que-sectores-extremistas-buscan-desestabilizar-venezuela\/\" class=\" target=\" title=\"Autodefensas Conquistadoras de la Sierra advierten que sectores extremistas buscan desestabilizar Venezuela\" target=\"_blank\" rel=\"noopener\">Ver fuente<\/a><\/p>\n","protected":false},"excerpt":{"rendered":"<p>Las Autodefensas Conquistadoras de la Sierra, emiti\u00f3 este viernes un comunicado, en el que develan que fueron contactados por \u00abgrupos de extrema derecha de Venezuela\u00bb, con el fin, dicen, de desestabilizar el Gobierno del presidente Nicol\u00e1s Maduro. \u00abSe permite informar a la opini\u00f3n p\u00fablica, nacional e internacional, que nuestras unidades en el departamento de la [&hellip;]<\/p>\n","protected":false},"author":2,"featured_media":10245,"comment_status":"open","ping_status":"closed","sticky":false,"template":"","format":"standard","meta":{"footnotes":""},"categories":[6],"tags":[],"class_list":["post-10244","post","type-post","status-publish","format-standard","has-post-thumbnail","hentry","category-internacionales"],"_links":{"self":[{"href":"https:\/\/enfoquenoticioso.com\/index.php?rest_route=\/wp\/v2\/posts\/10244","targetHints":{"allow":["GET"]}}],"collection":[{"href":"https:\/\/enfoquenoticioso.com\/index.php?rest_route=\/wp\/v2\/posts"}],"about":[{"href":"https:\/\/enfoquenoticioso.com\/index.php?rest_route=\/wp\/v2\/types\/post"}],"author":[{"embeddable":true,"href":"https:\/\/enfoquenoticioso.com\/index.php?rest_route=\/wp\/v2\/users\/2"}],"replies":[{"embeddable":true,"href":"https:\/\/enfoquenoticioso.com\/index.php?rest_route=%2Fwp%2Fv2%2Fcomments&post=10244"}],"version-history":[{"count":0,"href":"https:\/\/enfoquenoticioso.com\/index.php?rest_route=\/wp\/v2\/posts\/10244\/revisions"}],"wp:featuredmedia":[{"embeddable":true,"href":"https:\/\/enfoquenoticioso.com\/index.php?rest_route=\/wp\/v2\/media\/10245"}],"wp:attachment":[{"href":"https:\/\/enfoquenoticioso.com\/index.php?rest_route=%2Fwp%2Fv2%2Fmedia&parent=10244"}],"wp:term":[{"taxonomy":"category","embeddable":true,"href":"https:\/\/enfoquenoticioso.com\/index.php?rest_route=%2Fwp%2Fv2%2Fcategories&post=10244"},{"taxonomy":"post_tag","embeddable":true,"href":"https:\/\/enfoquenoticioso.com\/index.php?rest_route=%2Fwp%2Fv2%2Ftags&post=10244"}],"curies":[{"name":"wp","href":"https:\/\/api.w.org\/{rel}","templated":true}]}}