{"id":102806,"date":"2025-10-29T19:26:10","date_gmt":"2025-10-29T19:26:10","guid":{"rendered":"https:\/\/enfoquenoticioso.com\/?p=102806"},"modified":"2025-10-29T19:26:10","modified_gmt":"2025-10-29T19:26:10","slug":"el-comunicado-de-vinicius-jr-tras-la-polemica-que-se-genero-en-real-madrid-por-su-actitud-en-el-clasico-ante-barcelona","status":"publish","type":"post","link":"https:\/\/enfoquenoticioso.com\/?p=102806","title":{"rendered":"El comunicado de Vinicius Jr. tras la pol\u00e9mica que se gener\u00f3 en Real Madrid por su actitud en el cl\u00e1sico ante Barcelona"},"content":{"rendered":"<div>\n<p>El astro brasile\u00f1o utiliz\u00f3 sus redes sociales para pedir disculpas por su reacci\u00f3n tras ser sustituido<span id=\"more-568636\"\/><\/p>\n<p>por <strong>INFOBAE<\/strong><\/p>\n<p class=\"paragraph\" data-mrf-recirculation=\"Links inline\">La reacci\u00f3n de\u00a0<b>Vinicius Junior<\/b>\u00a0al ser sustituido durante el reciente Cl\u00e1sico entre el\u00a0<b>Real Madrid<\/b>\u00a0y el\u00a0<b>FC Barcelona<\/b>\u00a0provoc\u00f3\u00a0<b>una ola de comentarios y repercusiones\u00a0<\/b>en el entorno futbol\u00edstico. Tras ese episodio, el jugador brasile\u00f1o recurri\u00f3 a sus redes sociales para\u00a0<b>expresar su arrepentimiento por lo sucedido<\/b>\u00a0y dirigi\u00f3 un mensaje a la afici\u00f3n\u00a0<i>merengue<\/i>, as\u00ed como a sus compa\u00f1eros y altos mandos del club. Esta situaci\u00f3n se produjo tras la victoria del conjunto blanco por 2-1 en el estadio Santiago Bernab\u00e9u.<\/p>\n<p class=\"paragraph\" data-mrf-recirculation=\"Links inline\">El domingo pasado, cuando\u00a0<b>Xabi Alonso<\/b>\u00a0decidi\u00f3 reemplazar a Vinicius por\u00a0<b>Rodrygo<\/b>\u00a0en el minuto 72, las c\u00e1maras captaron\u00a0la airada reacci\u00f3n del delantero.\u00a0Entre gestos y gritos, el futbolista abandon\u00f3 el campo y se dirigi\u00f3 directamente hacia los vestuarios, sin pasar por el banquillo con el resto de los suplentes.\u00a0Seg\u00fan im\u00e1genes de la transmisi\u00f3n oficial de\u00a0<i>DAZN<\/i>, Vinicius mostr\u00f3 su incredulidad ante la decisi\u00f3n repitiendo:\u00a0<b>\u201c\u00bfYo? \u00bfYo? \u00a1M\u00edster, m\u00edster! \u00bfyo?\u201d\u00a0<\/b>delante del cuarto \u00e1rbitro.<\/p>\n<p class=\"paragraph\" data-mrf-recirculation=\"Links inline\">Las im\u00e1genes se viralizaron r\u00e1pidamente, con el brasile\u00f1o mostrando su malestar y despu\u00e9s, ya fuera del campo, refiri\u00e9ndose a su situaci\u00f3n con frases como:\u00a0<b>\u201csiempre yo, yo me voy del equipo. Me voy, mejor me voy\u201d<\/b>. El episodio llam\u00f3 la atenci\u00f3n dentro y fuera del vestuario, opacando en cierta medida el triunfo del Real Madrid sobre su m\u00e1ximo rival.<\/p>\n<p class=\"paragraph\" data-mrf-recirculation=\"Links inline\">A tres d\u00edas del partido,\u00a0<b>Vinicius Junior<\/b>\u00a0public\u00f3 un comunicado dirigido a la afici\u00f3n y a las principales figuras del club. En el mensaje, compartido a trav\u00e9s de su cuenta oficial de\u00a0<i>X<\/i>, el delantero declar\u00f3:\u00a0<b>\u201cHoy quiero pedir disculpas a todos los madridistas por mi reacci\u00f3n al ser sustituido en el Cl\u00e1sico\u201d.<\/b>\u00a0A\u00f1adi\u00f3 haber reiterado su disculpa de manera privada: \u201cAs\u00ed como ya lo he hecho en persona durante el entrenamiento de hoy, tambi\u00e9n quiero pedir disculpas nuevamente a mis compa\u00f1eros, club y presidente\u201d.<\/p>\n<div class=\"visual__image\"><picture><source srcset=\"https:\/\/www.infobae.com\/resizer\/v2\/YQX5TBREHRD37DGVXWWHJGJ3LY.jpg?auth=6fd5fde33dac572c3789b6ba68fdb673d061576ef41677a516dfa4dd6197fe02&amp;smart=true&amp;width=992&amp;height=778&amp;quality=85\" media=\"(min-width: 1000px)\"\/><source srcset=\"https:\/\/www.infobae.com\/resizer\/v2\/YQX5TBREHRD37DGVXWWHJGJ3LY.jpg?auth=6fd5fde33dac572c3789b6ba68fdb673d061576ef41677a516dfa4dd6197fe02&amp;smart=true&amp;width=768&amp;height=602&amp;quality=85\" media=\"(min-width: 768px)\"\/><source srcset=\"https:\/\/www.infobae.com\/resizer\/v2\/YQX5TBREHRD37DGVXWWHJGJ3LY.jpg?auth=6fd5fde33dac572c3789b6ba68fdb673d061576ef41677a516dfa4dd6197fe02&amp;smart=true&amp;width=577&amp;height=452&amp;quality=85\" media=\"(min-width: 580px)\"\/><source srcset=\"https:\/\/www.infobae.com\/resizer\/v2\/YQX5TBREHRD37DGVXWWHJGJ3LY.jpg?auth=6fd5fde33dac572c3789b6ba68fdb673d061576ef41677a516dfa4dd6197fe02&amp;smart=true&amp;width=420&amp;height=329&amp;quality=85\" media=\"(min-width: 350px)\"\/><source srcset=\"https:\/\/www.infobae.com\/resizer\/v2\/YQX5TBREHRD37DGVXWWHJGJ3LY.jpg?auth=6fd5fde33dac572c3789b6ba68fdb673d061576ef41677a516dfa4dd6197fe02&amp;smart=true&amp;width=350&amp;height=274&amp;quality=85\" media=\"(min-width: 80px)\"\/><img loading=\"lazy\" data-recalc-dims=\"1\" decoding=\"async\" class=\"global-image\" src=\"https:\/\/i0.wp.com\/www.infobae.com\/resizer\/v2\/YQX5TBREHRD37DGVXWWHJGJ3LY.jpg?resize=777%2C609&amp;ssl=1\" alt=\"\" width=\"777\" height=\"609\"\/><\/picture><\/div>\n<p class=\"paragraph\" data-mrf-recirculation=\"Links inline\">El jugador admiti\u00f3 que su impulso competitivo influy\u00f3 en su conducta:\u00a0<b>\u201cA veces la pasi\u00f3n me gana por querer siempre vencer y ayudar a mi equipo.<\/b> Mi car\u00e1cter competitivo nace del amor que siento por este club y por todo lo que representa\u201d. Concluy\u00f3 su mensaje garantizando su compromiso total con el equipo: \u201cPrometo seguir luchando cada segundo por el bien del Real Madrid, como lo he hecho desde el primer d\u00eda\u201d.<\/p>\n<p class=\"paragraph\" data-mrf-recirculation=\"Links inline\">De acuerdo con\u00a0<i>ESPN<\/i>, fuentes cercanas al club explicaron que\u00a0<b>el Real Madrid no tiene previsto sancionar al jugador\u00a0<\/b>por el incidente. Un portavoz del club declin\u00f3 hacer comentarios, remitiendo cualquier cuesti\u00f3n disciplinaria al \u00e1mbito interno de la instituci\u00f3n. Esta pol\u00edtica de discreci\u00f3n se sostiene pese a la elevada visibilidad p\u00fablica del caso y la repercusi\u00f3n medi\u00e1tica generada por la reacci\u00f3n del delantero.<\/p>\n<p class=\"paragraph\" data-mrf-recirculation=\"Links inline\">En declaraciones posteriores al partido,\u00a0<b>Xabi Alonso<\/b>\u00a0manifest\u00f3 su intenci\u00f3n de tratar el asunto de manera privada.\u00a0<b>\u201cHablaremos de ello\u201d,<\/b>\u00a0dijo el t\u00e9cnico al ser consultado por la prensa tras el encuentro, y agreg\u00f3: \u201cNo quiero desviar la atenci\u00f3n de lo que es importante. Vini ha contribuido mucho\u201d.<\/p>\n<p class=\"paragraph\" data-mrf-recirculation=\"Links inline\">La reacci\u00f3n de Vinicius, junto al contexto de su relaci\u00f3n con el cuerpo t\u00e9cnico, se produce en una temporada en la que Alonso<b>\u00a0ha dejado al atacante fuera del once inicial en tres ocasiones\u00a0<\/b>y las negociaciones para una renovaci\u00f3n de contrato se mantienen sin avances. Cabe destacar que el propio comunicado de Vinicius\u00a0<b>no menciona directamente al t\u00e9cnico ni al cuerpo t\u00e9cnico<\/b>\u00a0responsable del cambio que gener\u00f3 la discordia.<\/p>\n<p class=\"paragraph\" data-mrf-recirculation=\"Links inline\">Durante su regreso a la zona de banquillos tras el conflicto inicial,\u00a0Vinicius se vio involucrado en nuevos altercados\u00a0con jugadores del Barcelona, situaci\u00f3n que deriv\u00f3 en<b>\u00a0la amonestaci\u00f3n de cinco futbolistas, entre ellos el propio brasile\u00f1o<\/b>, y la expulsi\u00f3n de Andriy Lunin. Este incidente termin\u00f3 de definir el tono de una noche donde la tensi\u00f3n se mantuvo hasta el pitido final.<\/p>\n<p class=\"paragraph\" data-mrf-recirculation=\"Links inline\"><u>El comunicado completo de Vinicius Jr<\/u><\/p>\n<p class=\"paragraph\" data-mrf-recirculation=\"Links inline\"><i>\u201cHoy quiero pedir disculpas a todos los madridistas por mi reacci\u00f3n al ser sustituido en el Cl\u00e1sico.<\/i><\/p>\n<p class=\"paragraph\" data-mrf-recirculation=\"Links inline\"><i>As\u00ed como ya lo he hecho en persona durante el entrenamiento de hoy, tambi\u00e9n quiero pedir disculpas nuevamente a mis compa\u00f1eros, club y presidente.<\/i><\/p>\n<p class=\"paragraph\" data-mrf-recirculation=\"Links inline\"><i>A veces la pasi\u00f3n me gana por querer siempre vencer y ayudar a mi equipo. Mi car\u00e1cter competitivo nace del amor que siento por este club y por todo lo que representa.<\/i><\/p>\n<p class=\"paragraph\" data-mrf-recirculation=\"Links inline\"><i>Prometo seguir luchando cada segundo por el bien del Real Madrid, como lo he hecho desde el primer d\u00eda\u201d.<\/i><\/p>\n<\/p><\/div>\n<p><a href=\"https:\/\/noticiasaldiayalahora.co\/deportes\/el-comunicado-de-vinicius-jr-tras-la-polemica-que-se-genero-en-real-madrid-por-su-actitud-en-el-clasico-ante-barcelona\/\" class=\" target=\" title=\"El comunicado de Vinicius Jr. tras la pol\u00e9mica que se gener\u00f3 en Real Madrid por su actitud en el cl\u00e1sico ante Barcelona\" target=\"_blank\" rel=\"noopener\">Ver fuente<\/a><\/p>\n","protected":false},"excerpt":{"rendered":"<p>El astro brasile\u00f1o utiliz\u00f3 sus redes sociales para pedir disculpas por su reacci\u00f3n tras ser sustituido por INFOBAE La reacci\u00f3n de\u00a0Vinicius Junior\u00a0al ser sustituido durante el reciente Cl\u00e1sico entre el\u00a0Real Madrid\u00a0y el\u00a0FC Barcelona\u00a0provoc\u00f3\u00a0una ola de comentarios y repercusiones\u00a0en el entorno futbol\u00edstico. Tras ese episodio, el jugador brasile\u00f1o recurri\u00f3 a sus redes sociales para\u00a0expresar su arrepentimiento [&hellip;]<\/p>\n","protected":false},"author":2,"featured_media":102807,"comment_status":"open","ping_status":"closed","sticky":false,"template":"","format":"standard","meta":{"footnotes":""},"categories":[1],"tags":[],"class_list":["post-102806","post","type-post","status-publish","format-standard","has-post-thumbnail","hentry","category-noticias"],"_links":{"self":[{"href":"https:\/\/enfoquenoticioso.com\/index.php?rest_route=\/wp\/v2\/posts\/102806","targetHints":{"allow":["GET"]}}],"collection":[{"href":"https:\/\/enfoquenoticioso.com\/index.php?rest_route=\/wp\/v2\/posts"}],"about":[{"href":"https:\/\/enfoquenoticioso.com\/index.php?rest_route=\/wp\/v2\/types\/post"}],"author":[{"embeddable":true,"href":"https:\/\/enfoquenoticioso.com\/index.php?rest_route=\/wp\/v2\/users\/2"}],"replies":[{"embeddable":true,"href":"https:\/\/enfoquenoticioso.com\/index.php?rest_route=%2Fwp%2Fv2%2Fcomments&post=102806"}],"version-history":[{"count":0,"href":"https:\/\/enfoquenoticioso.com\/index.php?rest_route=\/wp\/v2\/posts\/102806\/revisions"}],"wp:featuredmedia":[{"embeddable":true,"href":"https:\/\/enfoquenoticioso.com\/index.php?rest_route=\/wp\/v2\/media\/102807"}],"wp:attachment":[{"href":"https:\/\/enfoquenoticioso.com\/index.php?rest_route=%2Fwp%2Fv2%2Fmedia&parent=102806"}],"wp:term":[{"taxonomy":"category","embeddable":true,"href":"https:\/\/enfoquenoticioso.com\/index.php?rest_route=%2Fwp%2Fv2%2Fcategories&post=102806"},{"taxonomy":"post_tag","embeddable":true,"href":"https:\/\/enfoquenoticioso.com\/index.php?rest_route=%2Fwp%2Fv2%2Ftags&post=102806"}],"curies":[{"name":"wp","href":"https:\/\/api.w.org\/{rel}","templated":true}]}}