{"id":10424,"date":"2024-07-07T13:18:49","date_gmt":"2024-07-07T13:18:49","guid":{"rendered":"https:\/\/enfoquenoticioso.com\/sucesos\/rescataron-en-tachira-a-dos-ninas-que-se-fugaron-de-su-casa-para-irse-a-colombia-alegan-maltrato-familiar\/"},"modified":"2024-07-07T13:18:49","modified_gmt":"2024-07-07T13:18:49","slug":"rescataron-en-tachira-a-dos-ninas-que-se-fugaron-de-su-casa-para-irse-a-colombia-alegan-maltrato-familiar","status":"publish","type":"post","link":"https:\/\/enfoquenoticioso.com\/?p=10424","title":{"rendered":"Rescataron en T\u00e1chira a dos ni\u00f1as que se fugaron de su casa para irse a Colombia: Alegan maltrato familiar"},"content":{"rendered":"<div>\n<p>Funcionarios del Cuerpo de Investigaciones Cient\u00edficas, Penales y Criminal\u00edsticas (Cicpc) rescataron sanas y salvas a dos ni\u00f1as de 12 y 14 a\u00f1os que se fugaron de su casa en el estado\u00a0T\u00e1chira\u00a0con el objetivo de irse a Colombia, alegando presunto maltrato familiar.<span id=\"more-532241\"\/><\/p>\n<p>El comisario Douglas Rico indic\u00f3 que comisiones en San Crist\u00f3bal recibieron la denuncia de desaparici\u00f3n de las dos j\u00f3venes. Ambas estaban extraviadas desde el 28 de mayo. Ambas hacen vida en el sector Genaro M\u00e9ndez de la parroquia La Concordia, perteneciente al municipio San Crist\u00f3bal.<\/p>\n<p>Tras ello, llevaron a cabo un amplio operativo que condujo a la ubicaci\u00f3n de las dos menores de edad la tarde del 5 de julio, es decir, m\u00e1s de un mes despu\u00e9s. Afortunadamente, no presentaron ning\u00fan tipo de da\u00f1o.<\/p>\n<p>En concreto, las localizaron en el sector Las Mercedes del caser\u00edo Dora Alarc\u00f3n, parroquia Santa Ana, municipio C\u00f3rdoba de la entidad tachirense. Seg\u00fan Rico, estaban en la vivienda de un familiar lejano de una de las j\u00f3venes.<\/p>\n<p>\u00abAprovecharon las condiciones del lugar para refugiarse por un tiempo determinado, con la intenci\u00f3n de luego marcharse del pa\u00eds hacia la Rep\u00fablica de Colombia\u00bb, revel\u00f3 el comisario.<\/p>\n<div id=\"ez-toc-container\" class=\"ez-toc-v2_0_81 counter-hierarchy ez-toc-counter ez-toc-grey ez-toc-container-direction\">\n<div class=\"ez-toc-title-container\">\n<p class=\"ez-toc-title\" style=\"cursor:inherit\">Tabla de Contenido<\/p>\n<span class=\"ez-toc-title-toggle\"><a href=\"#\" class=\"ez-toc-pull-right ez-toc-btn ez-toc-btn-xs ez-toc-btn-default ez-toc-toggle\" aria-label=\"Alternar tabla de contenidos\"><span class=\"ez-toc-js-icon-con\"><span class=\"\"><span class=\"eztoc-hide\" style=\"display:none;\">Toggle<\/span><span class=\"ez-toc-icon-toggle-span\"><svg style=\"fill: #999;color:#999\" xmlns=\"http:\/\/www.w3.org\/2000\/svg\" class=\"list-377408\" width=\"20px\" height=\"20px\" viewBox=\"0 0 24 24\" fill=\"none\"><path d=\"M6 6H4v2h2V6zm14 0H8v2h12V6zM4 11h2v2H4v-2zm16 0H8v2h12v-2zM4 16h2v2H4v-2zm16 0H8v2h12v-2z\" fill=\"currentColor\"><\/path><\/svg><svg style=\"fill: #999;color:#999\" class=\"arrow-unsorted-368013\" xmlns=\"http:\/\/www.w3.org\/2000\/svg\" width=\"10px\" height=\"10px\" viewBox=\"0 0 24 24\" version=\"1.2\" baseProfile=\"tiny\"><path d=\"M18.2 9.3l-6.2-6.3-6.2 6.3c-.2.2-.3.4-.3.7s.1.5.3.7c.2.2.4.3.7.3h11c.3 0 .5-.1.7-.3.2-.2.3-.5.3-.7s-.1-.5-.3-.7zM5.8 14.7l6.2 6.3 6.2-6.3c.2-.2.3-.5.3-.7s-.1-.5-.3-.7c-.2-.2-.4-.3-.7-.3h-11c-.3 0-.5.1-.7.3-.2.2-.3.5-.3.7s.1.5.3.7z\"\/><\/svg><\/span><\/span><\/span><\/a><\/span><\/div>\n<nav><ul class='ez-toc-list ez-toc-list-level-1 ' ><li class='ez-toc-page-1 ez-toc-heading-level-3'><a class=\"ez-toc-link ez-toc-heading-1\" href=\"https:\/\/enfoquenoticioso.com\/?p=10424\/#EL_PRESUNTO_MALTRATO_LA_RAZON_DE_LA_HUIDA\" >EL PRESUNTO MALTRATO, LA RAZ\u00d3N DE LA HU\u00cdDA<\/a><ul class='ez-toc-list-level-4' ><li class='ez-toc-heading-level-4'><a class=\"ez-toc-link ez-toc-heading-2\" href=\"https:\/\/enfoquenoticioso.com\/?p=10424\/#Sigue_al_canal_de_noticias_en_Whatsaap\" >Sigue al canal de noticias en Whatsaap\u00a0<\/a><\/li><\/ul><\/li><\/ul><\/nav><\/div>\n<h3 id=\"el-presunto-maltrato-la-razon-de-la-huida\" class=\"rb-heading-index-1\"><span class=\"ez-toc-section\" id=\"EL_PRESUNTO_MALTRATO_LA_RAZON_DE_LA_HUIDA\"><\/span>EL PRESUNTO MALTRATO, LA RAZ\u00d3N DE LA HU\u00cdDA<span class=\"ez-toc-section-end\"><\/span><\/h3>\n<p>Al realiz\u00e1rsele una entrevista a las infantes, se supo que las ni\u00f1as hab\u00edan planeado escaparse de su hogar alegando la \u00abmala convivencia familiar\u00bb que ten\u00edan. Asimismo, expresaron su deseo de no retornar pues tem\u00edan ser v\u00edctimas de maltratos f\u00edsicos por parte de sus familiares directos.<\/p>\n<p>\u00abSin embargo, al ser ubicadas, fueron evaluadas por el personal de salud, determin\u00e1ndose que se encuentran en buen estado f\u00edsico, sin presentar signos de violencia\u00bb, acot\u00f3 Rico.<\/p>\n<p>En vista de ello, el caso pas\u00f3 a la orden del Ministerio P\u00fablico y el Consejo de Protecci\u00f3n para estudiarse m\u00e1s a fondo.<\/p>\n<h4><span class=\"ez-toc-section\" id=\"Sigue_al_canal_de_noticias_en_Whatsaap\"><\/span><strong><a href=\"https:\/\/whatsapp.com\/channel\/0029VaDXFnLId7nFFiDdVI26?fbclid=IwAR1LnVJqcByTELJH4Ht086FYRmdx18pRnV7CrkzmTJ5JaLHYY0igukfL9Yk\" target=\"_blank\" rel=\"noopener\">Sigue al canal de noticias en Whatsaap\u00a0<\/a><\/strong><span class=\"ez-toc-section-end\"><\/span><\/h4>\n<\/div>\n<p><a href=\"https:\/\/noticiasaldiayalahora.co\/sucesos\/rescataron-en-tachira-a-dos-ninas-que-se-fugaron-de-su-casa-para-irse-a-colombia-alegan-maltrato-familiar\/\" class=\" target=\" title=\"Rescataron en T\u00e1chira a dos ni\u00f1as que se fugaron de su casa para irse a Colombia: Alegan maltrato familiar\" target=\"_blank\" rel=\"noopener\">Ver fuente<\/a><\/p>\n","protected":false},"excerpt":{"rendered":"<p>Funcionarios del Cuerpo de Investigaciones Cient\u00edficas, Penales y Criminal\u00edsticas (Cicpc) rescataron sanas y salvas a dos ni\u00f1as de 12 y 14 a\u00f1os que se fugaron de su casa en el estado\u00a0T\u00e1chira\u00a0con el objetivo de irse a Colombia, alegando presunto maltrato familiar. El comisario Douglas Rico indic\u00f3 que comisiones en San Crist\u00f3bal recibieron la denuncia de [&hellip;]<\/p>\n","protected":false},"author":2,"featured_media":10425,"comment_status":"open","ping_status":"closed","sticky":false,"template":"","format":"standard","meta":{"footnotes":""},"categories":[5],"tags":[],"class_list":["post-10424","post","type-post","status-publish","format-standard","has-post-thumbnail","hentry","category-sucesos"],"_links":{"self":[{"href":"https:\/\/enfoquenoticioso.com\/index.php?rest_route=\/wp\/v2\/posts\/10424","targetHints":{"allow":["GET"]}}],"collection":[{"href":"https:\/\/enfoquenoticioso.com\/index.php?rest_route=\/wp\/v2\/posts"}],"about":[{"href":"https:\/\/enfoquenoticioso.com\/index.php?rest_route=\/wp\/v2\/types\/post"}],"author":[{"embeddable":true,"href":"https:\/\/enfoquenoticioso.com\/index.php?rest_route=\/wp\/v2\/users\/2"}],"replies":[{"embeddable":true,"href":"https:\/\/enfoquenoticioso.com\/index.php?rest_route=%2Fwp%2Fv2%2Fcomments&post=10424"}],"version-history":[{"count":0,"href":"https:\/\/enfoquenoticioso.com\/index.php?rest_route=\/wp\/v2\/posts\/10424\/revisions"}],"wp:featuredmedia":[{"embeddable":true,"href":"https:\/\/enfoquenoticioso.com\/index.php?rest_route=\/wp\/v2\/media\/10425"}],"wp:attachment":[{"href":"https:\/\/enfoquenoticioso.com\/index.php?rest_route=%2Fwp%2Fv2%2Fmedia&parent=10424"}],"wp:term":[{"taxonomy":"category","embeddable":true,"href":"https:\/\/enfoquenoticioso.com\/index.php?rest_route=%2Fwp%2Fv2%2Fcategories&post=10424"},{"taxonomy":"post_tag","embeddable":true,"href":"https:\/\/enfoquenoticioso.com\/index.php?rest_route=%2Fwp%2Fv2%2Ftags&post=10424"}],"curies":[{"name":"wp","href":"https:\/\/api.w.org\/{rel}","templated":true}]}}