{"id":104498,"date":"2025-11-06T13:22:28","date_gmt":"2025-11-06T13:22:28","guid":{"rendered":"https:\/\/enfoquenoticioso.com\/?p=104498"},"modified":"2025-11-06T13:22:28","modified_gmt":"2025-11-06T13:22:28","slug":"lionel-messi-recibio-la-llave-de-la-ciudad-de-miami-durante-el-america-business-forum","status":"publish","type":"post","link":"https:\/\/enfoquenoticioso.com\/?p=104498","title":{"rendered":"Lionel Messi recibi\u00f3 la llave de la ciudad de Miami durante el America Business Forum"},"content":{"rendered":"<div>\n<p>El argentino fue homenajeado por el alcalde Francis Suarez por su impacto en la comunidad y en el crecimiento deportivo local<span id=\"more-569260\"\/><\/p>\n<p>por <strong>INFOBAE<\/strong><\/p>\n<p class=\"paragraph\" data-mrf-recirculation=\"Links inline\">El futbolista argentino\u00a0<b>Lionel Messi<\/b>\u00a0recibi\u00f3 la\u00a0<b>llave de la ciudad de Miami<\/b>\u00a0durante el\u00a0<b>America Business Forum<\/b>, en una ceremonia llena de emoci\u00f3n que reuni\u00f3 a personalidades del deporte, la pol\u00edtica y los negocios.<\/p>\n<p class=\"paragraph\" data-mrf-recirculation=\"Links inline\">El evento tuvo lugar en el Kaseya Center y cont\u00f3 con la presencia de figuras como el presidente\u00a0<b>Donald Trump<\/b>, el alcalde de\u00a0<b>Miami<\/b>\u00a0<b>Francis Suarez<\/b>\u00a0y la opositora venezolana\u00a0<b>Mar\u00eda Corina Machado<\/b>, quien se conect\u00f3 de manera remota, seg\u00fan report\u00f3\u00a0<i>Miami New Times<\/i>.<\/p>\n<p class=\"paragraph\" data-mrf-recirculation=\"Links inline\">El reconocimiento a\u00a0<b>Messi<\/b>\u00a0se produjo al final de una entrevista realizada por\u00a0<b>Suarez<\/b>, en la que el capit\u00e1n del\u00a0<b>Inter Miami<\/b>\u00a0y campe\u00f3n mundial con\u00a0<b>Argentina<\/b> repas\u00f3 los puntos m\u00e1s importantes de su carrera y su vida personal.<\/p>\n<p class=\"paragraph\" data-mrf-recirculation=\"Links inline\">El momento m\u00e1s emotivo lleg\u00f3 cuando el alcalde entreg\u00f3 la distinci\u00f3n y el futbolista, visiblemente conmovido, agradeci\u00f3: diciendo: \u201cme siento muy honrado por esto. Nos sentimos muy queridos, agradecidos y felices de vivir en esta ciudad. Tener esta distinci\u00f3n es un honor muy grande\u201d.<\/p>\n<div class=\"visual__image\"><picture><source srcset=\"https:\/\/www.infobae.com\/resizer\/v2\/JDBV5GHSYRHM7ED6BFFDJAAERA.JPG?auth=7ebfb8d527a73a681c7d52496798ed3bcbba2660fde6e7347f3e4c56fe2a2b09&amp;smart=true&amp;width=992&amp;height=661&amp;quality=85\" media=\"(min-width: 1000px)\"\/><source srcset=\"https:\/\/www.infobae.com\/resizer\/v2\/JDBV5GHSYRHM7ED6BFFDJAAERA.JPG?auth=7ebfb8d527a73a681c7d52496798ed3bcbba2660fde6e7347f3e4c56fe2a2b09&amp;smart=true&amp;width=768&amp;height=512&amp;quality=85\" media=\"(min-width: 768px)\"\/><source srcset=\"https:\/\/www.infobae.com\/resizer\/v2\/JDBV5GHSYRHM7ED6BFFDJAAERA.JPG?auth=7ebfb8d527a73a681c7d52496798ed3bcbba2660fde6e7347f3e4c56fe2a2b09&amp;smart=true&amp;width=577&amp;height=385&amp;quality=85\" media=\"(min-width: 580px)\"\/><source srcset=\"https:\/\/www.infobae.com\/resizer\/v2\/JDBV5GHSYRHM7ED6BFFDJAAERA.JPG?auth=7ebfb8d527a73a681c7d52496798ed3bcbba2660fde6e7347f3e4c56fe2a2b09&amp;smart=true&amp;width=420&amp;height=280&amp;quality=85\" media=\"(min-width: 350px)\"\/><source srcset=\"https:\/\/www.infobae.com\/resizer\/v2\/JDBV5GHSYRHM7ED6BFFDJAAERA.JPG?auth=7ebfb8d527a73a681c7d52496798ed3bcbba2660fde6e7347f3e4c56fe2a2b09&amp;smart=true&amp;width=350&amp;height=233&amp;quality=85\" media=\"(min-width: 80px)\"\/><img loading=\"lazy\" data-recalc-dims=\"1\" decoding=\"async\" class=\"global-image\" src=\"https:\/\/i0.wp.com\/www.infobae.com\/resizer\/v2\/JDBV5GHSYRHM7ED6BFFDJAAERA.JPG?resize=777%2C518&amp;ssl=1\" alt=\"El futbolista argentino comparti\u00f3 recuerdos\" width=\"777\" height=\"518\"\/><\/picture>El futbolista argentino comparti\u00f3 recuerdos de su infancia en Rosario y los desaf\u00edos de su traslado a Barcelona. (REUTERS\/Marco Bello)<\/div>\n<p class=\"paragraph\" data-mrf-recirculation=\"Links inline\">El foro empresarial, seg\u00fan detall\u00f3\u00a0<i>Miami New Times<\/i>, congreg\u00f3 a figuras de diversos sectores. Sin embargo, la participaci\u00f3n de\u00a0<b>Messi<\/b>\u00a0gener\u00f3 la mayor expectaci\u00f3n. Durante su charla, el jugador repas\u00f3 su infancia en Rosario, el paso por el\u00a0<b>F\u00fatbol Club Barcelona<\/b>, la transici\u00f3n al\u00a0<b>Paris Saint-Germain (PSG)<\/b> y el desaf\u00edo de emigrar a temprana edad: \u201cno fue f\u00e1cil. M\u00e1s all\u00e1 de que siempre estuve acompa\u00f1ado, fue un cambio muy grande para m\u00ed. Era todo nuevo\u2026 nosotros ten\u00edamos la vida en Rosario. Era empezar de cero\u201d, relat\u00f3.<\/p>\n<p class=\"paragraph\" data-mrf-recirculation=\"Links inline\">El futbolista tambi\u00e9n reflexion\u00f3 sobre el significado de levantar la\u00a0<b>Copa del Mundo<\/b>\u00a0en\u00a0<b>Qatar 2022<\/b>: \u201ces dif\u00edcil de explicar y encontrar las palabras lo que signific\u00f3 ese t\u00edtulo a nivel personal, de familia, compa\u00f1eros y pa\u00eds. Para m\u00ed fue especial porque para un jugador ganar el mundial es lo m\u00e1ximo. No hay m\u00e1s\u201d, expres\u00f3\u00a0<b>Messi<\/b>\u00a0en la entrevista recogida por el medio estadounidense. El deportista subray\u00f3 la importancia de estos logros al compararlos con sus experiencias m\u00e1s personales: \u201ctuve la misma sensaci\u00f3n que cuando nacieron mis hijos\u201d.<\/p>\n<p class=\"paragraph\" data-mrf-recirculation=\"Links inline\">El di\u00e1logo incluy\u00f3 referencias a las dificultades que enfrent\u00f3 por su carrera y a los sacrificios familiares. \u201cMe perd\u00ed cumplea\u00f1os o fiestas por estar en partidos o concentraciones. Ahora disfruto de esos peque\u00f1os momentos que antes no pod\u00eda\u201d, reconoci\u00f3\u00a0<b>Messi<\/b>, quien tambi\u00e9n valor\u00f3 la posibilidad de acompa\u00f1ar a sus hijos en sus actividades deportivas.<\/p>\n<div class=\"visual__image\"><picture><source srcset=\"https:\/\/www.infobae.com\/resizer\/v2\/4JC52JLMFFFT3C4D3NOCN4VPFI.JPG?auth=36890178d71083c16b5a3405d0291245fcc961ebde55bb1f640fcb1dd2154068&amp;smart=true&amp;width=992&amp;height=661&amp;quality=85\" media=\"(min-width: 1000px)\"\/><source srcset=\"https:\/\/www.infobae.com\/resizer\/v2\/4JC52JLMFFFT3C4D3NOCN4VPFI.JPG?auth=36890178d71083c16b5a3405d0291245fcc961ebde55bb1f640fcb1dd2154068&amp;smart=true&amp;width=768&amp;height=512&amp;quality=85\" media=\"(min-width: 768px)\"\/><source srcset=\"https:\/\/www.infobae.com\/resizer\/v2\/4JC52JLMFFFT3C4D3NOCN4VPFI.JPG?auth=36890178d71083c16b5a3405d0291245fcc961ebde55bb1f640fcb1dd2154068&amp;smart=true&amp;width=577&amp;height=385&amp;quality=85\" media=\"(min-width: 580px)\"\/><source srcset=\"https:\/\/www.infobae.com\/resizer\/v2\/4JC52JLMFFFT3C4D3NOCN4VPFI.JPG?auth=36890178d71083c16b5a3405d0291245fcc961ebde55bb1f640fcb1dd2154068&amp;smart=true&amp;width=420&amp;height=280&amp;quality=85\" media=\"(min-width: 350px)\"\/><source srcset=\"https:\/\/www.infobae.com\/resizer\/v2\/4JC52JLMFFFT3C4D3NOCN4VPFI.JPG?auth=36890178d71083c16b5a3405d0291245fcc961ebde55bb1f640fcb1dd2154068&amp;smart=true&amp;width=350&amp;height=233&amp;quality=85\" media=\"(min-width: 80px)\"\/><img loading=\"lazy\" data-recalc-dims=\"1\" decoding=\"async\" class=\"global-image\" src=\"https:\/\/i0.wp.com\/www.infobae.com\/resizer\/v2\/4JC52JLMFFFT3C4D3NOCN4VPFI.JPG?resize=777%2C518&amp;ssl=1\" alt=\"Ante un p\u00fablico que core\u00f3\" width=\"777\" height=\"518\"\/><\/picture>Ante un p\u00fablico que core\u00f3 su nombre, Messi reflexion\u00f3 sobre su carrera y el significado personal de ganar la Copa del Mundo en 2022. (REUTERS\/Marco Bello)<\/div>\n<p class=\"paragraph\" data-mrf-recirculation=\"Links inline\">Para el exjugador del\u00a0<b>Barcelona<\/b>, el traslado a\u00a0<b>Miami<\/b>\u00a0respondi\u00f3 a una decisi\u00f3n consensuada con su familia y marc\u00f3 una diferencia positiva respecto a otras etapas profesionales. \u201cCreo que significa mucho elegir d\u00f3nde uno quiere estar y poder hacerlo. Desde que llegu\u00e9 ac\u00e1 fue espectacular. Primero, vivir en esta ciudad incre\u00edble. Y despu\u00e9s, el cari\u00f1o de toda la gente, que desde el primer d\u00eda fue impresionante\u201d, asegur\u00f3 el delantero.<\/p>\n<p class=\"paragraph\" data-mrf-recirculation=\"Links inline\">En el plano profesional,\u00a0<b>Messi<\/b>\u00a0se refiri\u00f3 al crecimiento del f\u00fatbol en los Estados Unidos y resalt\u00f3 que \u201cla MLS hizo un cambio importante. Tenemos la suerte de jugar con los estadios llenos en todos lados. El f\u00fatbol creci\u00f3 much\u00edsimo y se refleja cada fin de semana\u201d. El jugador anticip\u00f3 que el pr\u00f3ximo Mundial ser\u00e1 un hito: \u201cel Mundial 2026 ser\u00e1 extraordinario por lo que Estados Unidos es capaz\u201d.<\/p>\n<p class=\"paragraph\" data-mrf-recirculation=\"Links inline\">Messi revel\u00f3 tambi\u00e9n su inter\u00e9s en el mundo empresarial: \u201ctengo una larga trayectoria deportiva, que en alg\u00fan momento se termina y me gustar\u00eda empezar a ver qu\u00e9 se puede hacer, para d\u00f3nde arrancar. El tema empresarial es algo que me interesa. Me gustar\u00eda seguir aprendiendo porque no s\u00e9 nada y estoy arrancando en esto\u201d.<\/p>\n<\/p><\/div>\n<p><a href=\"https:\/\/noticiasaldiayalahora.co\/deportes\/lionel-messi-recibio-la-llave-de-la-ciudad-de-miami-durante-el-america-business-forum\/\" class=\" target=\" title=\"Lionel Messi recibi\u00f3 la llave de la ciudad de Miami durante el America Business Forum\" target=\"_blank\" rel=\"noopener\">Ver fuente<\/a><\/p>\n","protected":false},"excerpt":{"rendered":"<p>El argentino fue homenajeado por el alcalde Francis Suarez por su impacto en la comunidad y en el crecimiento deportivo local por INFOBAE El futbolista argentino\u00a0Lionel Messi\u00a0recibi\u00f3 la\u00a0llave de la ciudad de Miami\u00a0durante el\u00a0America Business Forum, en una ceremonia llena de emoci\u00f3n que reuni\u00f3 a personalidades del deporte, la pol\u00edtica y los negocios. El evento [&hellip;]<\/p>\n","protected":false},"author":2,"featured_media":104499,"comment_status":"open","ping_status":"closed","sticky":false,"template":"","format":"standard","meta":{"footnotes":""},"categories":[1],"tags":[],"class_list":["post-104498","post","type-post","status-publish","format-standard","has-post-thumbnail","hentry","category-noticias"],"_links":{"self":[{"href":"https:\/\/enfoquenoticioso.com\/index.php?rest_route=\/wp\/v2\/posts\/104498","targetHints":{"allow":["GET"]}}],"collection":[{"href":"https:\/\/enfoquenoticioso.com\/index.php?rest_route=\/wp\/v2\/posts"}],"about":[{"href":"https:\/\/enfoquenoticioso.com\/index.php?rest_route=\/wp\/v2\/types\/post"}],"author":[{"embeddable":true,"href":"https:\/\/enfoquenoticioso.com\/index.php?rest_route=\/wp\/v2\/users\/2"}],"replies":[{"embeddable":true,"href":"https:\/\/enfoquenoticioso.com\/index.php?rest_route=%2Fwp%2Fv2%2Fcomments&post=104498"}],"version-history":[{"count":0,"href":"https:\/\/enfoquenoticioso.com\/index.php?rest_route=\/wp\/v2\/posts\/104498\/revisions"}],"wp:featuredmedia":[{"embeddable":true,"href":"https:\/\/enfoquenoticioso.com\/index.php?rest_route=\/wp\/v2\/media\/104499"}],"wp:attachment":[{"href":"https:\/\/enfoquenoticioso.com\/index.php?rest_route=%2Fwp%2Fv2%2Fmedia&parent=104498"}],"wp:term":[{"taxonomy":"category","embeddable":true,"href":"https:\/\/enfoquenoticioso.com\/index.php?rest_route=%2Fwp%2Fv2%2Fcategories&post=104498"},{"taxonomy":"post_tag","embeddable":true,"href":"https:\/\/enfoquenoticioso.com\/index.php?rest_route=%2Fwp%2Fv2%2Ftags&post=104498"}],"curies":[{"name":"wp","href":"https:\/\/api.w.org\/{rel}","templated":true}]}}