{"id":104536,"date":"2025-11-06T15:57:49","date_gmt":"2025-11-06T15:57:49","guid":{"rendered":"https:\/\/enfoquenoticioso.com\/?p=104536"},"modified":"2025-11-06T15:57:49","modified_gmt":"2025-11-06T15:57:49","slug":"mario-lisson-asume-como-manager-interino","status":"publish","type":"post","link":"https:\/\/enfoquenoticioso.com\/?p=104536","title":{"rendered":"Mario Lisson asume como manager interino"},"content":{"rendered":"<div>\n<p>Los Navegantes del Magallanes anunciaron la madrugada de este jueves la desvinculaci\u00f3n de Eduardo P\u00e9rez como m\u00e1nager del equipo,\u00a0una decisi\u00f3n que, seg\u00fan el comunicado oficial, se tom\u00f3 \u201cpor mutuo acuerdo\u201d.\u00a0En su lugar asumir\u00e1 de manera interina Mario Liss\u00f3n, quien hasta ahora se desempe\u00f1aba como coach de banca.<span id=\"more-569275\"\/><\/p>\n<p>El anuncio\u00a0se produjo pocas horas despu\u00e9s de la derrota 10-4 frente a los Bravos de Margarita,\u00a0que complet\u00f3 la barrida en la serie de dos encuentros disputados en el Estadio Jos\u00e9 Bernardo P\u00e9rez de Valencia.<\/p>\n<p>Con ese resultado,\u00a0Magallanes acumul\u00f3 su tercera ca\u00edda consecutiva y descendi\u00f3 al \u00faltimo lugar de la tabla con r\u00e9cord de 5-11,\u00a0a 2.5 juegos del play in y a 5.5 del liderato.<\/p>\n<p>\u201cEstamos muy agradecidos con Eduardo por todo su aporte, por su caballerosidad y por su profesionalismo\u201d,\u00a0expres\u00f3 Federico Rojas, gerente deportivo de los Navegantes.<\/p>\n<p>Y agreg\u00f3:\u00a0\u201cFue una persona genuina que se entreg\u00f3 al cien por ciento con el Magallanes\u201d,\u00a0a\u00f1adi\u00f3 el directivo sobre el primer estratega que deja su cargo en la presente temporada de la Liga Venezolana de B\u00e9isbol Profesional (Lvbp).<\/p>\n<p>Durante su gesti\u00f3n,\u00a0P\u00e9rez dej\u00f3 balance de 34-38\u00a0en ronda eliminatoria entre las dos campa\u00f1as que dirigi\u00f3 al equipo.<\/p>\n<p>En la pasada temporada logr\u00f3 regresar al club a la postemporada, luego de una zafra de ausencia,\u00a0aunque el conjunto finaliz\u00f3 con marca de 6-10 en el Round Robin.<\/p>\n<p>Mario Liss\u00f3n, de 41 a\u00f1os, debutar\u00e1 como m\u00e1nager en la Lvbp este mismo jueves,\u00a0cuando Magallanes enfrente a las \u00c1guilas del Zulia.<\/p>\n<p>El expelotero llega con experiencia en el sistema de ligas menores de los Nacionales de Washington,\u00a0donde fungi\u00f3 como coach de desarrollo del Rochester Red Wings, filial Triple A.<\/p>\n<p>Los filibusteros cerraron la jornada del mi\u00e9rcoles con los peores registros del circuito en carreras anotadas (64), extrabases (36),\u00a0promedio de bateo (.232), OBP (.333), slugging (.346) y OPS (.679). Tambi\u00e9n figuran, junto a Cardenales de Lara, como los conjuntos con m\u00e1s corredores dejados en base (130).\u00a0Con hombres en posici\u00f3n anotadora, su promedio se reduce a .207, el m\u00e1s bajo del campeonato.<\/p>\n<p>\u00a0<\/p>\n<\/p><\/div>\n<p><a href=\"https:\/\/noticiasaldiayalahora.co\/deportes\/magallanes-despidio-a-eduardo-perez-mario-lisson-asume-como-manager-interino\/\" class=\" target=\" title=\"Mario Lisson asume como manager interino\" target=\"_blank\" rel=\"noopener\">Ver fuente<\/a><\/p>\n","protected":false},"excerpt":{"rendered":"<p>Los Navegantes del Magallanes anunciaron la madrugada de este jueves la desvinculaci\u00f3n de Eduardo P\u00e9rez como m\u00e1nager del equipo,\u00a0una decisi\u00f3n que, seg\u00fan el comunicado oficial, se tom\u00f3 \u201cpor mutuo acuerdo\u201d.\u00a0En su lugar asumir\u00e1 de manera interina Mario Liss\u00f3n, quien hasta ahora se desempe\u00f1aba como coach de banca. El anuncio\u00a0se produjo pocas horas despu\u00e9s de la [&hellip;]<\/p>\n","protected":false},"author":2,"featured_media":104537,"comment_status":"open","ping_status":"closed","sticky":false,"template":"","format":"standard","meta":{"footnotes":""},"categories":[1],"tags":[],"class_list":["post-104536","post","type-post","status-publish","format-standard","has-post-thumbnail","hentry","category-noticias"],"_links":{"self":[{"href":"https:\/\/enfoquenoticioso.com\/index.php?rest_route=\/wp\/v2\/posts\/104536","targetHints":{"allow":["GET"]}}],"collection":[{"href":"https:\/\/enfoquenoticioso.com\/index.php?rest_route=\/wp\/v2\/posts"}],"about":[{"href":"https:\/\/enfoquenoticioso.com\/index.php?rest_route=\/wp\/v2\/types\/post"}],"author":[{"embeddable":true,"href":"https:\/\/enfoquenoticioso.com\/index.php?rest_route=\/wp\/v2\/users\/2"}],"replies":[{"embeddable":true,"href":"https:\/\/enfoquenoticioso.com\/index.php?rest_route=%2Fwp%2Fv2%2Fcomments&post=104536"}],"version-history":[{"count":0,"href":"https:\/\/enfoquenoticioso.com\/index.php?rest_route=\/wp\/v2\/posts\/104536\/revisions"}],"wp:featuredmedia":[{"embeddable":true,"href":"https:\/\/enfoquenoticioso.com\/index.php?rest_route=\/wp\/v2\/media\/104537"}],"wp:attachment":[{"href":"https:\/\/enfoquenoticioso.com\/index.php?rest_route=%2Fwp%2Fv2%2Fmedia&parent=104536"}],"wp:term":[{"taxonomy":"category","embeddable":true,"href":"https:\/\/enfoquenoticioso.com\/index.php?rest_route=%2Fwp%2Fv2%2Fcategories&post=104536"},{"taxonomy":"post_tag","embeddable":true,"href":"https:\/\/enfoquenoticioso.com\/index.php?rest_route=%2Fwp%2Fv2%2Ftags&post=104536"}],"curies":[{"name":"wp","href":"https:\/\/api.w.org\/{rel}","templated":true}]}}