{"id":105550,"date":"2025-11-11T19:54:55","date_gmt":"2025-11-11T19:54:55","guid":{"rendered":"https:\/\/enfoquenoticioso.com\/?p=105550"},"modified":"2025-11-11T19:54:55","modified_gmt":"2025-11-11T19:54:55","slug":"la-exhost-de-los-leones-del-caracas-caylin-miliani-denuncia-acoso-y-humillaciones","status":"publish","type":"post","link":"https:\/\/enfoquenoticioso.com\/?p=105550","title":{"rendered":"La exhost de los Leones del Caracas Caylin Miliani denuncia acoso y humillaciones"},"content":{"rendered":"<div>\n<p>Caylin Miliani, exhost de los Leones del Caracas, denunci\u00f3 acoso laboral, humillaciones y otros maltratos mientras estuvo trabajando para el equipo de parte del antiguo jefe de Prensa, Alan Navarro.<span id=\"more-569647\"\/><\/p>\n<p>En su cuenta de Instagram, cit\u00f3 la pol\u00e9mica con la Miss M\u00e9xico, F\u00e1tima Bosch, quien recibi\u00f3 humillaciones de parte de uno de los organizadores del Miss Universo. En ese hecho, la modelo decidi\u00f3 no soportar esta humillaci\u00f3n y se fue del sitio, por lo que la periodista venezolana coment\u00f3 que ese cap\u00edtulo le sirvi\u00f3 de motivaci\u00f3n para dar a conocer su caso.<\/p>\n<p>\u00abFueron muchos meses de acoso laboral y humillaciones. Yo llegaba ronca y \u00e9l dec\u00eda que eso me pasaba por mamar\u00a0<strong>*<\/strong>\u00a0piche. O me acosaba en reuniones de todo el equipo dici\u00e9ndome que por qu\u00e9 yo no hablaba de mis pr\u00e1cticas sexuales, que si yo practicaba sexo oral o no, y yo muy inocente le dec\u00eda \u2018las damas no hablamos de nuestra intimidad, no tengo por qu\u00e9 decirte esto&#8217;\u00bb, empez\u00f3 su relato.<\/p>\n<p>\u00abMe cuesta demasiado hablar de esto sin llorar. S\u00e9 que este video va a llegar a esta persona y se va a re\u00edr, pero quien debe tener verg\u00fcenza no soy yo\u00bb, a\u00f1adi\u00f3.<\/p>\n<p>Caylin Miliani tambi\u00e9n mencion\u00f3 una ocasi\u00f3n en la que incluso Navarro hizo un chiste sobre una beb\u00e9 que ven\u00eda en camino, a la cual tild\u00f3 de la \u00abpr\u00f3xima prepago\u00bb. \u00abLo peor es que todos se rieron\u00bb, lament\u00f3.<\/p>\n<blockquote class=\"instagram-media\" style=\"background: #FFF; border: 0; border-radius: 3px; box-shadow: 0 0 1px 0 rgba(0,0,0,0.5),0 1px 10px 0 rgba(0,0,0,0.15); margin: 1px; max-width: 540px; min-width: 326px; padding: 0; width: calc(100% - 2px);\" data-instgrm-captioned=\"\" data-instgrm-permalink=\"https:\/\/www.instagram.com\/reel\/DQsL1bpkr9m\/?utm_source=ig_embed&amp;utm_campaign=loading\" data-instgrm-version=\"14\">\n<\/blockquote>\n<div id=\"ez-toc-container\" class=\"ez-toc-v2_0_81 counter-hierarchy ez-toc-counter ez-toc-grey ez-toc-container-direction\">\n<div class=\"ez-toc-title-container\">\n<p class=\"ez-toc-title\" style=\"cursor:inherit\">Tabla de Contenido<\/p>\n<span class=\"ez-toc-title-toggle\"><a href=\"#\" class=\"ez-toc-pull-right ez-toc-btn ez-toc-btn-xs ez-toc-btn-default ez-toc-toggle\" aria-label=\"Alternar tabla de contenidos\"><span class=\"ez-toc-js-icon-con\"><span class=\"\"><span class=\"eztoc-hide\" style=\"display:none;\">Toggle<\/span><span class=\"ez-toc-icon-toggle-span\"><svg style=\"fill: #999;color:#999\" xmlns=\"http:\/\/www.w3.org\/2000\/svg\" class=\"list-377408\" width=\"20px\" height=\"20px\" viewBox=\"0 0 24 24\" fill=\"none\"><path d=\"M6 6H4v2h2V6zm14 0H8v2h12V6zM4 11h2v2H4v-2zm16 0H8v2h12v-2zM4 16h2v2H4v-2zm16 0H8v2h12v-2z\" fill=\"currentColor\"><\/path><\/svg><svg style=\"fill: #999;color:#999\" class=\"arrow-unsorted-368013\" xmlns=\"http:\/\/www.w3.org\/2000\/svg\" width=\"10px\" height=\"10px\" viewBox=\"0 0 24 24\" version=\"1.2\" baseProfile=\"tiny\"><path d=\"M18.2 9.3l-6.2-6.3-6.2 6.3c-.2.2-.3.4-.3.7s.1.5.3.7c.2.2.4.3.7.3h11c.3 0 .5-.1.7-.3.2-.2.3-.5.3-.7s-.1-.5-.3-.7zM5.8 14.7l6.2 6.3 6.2-6.3c.2-.2.3-.5.3-.7s-.1-.5-.3-.7c-.2-.2-.4-.3-.7-.3h-11c-.3 0-.5.1-.7.3-.2.2-.3.5-.3.7s.1.5.3.7z\"\/><\/svg><\/span><\/span><\/span><\/a><\/span><\/div>\n<nav><ul class='ez-toc-list ez-toc-list-level-1 ' ><li class='ez-toc-page-1 ez-toc-heading-level-2'><a class=\"ez-toc-link ez-toc-heading-1\" href=\"https:\/\/enfoquenoticioso.com\/?p=105550\/#Su_marcha_y_otras_dos_denunciantes\" >Su marcha y otras dos denunciantes<\/a><\/li><\/ul><\/nav><\/div>\n<h2 id=\"h-su-marcha-y-otras-dos-denunciantes\" class=\"wp-block-heading\"><span class=\"ez-toc-section\" id=\"Su_marcha_y_otras_dos_denunciantes\"><\/span>Su marcha y otras dos denunciantes<span class=\"ez-toc-section-end\"><\/span><\/h2>\n<p>Tambi\u00e9n coment\u00f3 que recibi\u00f3 otro tipo de maltratos y que cuando recurri\u00f3 por apoyo, la \u00fanica persona que le pod\u00eda ayudar le dijo que \u00abpor eso no trabajaba con mujeres, porque son muy dram\u00e1ticas\u00bb.<\/p>\n<p>\u00abYo, para evitar el conflicto, me fui en silencio. Hasta se burlaron cuando dije que me iba por mi salud mental\u00bb, agreg\u00f3 la TV host, quien reflexion\u00f3 afirmando que a veces la justicia divina es \u00abque te vaya tan bien que no necesites mirar atr\u00e1s\u00bb.<\/p>\n<p>En un segundo video, describi\u00f3 que otras dos periodistas tambi\u00e9n ofrecieron el testimonio de que eran acechadas por Navarro. Adem\u00e1s, revel\u00f3 que el entorno del exjefe de prensa de \u2018Los Melenudos\u2019 ahora busca desprestigiarla.<\/p>\n<p>Coment\u00f3 que las otras dos denunciantes prefirieron mantenerse en el anonimato, por miedo a que Alan Navarro use su poder para vetarlas de los estadios.<\/p>\n<p>\u00abYo espero que suceda algo, que esta persona no pueda volver a ocupar un puesto de poder en el periodismo deportivo, ni siquiera en Argentina, donde est\u00e1. Conf\u00edo en los valores de las instituciones deportivas y no pueda seguir represent\u00e1ndolos, porque si no ocurre nada, el mensaje que se da es que somos c\u00f3mplices nuevamente\u00bb, sentenci\u00f3.<\/p>\n<blockquote class=\"instagram-media\" style=\"background: #FFF; border: 0; border-radius: 3px; box-shadow: 0 0 1px 0 rgba(0,0,0,0.5),0 1px 10px 0 rgba(0,0,0,0.15); margin: 1px; max-width: 540px; min-width: 326px; padding: 0; width: calc(100% - 2px);\" data-instgrm-captioned=\"\" data-instgrm-permalink=\"https:\/\/www.instagram.com\/reel\/DQ3J2Y5kev3\/?utm_source=ig_embed&amp;utm_campaign=loading\" data-instgrm-version=\"14\">\n<\/blockquote>\n<p>\u00a0<\/p>\n<\/p><\/div>\n<p><script async src=\"\/\/www.instagram.com\/embed.js\"><\/script><br \/>\n<br \/><a href=\"https:\/\/noticiasaldiayalahora.co\/deportes\/la-exhost-de-los-leones-del-caracas-caylin-miliani-denuncia-acoso-y-humillaciones\/\" class=\" target=\" title=\"La exhost de los Leones del Caracas Caylin Miliani denuncia acoso y humillaciones\" target=\"_blank\" rel=\"noopener\">Ver fuente<\/a><\/p>\n","protected":false},"excerpt":{"rendered":"<p>Caylin Miliani, exhost de los Leones del Caracas, denunci\u00f3 acoso laboral, humillaciones y otros maltratos mientras estuvo trabajando para el equipo de parte del antiguo jefe de Prensa, Alan Navarro. En su cuenta de Instagram, cit\u00f3 la pol\u00e9mica con la Miss M\u00e9xico, F\u00e1tima Bosch, quien recibi\u00f3 humillaciones de parte de uno de los organizadores del [&hellip;]<\/p>\n","protected":false},"author":2,"featured_media":105551,"comment_status":"open","ping_status":"closed","sticky":false,"template":"","format":"standard","meta":{"footnotes":""},"categories":[1],"tags":[],"class_list":["post-105550","post","type-post","status-publish","format-standard","has-post-thumbnail","hentry","category-noticias"],"_links":{"self":[{"href":"https:\/\/enfoquenoticioso.com\/index.php?rest_route=\/wp\/v2\/posts\/105550","targetHints":{"allow":["GET"]}}],"collection":[{"href":"https:\/\/enfoquenoticioso.com\/index.php?rest_route=\/wp\/v2\/posts"}],"about":[{"href":"https:\/\/enfoquenoticioso.com\/index.php?rest_route=\/wp\/v2\/types\/post"}],"author":[{"embeddable":true,"href":"https:\/\/enfoquenoticioso.com\/index.php?rest_route=\/wp\/v2\/users\/2"}],"replies":[{"embeddable":true,"href":"https:\/\/enfoquenoticioso.com\/index.php?rest_route=%2Fwp%2Fv2%2Fcomments&post=105550"}],"version-history":[{"count":0,"href":"https:\/\/enfoquenoticioso.com\/index.php?rest_route=\/wp\/v2\/posts\/105550\/revisions"}],"wp:featuredmedia":[{"embeddable":true,"href":"https:\/\/enfoquenoticioso.com\/index.php?rest_route=\/wp\/v2\/media\/105551"}],"wp:attachment":[{"href":"https:\/\/enfoquenoticioso.com\/index.php?rest_route=%2Fwp%2Fv2%2Fmedia&parent=105550"}],"wp:term":[{"taxonomy":"category","embeddable":true,"href":"https:\/\/enfoquenoticioso.com\/index.php?rest_route=%2Fwp%2Fv2%2Fcategories&post=105550"},{"taxonomy":"post_tag","embeddable":true,"href":"https:\/\/enfoquenoticioso.com\/index.php?rest_route=%2Fwp%2Fv2%2Ftags&post=105550"}],"curies":[{"name":"wp","href":"https:\/\/api.w.org\/{rel}","templated":true}]}}