{"id":105708,"date":"2025-11-12T17:16:40","date_gmt":"2025-11-12T17:16:40","guid":{"rendered":"https:\/\/enfoquenoticioso.com\/?p=105708"},"modified":"2025-11-12T17:16:40","modified_gmt":"2025-11-12T17:16:40","slug":"la-vinotinto-sub17-enfrentara-a-corea-del-norte-este-viernes-14-de-noviembre","status":"publish","type":"post","link":"https:\/\/enfoquenoticioso.com\/?p=105708","title":{"rendered":"La Vinotinto Sub17 enfrentar\u00e1 a Corea del Norte este viernes 14 de noviembre"},"content":{"rendered":"<div id=\"post-569701\">\n<div class=\"entry-thumbnail\">\n<img width=\"777\" height=\"437\" src=\"https:\/\/i0.wp.com\/noticiasaldiayalahora.co\/wp-content\/uploads\/2025\/11\/La-Vinotinto-3.jpg?resize=777%2C437&amp;ssl=1\" class=\"attachment-content-single size-content-single wp-post-image\" alt=\"\" decoding=\"async\" fetchpriority=\"high\" srcset=\"https:\/\/i0.wp.com\/noticiasaldiayalahora.co\/wp-content\/uploads\/2025\/11\/La-Vinotinto-3.jpg?resize=777%2C437&amp;ssl=1 777w, https:\/\/i0.wp.com\/noticiasaldiayalahora.co\/wp-content\/uploads\/2025\/11\/La-Vinotinto-3.jpg?resize=180%2C101&amp;ssl=1 180w, https:\/\/i0.wp.com\/noticiasaldiayalahora.co\/wp-content\/uploads\/2025\/11\/La-Vinotinto-3.jpg?resize=260%2C146&amp;ssl=1 260w, https:\/\/i0.wp.com\/noticiasaldiayalahora.co\/wp-content\/uploads\/2025\/11\/La-Vinotinto-3.jpg?resize=373%2C210&amp;ssl=1 373w, https:\/\/i0.wp.com\/noticiasaldiayalahora.co\/wp-content\/uploads\/2025\/11\/La-Vinotinto-3.jpg?resize=120%2C67&amp;ssl=1 120w\" sizes=\"(max-width: 777px) 100vw, 777px\"\/><\/div>\n<p class=\"entry-meta\">\n<span class=\"entry-meta-author vcard author\">Por: <a class=\"fn\" href=\"https:\/\/noticiasaldiayalahora.co\/author\/redaccion\/\" target=\"_blank\" rel=\"noopener\">Redacci\u00f3n Noticias al Dia y a la Hora<\/a><\/span><br \/>\n<span class=\"entry-meta-date updated\">12 noviembre, 2025<\/span>\n<\/p>\n<div class=\"entry-content clearfix\">\n<p>Luego de culminar invicta la ronda eliminatoria, la selecci\u00f3n Vinotinto Sub-17 enfrentar\u00e1 a la representaci\u00f3n de Corea del Norte en los dieciseisavos de Final de la Copa del Mundo de Catar.<span id=\"more-569701\"\/><\/p>\n<p>El choque contra los asi\u00e1ticos ser\u00e1 este viernes 14 de noviembre, luego que los norcoreanos clasificaran como mejor tercero con cuatro puntos en el Grupo G detr\u00e1s de Alemania y Colombia, primero y segundo lugar de la llave, respectivamente.<\/p>\n<p>Venezuela cerr\u00f3 la primera ronda en el primer lugar del Grupo E con siete unidades, seguida por la selecci\u00f3n de Inglaterra con seis puntos, y Egipto en la tercera casilla con cuatro unidades.<\/p>\n<p><iframe loading=\"lazy\" style=\"border: none; overflow: hidden;\" src=\"https:\/\/www.facebook.com\/plugins\/post.php?href=https%3A%2F%2Fwww.facebook.com%2Fliderendeportes%2Fposts%2Fpfbid0nC3xAdxH3W7xDB84wV9t5fPyZDT92PFGH57vr9Knw1YiKmMCDUxvNU2VKKTMRWGzl&amp;show_text=true&amp;width=500\" width=\"500\" height=\"678\" frameborder=\"0\" scrolling=\"no\" allowfullscreen=\"allowfullscreen\"><\/iframe><\/p>\n<\/p><\/div>\n<\/div>\n<p><a href=\"https:\/\/noticiasaldiayalahora.co\/deportes\/la-vinotinto-sub17-enfrentara-a-corea-del-norte-este-viernes-14-de-noviembre\/\" class=\" target=\" title=\"La Vinotinto Sub17 enfrentar\u00e1 a Corea del Norte este viernes 14 de noviembre\" target=\"_blank\" rel=\"noopener\">Ver fuente<\/a><\/p>\n","protected":false},"excerpt":{"rendered":"<p>Por: Redacci\u00f3n Noticias al Dia y a la Hora 12 noviembre, 2025 Luego de culminar invicta la ronda eliminatoria, la selecci\u00f3n Vinotinto Sub-17 enfrentar\u00e1 a la representaci\u00f3n de Corea del Norte en los dieciseisavos de Final de la Copa del Mundo de Catar. El choque contra los asi\u00e1ticos ser\u00e1 este viernes 14 de noviembre, luego [&hellip;]<\/p>\n","protected":false},"author":2,"featured_media":105709,"comment_status":"open","ping_status":"closed","sticky":false,"template":"","format":"standard","meta":{"footnotes":""},"categories":[1],"tags":[],"class_list":["post-105708","post","type-post","status-publish","format-standard","has-post-thumbnail","hentry","category-noticias"],"_links":{"self":[{"href":"https:\/\/enfoquenoticioso.com\/index.php?rest_route=\/wp\/v2\/posts\/105708","targetHints":{"allow":["GET"]}}],"collection":[{"href":"https:\/\/enfoquenoticioso.com\/index.php?rest_route=\/wp\/v2\/posts"}],"about":[{"href":"https:\/\/enfoquenoticioso.com\/index.php?rest_route=\/wp\/v2\/types\/post"}],"author":[{"embeddable":true,"href":"https:\/\/enfoquenoticioso.com\/index.php?rest_route=\/wp\/v2\/users\/2"}],"replies":[{"embeddable":true,"href":"https:\/\/enfoquenoticioso.com\/index.php?rest_route=%2Fwp%2Fv2%2Fcomments&post=105708"}],"version-history":[{"count":0,"href":"https:\/\/enfoquenoticioso.com\/index.php?rest_route=\/wp\/v2\/posts\/105708\/revisions"}],"wp:featuredmedia":[{"embeddable":true,"href":"https:\/\/enfoquenoticioso.com\/index.php?rest_route=\/wp\/v2\/media\/105709"}],"wp:attachment":[{"href":"https:\/\/enfoquenoticioso.com\/index.php?rest_route=%2Fwp%2Fv2%2Fmedia&parent=105708"}],"wp:term":[{"taxonomy":"category","embeddable":true,"href":"https:\/\/enfoquenoticioso.com\/index.php?rest_route=%2Fwp%2Fv2%2Fcategories&post=105708"},{"taxonomy":"post_tag","embeddable":true,"href":"https:\/\/enfoquenoticioso.com\/index.php?rest_route=%2Fwp%2Fv2%2Ftags&post=105708"}],"curies":[{"name":"wp","href":"https:\/\/api.w.org\/{rel}","templated":true}]}}