{"id":10580,"date":"2024-07-08T11:30:46","date_gmt":"2024-07-08T11:30:46","guid":{"rendered":"https:\/\/enfoquenoticioso.com\/internacionales\/el-primer-ministro-presento-su-renuncia\/"},"modified":"2024-07-08T11:30:46","modified_gmt":"2024-07-08T11:30:46","slug":"el-primer-ministro-presento-su-renuncia","status":"publish","type":"post","link":"https:\/\/enfoquenoticioso.com\/?p=10580","title":{"rendered":"El primer ministro present\u00f3 su renuncia"},"content":{"rendered":"<div>\n<p>La coalici\u00f3n de izquierdas Nuevo Frente Popular (NFP) gan\u00f3 las elecciones legislativas en\u00a0Francia\u00a0sin mayor\u00eda absoluta, tras un ajustado balotaje con la alianza del presidente Emmanuel Macron y la extrema derecha, disput\u00e1ndose el segundo puesto, seg\u00fan las proyecciones.<span id=\"more-532280\"\/><\/p>\n<p>El NFP tiene entre 172 y 215 de los 577 esca\u00f1os de la Asamblea Nacional (c\u00e1mara baja), seguido de la alianza oficialista entre 150 y 180 y el partido ultraderechista Agrupaci\u00f3n Nacional (RN) y sus aliados con entre 115 y 155, seg\u00fan cuatro proyecciones al cierre de los colegios electorales.<\/p>\n<p>Los resultados suponen un rev\u00e9s para la l\u00edder ultraderechista Marine Le Pen, que fracasa en su intento de lograr la mayor\u00eda absoluta, que las proyecciones consideraban posible hace una semana, e incluso de ganar, como parec\u00eda posible, hace dos d\u00edas.<\/p>\n<p>\u201cNuestro pueblo ha rechazado claramente el peor escenario posible\u201d, declar\u00f3 el l\u00edder izquierda radical Jean-Luc M\u00e9lenchon, para quien el NFP, que carece de mayor\u00eda absoluta, deber\u00e1 \u201cgobernar\u201d, pero sin \u201centablar negociaciones\u201d con la alianza de Macron.<\/p>\n<p>El ministro del Interior, G\u00e9rald Darmanin, quien logr\u00f3 su reelecci\u00f3n como diputado, respondi\u00f3 que \u201cnadie puede decir qui\u00e9n gan\u00f3 la elecci\u00f3n\u201d y llam\u00f3 al oficialismo a abrirse al partido de derecha Los Republicanos (LR), que lograr\u00eda entre 57 y 67 esca\u00f1os.<\/p>\n<p>Los pactos impl\u00edcitos entre el oficialismo y la coalici\u00f3n de izquierdas, consistentes en concentrar el voto en el candidato con m\u00e1s posibilidades de derrotar a RN en cada circunscripci\u00f3n en el balotaje, frustraron la victoria ultraderechista.<\/p>\n<p>El candidato de RN a primer ministro, Jordan Bardella, denunci\u00f3 una \u201calianza del deshonor\u201d y asegur\u00f3 que su partido \u201cencarna la \u00fanica alternativa\u201d para \u201cenderezar\u201d Francia.<\/p>\n<p>\u201cLa marea sube. Esta vez no ha subido lo suficiente, pero sigue subiendo y, en consecuencia, nuestra victoria s\u00f3lo se ha aplazado\u201d, abund\u00f3 Le Pen.<\/p>\n<p>Un gobierno de su formaci\u00f3n, que podr\u00eda duplicar los 89 diputados de 2022, habr\u00eda sido el primero ultraderechista en Francia desde la Liberaci\u00f3n de la Alemania nazi durante la Segunda Guerra Mundial y uno nuevo en la Uni\u00f3n Europea, junto a Italia, entre otros.<\/p>\n<p>Artistas, deportistas, sindicatos y organizaciones se movilizaron para frenar la llegada al poder de la extrema derecha, como la estrella del f\u00fatbol Kylian Mbapp\u00e9, que hab\u00eda llamado a votar \u201cdel lado bueno\u201d.<\/p>\n<p>Desde Italia, el papa Francisco advirti\u00f3 este domingo contra las \u201ctentaciones ideol\u00f3gicas y populistas\u201d, sin mencionar a ning\u00fan pa\u00eds.<\/p>\n<div id=\"ez-toc-container\" class=\"ez-toc-v2_0_81 counter-hierarchy ez-toc-counter ez-toc-grey ez-toc-container-direction\">\n<div class=\"ez-toc-title-container\">\n<p class=\"ez-toc-title\" style=\"cursor:inherit\">Tabla de Contenido<\/p>\n<span class=\"ez-toc-title-toggle\"><a href=\"#\" class=\"ez-toc-pull-right ez-toc-btn ez-toc-btn-xs ez-toc-btn-default ez-toc-toggle\" aria-label=\"Alternar tabla de contenidos\"><span class=\"ez-toc-js-icon-con\"><span class=\"\"><span class=\"eztoc-hide\" style=\"display:none;\">Toggle<\/span><span class=\"ez-toc-icon-toggle-span\"><svg style=\"fill: #999;color:#999\" xmlns=\"http:\/\/www.w3.org\/2000\/svg\" class=\"list-377408\" width=\"20px\" height=\"20px\" viewBox=\"0 0 24 24\" fill=\"none\"><path d=\"M6 6H4v2h2V6zm14 0H8v2h12V6zM4 11h2v2H4v-2zm16 0H8v2h12v-2zM4 16h2v2H4v-2zm16 0H8v2h12v-2z\" fill=\"currentColor\"><\/path><\/svg><svg style=\"fill: #999;color:#999\" class=\"arrow-unsorted-368013\" xmlns=\"http:\/\/www.w3.org\/2000\/svg\" width=\"10px\" height=\"10px\" viewBox=\"0 0 24 24\" version=\"1.2\" baseProfile=\"tiny\"><path d=\"M18.2 9.3l-6.2-6.3-6.2 6.3c-.2.2-.3.4-.3.7s.1.5.3.7c.2.2.4.3.7.3h11c.3 0 .5-.1.7-.3.2-.2.3-.5.3-.7s-.1-.5-.3-.7zM5.8 14.7l6.2 6.3 6.2-6.3c.2-.2.3-.5.3-.7s-.1-.5-.3-.7c-.2-.2-.4-.3-.7-.3h-11c-.3 0-.5.1-.7.3-.2.2-.3.5-.3.7s.1.5.3.7z\"\/><\/svg><\/span><\/span><\/span><\/a><\/span><\/div>\n<nav><ul class='ez-toc-list ez-toc-list-level-1 ' ><li class='ez-toc-page-1 ez-toc-heading-level-3'><a class=\"ez-toc-link ez-toc-heading-1\" href=\"https:\/\/enfoquenoticioso.com\/?p=10580\/#Renuncia\" >Renuncia<\/a><\/li><li class='ez-toc-page-1 ez-toc-heading-level-3'><a class=\"ez-toc-link ez-toc-heading-2\" href=\"https:\/\/enfoquenoticioso.com\/?p=10580\/#Escenarios\" >Escenarios<\/a><\/li><\/ul><\/nav><\/div>\n<h3 class=\"wp-block-heading\"><span class=\"ez-toc-section\" id=\"Renuncia\"><\/span>Renuncia<span class=\"ez-toc-section-end\"><\/span><\/h3>\n<p>Tras los resultados, el primer ministro franc\u00e9s, Gabriel Attal, anunci\u00f3 que presentar\u00e1 su dimisi\u00f3n este lunes al presidente Emmanuel Macron.<\/p>\n<p>\u201cEsta noche, el grupo pol\u00edtico al que he representado en esta campa\u00f1a no ha logrado la mayor\u00eda, y ma\u00f1ana por la ma\u00f1ana presentar\u00e9 mi dimisi\u00f3n al Presidente de la Rep\u00fablica\u201d, explic\u00f3, rese\u00f1a la AFP.<\/p>\n<p>\u00abNuestro pa\u00eds afronta una situaci\u00f3n pol\u00edtica sin precedentes y se prepara a acoger al mundo en algunas semanas\u00bb, dijo Attal en referencia a los Juegos de Par\u00eds que arrancan el pr\u00f3ximo d\u00eda 26.<\/p>\n<p>\u00abPor tanto, asumir\u00e9 evidentemente mis funciones todo el tiempo que el deber me lo exija\u00bb, a\u00f1adi\u00f3 en una declaraci\u00f3n oficial tras conocerse los primeros sondeos.<\/p>\n<h3 class=\"wp-block-heading\"><span class=\"ez-toc-section\" id=\"Escenarios\"><\/span>Escenarios<span class=\"ez-toc-section-end\"><\/span><\/h3>\n<p>Muestra de que los comicios eran cruciales, la cifra oficial de participaci\u00f3n (59,71% a las 17H00) fue la m\u00e1s alta desde 1981, e incluso el expresidente socialista Fran\u00e7ois Hollande volvi\u00f3 a la pol\u00edtica y logr\u00f3 un esca\u00f1o.<\/p>\n<p>Macron hab\u00eda adelantado las legislativas previstas en 2027 para pedir una \u201caclaraci\u00f3n\u201d pol\u00edtica a los franceses, a ra\u00edz de la victoria de RN en los comicios europeos del 9 de junio, en una decisi\u00f3n \u201carriesgada\u201d, seg\u00fan los analistas.<\/p>\n<p>La respuesta de los electores fue reconducir los tres bloques surgidos de las elecciones de 2022 \u2013izquierda, centroderecha y extrema derecha\u2013, con una nueva relaci\u00f3n de fuerzas y sin mayor\u00edas absolutas.<\/p>\n<p>A menos de tres semanas del inicio de los Juegos Ol\u00edmpicos de Par\u00eds, la incertidumbre planea sobre la composici\u00f3n del pr\u00f3ximo gobierno.<\/p>\n<p>El primer ministro, Gabriel Attal, anunci\u00f3 que presentar\u00e1 su dimisi\u00f3n el lunes, pero que continuar\u00e1 \u201cmientras el deber lo exija\u201d, a la espera de un nuevo gobierno.<\/p>\n<p>El presidente franc\u00e9s esperar\u00e1 a conocer la \u201cestructura\u201d de la nueva Asamblea, que debe escoger su presidencia el 18 de julio, antes de decidir a qui\u00e9n llamar\u00e1 para formar gobierno, anunci\u00f3 su oficina.<\/p>\n<p>Durante la campa\u00f1a emergieron varias hip\u00f3tesis: una coalici\u00f3n entre parte de la izquierda y el oficialismo, o incluso un gobierno tecn\u00f3crata con apoyo parlamentario en la segunda econom\u00eda de la UE.<\/p>\n<p>Pero una eventual coalici\u00f3n parece dif\u00edcil por las cr\u00edticas cruzadas entre La Francia Insumisa (LFI, izquierda radical) de M\u00e9lenchon, importante socio del NFP, y la alianza de Macron, que acus\u00f3 a este partido de \u201cantiparlamentario\u201d y \u201cantisemita\u201d.<\/p>\n<p>\u201cVamos a tener que comportarnos como adultos\u201d, asegur\u00f3 Rapha\u00ebl Glucksmann, s\u00edmbolo del ala socialdem\u00f3crata del NFP, para quien \u201cdialogar\u201d es \u201cun cambio de cultura pol\u00edtica\u201d en una Francia poco acostumbrada al parlamentarismo.<\/p>\n<p>Tanto aliados y rivales de Francia en las escenas internacional siguieron de cerca estos comicios, m\u00e1xime cuando Par\u00eds, potencia nuclear, es uno de los motores de la UE y uno de los principales apoyos de Ucrania contra Rusia.<\/p>\n<p>\u00a0<\/p>\n<\/div>\n<p><a href=\"https:\/\/noticiasaldiayalahora.co\/internacionales\/la-izquierda-freno-a-la-extrema-derecha-en-francia-el-primer-ministro-presento-su-renuncia\/\" class=\" target=\" title=\"El primer ministro present\u00f3 su renuncia\" target=\"_blank\" rel=\"noopener\">Ver fuente<\/a><\/p>\n","protected":false},"excerpt":{"rendered":"<p>La coalici\u00f3n de izquierdas Nuevo Frente Popular (NFP) gan\u00f3 las elecciones legislativas en\u00a0Francia\u00a0sin mayor\u00eda absoluta, tras un ajustado balotaje con la alianza del presidente Emmanuel Macron y la extrema derecha, disput\u00e1ndose el segundo puesto, seg\u00fan las proyecciones. El NFP tiene entre 172 y 215 de los 577 esca\u00f1os de la Asamblea Nacional (c\u00e1mara baja), seguido [&hellip;]<\/p>\n","protected":false},"author":2,"featured_media":10581,"comment_status":"open","ping_status":"closed","sticky":false,"template":"","format":"standard","meta":{"footnotes":""},"categories":[6],"tags":[],"class_list":["post-10580","post","type-post","status-publish","format-standard","has-post-thumbnail","hentry","category-internacionales"],"_links":{"self":[{"href":"https:\/\/enfoquenoticioso.com\/index.php?rest_route=\/wp\/v2\/posts\/10580","targetHints":{"allow":["GET"]}}],"collection":[{"href":"https:\/\/enfoquenoticioso.com\/index.php?rest_route=\/wp\/v2\/posts"}],"about":[{"href":"https:\/\/enfoquenoticioso.com\/index.php?rest_route=\/wp\/v2\/types\/post"}],"author":[{"embeddable":true,"href":"https:\/\/enfoquenoticioso.com\/index.php?rest_route=\/wp\/v2\/users\/2"}],"replies":[{"embeddable":true,"href":"https:\/\/enfoquenoticioso.com\/index.php?rest_route=%2Fwp%2Fv2%2Fcomments&post=10580"}],"version-history":[{"count":0,"href":"https:\/\/enfoquenoticioso.com\/index.php?rest_route=\/wp\/v2\/posts\/10580\/revisions"}],"wp:featuredmedia":[{"embeddable":true,"href":"https:\/\/enfoquenoticioso.com\/index.php?rest_route=\/wp\/v2\/media\/10581"}],"wp:attachment":[{"href":"https:\/\/enfoquenoticioso.com\/index.php?rest_route=%2Fwp%2Fv2%2Fmedia&parent=10580"}],"wp:term":[{"taxonomy":"category","embeddable":true,"href":"https:\/\/enfoquenoticioso.com\/index.php?rest_route=%2Fwp%2Fv2%2Fcategories&post=10580"},{"taxonomy":"post_tag","embeddable":true,"href":"https:\/\/enfoquenoticioso.com\/index.php?rest_route=%2Fwp%2Fv2%2Ftags&post=10580"}],"curies":[{"name":"wp","href":"https:\/\/api.w.org\/{rel}","templated":true}]}}