{"id":10604,"date":"2024-07-08T12:51:33","date_gmt":"2024-07-08T12:51:33","guid":{"rendered":"https:\/\/enfoquenoticioso.com\/sucesos\/imputan-a-madre-y-padrastro-de-nino-de-2-anos-muerto-por-golpiza-en-valencia\/"},"modified":"2024-07-08T12:51:33","modified_gmt":"2024-07-08T12:51:33","slug":"imputan-a-madre-y-padrastro-de-nino-de-2-anos-muerto-por-golpiza-en-valencia","status":"publish","type":"post","link":"https:\/\/enfoquenoticioso.com\/?p=10604","title":{"rendered":"Imputan a madre y padrastro de ni\u00f1o de 2 a\u00f1os muerto por golpiza en Valencia"},"content":{"rendered":"<div id=\"post-532292\">\n<div class=\"entry-thumbnail\">\n<img width=\"696\" height=\"437\" src=\"https:\/\/i0.wp.com\/noticiasaldiayalahora.co\/wp-content\/uploads\/2024\/07\/Valencia-asesinatos.png?resize=696%2C437&amp;ssl=1\" class=\"attachment-content-single size-content-single wp-post-image\" alt=\"\" decoding=\"async\" fetchpriority=\"high\"\/><\/div>\n<p class=\"entry-meta\">\n<span class=\"entry-meta-author vcard author\">Por: <a class=\"fn\" href=\"https:\/\/noticiasaldiayalahora.co\/author\/redaccion\/\" target=\"_blank\" rel=\"noopener\">Redacci\u00f3n Noticias al Dia y a la Hora<\/a><\/span><br \/>\n<span class=\"entry-meta-date updated\">8 julio, 2024<\/span>\n<\/p>\n<div class=\"entry-content clearfix\">\n<p>A la madre y el padrastro del ni\u00f1o Ricardo, de dos a\u00f1os, quien muri\u00f3 a causa de una salvaje golpiza, se les imputaron los delitos de homicidio calificado y maltrato continuado<span id=\"more-532292\"\/><\/p>\n<p>El hecho ocurri\u00f3 en una vivienda improvisada ubicada en Valencia estado Carabobo.<\/p>\n<p>Trascendi\u00f3 que cuando el ni\u00f1o fue ingresado por su madre y su pareja al ambulatorio, se observ\u00f3 que el mismo padec\u00eda de desnutrici\u00f3n y maltrato infantil continuado, por diversos hematomas que presentaba en el cuerpo, por lo que los funcionarios se alertaron e indagaron un poco m\u00e1s sobre el hecho.<\/p>\n<p>El m\u00e9dico de guardia refiri\u00f3 al infante al Hospital Central debido al grave estado de salud que presentaba, en donde falleci\u00f3 minutos despu\u00e9s de su ingreso.<\/p>\n<p>El m\u00e9dico forense determin\u00f3 que el ni\u00f1o falleci\u00f3 por Shock hipovolemia, Anemia Ag\u00fada persistente, Desgarro hep\u00e1tico severo, traumatismo abdominal y derrame severo de causa desconocido, (S\u00edndrome de ni\u00f1o maltratado).<\/p>\n<p>Por el hecho qued\u00f3 detenida la madre del infante y su pareja, quien era padrastro de la v\u00edctima, por presuntamente ser los responsables de este hecho, quienes lo trasladaron al centro de salud pero quedaron al descubierto al tratarse de un maltrato continuado.<\/p>\n<p>Se presume que Ricardo sufr\u00eda castigo f\u00edsico con frecuencia. Lo que deton\u00f3 la muerte habr\u00eda sido un fuerte golpe en el abdomen y las costillas.<\/p>\n<div id=\"ez-toc-container\" class=\"ez-toc-v2_0_81 counter-hierarchy ez-toc-counter ez-toc-grey ez-toc-container-direction\">\n<div class=\"ez-toc-title-container\">\n<p class=\"ez-toc-title\" style=\"cursor:inherit\">Tabla de Contenido<\/p>\n<span class=\"ez-toc-title-toggle\"><a href=\"#\" class=\"ez-toc-pull-right ez-toc-btn ez-toc-btn-xs ez-toc-btn-default ez-toc-toggle\" aria-label=\"Alternar tabla de contenidos\"><span class=\"ez-toc-js-icon-con\"><span class=\"\"><span class=\"eztoc-hide\" style=\"display:none;\">Toggle<\/span><span class=\"ez-toc-icon-toggle-span\"><svg style=\"fill: #999;color:#999\" xmlns=\"http:\/\/www.w3.org\/2000\/svg\" class=\"list-377408\" width=\"20px\" height=\"20px\" viewBox=\"0 0 24 24\" fill=\"none\"><path d=\"M6 6H4v2h2V6zm14 0H8v2h12V6zM4 11h2v2H4v-2zm16 0H8v2h12v-2zM4 16h2v2H4v-2zm16 0H8v2h12v-2z\" fill=\"currentColor\"><\/path><\/svg><svg style=\"fill: #999;color:#999\" class=\"arrow-unsorted-368013\" xmlns=\"http:\/\/www.w3.org\/2000\/svg\" width=\"10px\" height=\"10px\" viewBox=\"0 0 24 24\" version=\"1.2\" baseProfile=\"tiny\"><path d=\"M18.2 9.3l-6.2-6.3-6.2 6.3c-.2.2-.3.4-.3.7s.1.5.3.7c.2.2.4.3.7.3h11c.3 0 .5-.1.7-.3.2-.2.3-.5.3-.7s-.1-.5-.3-.7zM5.8 14.7l6.2 6.3 6.2-6.3c.2-.2.3-.5.3-.7s-.1-.5-.3-.7c-.2-.2-.4-.3-.7-.3h-11c-.3 0-.5.1-.7.3-.2.2-.3.5-.3.7s.1.5.3.7z\"\/><\/svg><\/span><\/span><\/span><\/a><\/span><\/div>\n<nav><ul class='ez-toc-list ez-toc-list-level-1 ' ><li class='ez-toc-page-1 ez-toc-heading-level-4'><a class=\"ez-toc-link ez-toc-heading-1\" href=\"https:\/\/enfoquenoticioso.com\/?p=10604\/#Sigue_al_canal_de_noticias_en_Whatsaap\" >Sigue al canal de noticias en Whatsaap\u00a0<\/a><\/li><\/ul><\/nav><\/div>\n<h4><span class=\"ez-toc-section\" id=\"Sigue_al_canal_de_noticias_en_Whatsaap\"><\/span><strong><a href=\"https:\/\/whatsapp.com\/channel\/0029VaDXFnLId7nFFiDdVI26?fbclid=IwAR1LnVJqcByTELJH4Ht086FYRmdx18pRnV7CrkzmTJ5JaLHYY0igukfL9Yk\" target=\"_blank\" rel=\"noopener\">Sigue al canal de noticias en Whatsaap\u00a0<\/a><\/strong><span class=\"ez-toc-section-end\"><\/span><\/h4>\n<p>\u00a0<\/p>\n<\/div>\n<\/div>\n<p><a href=\"https:\/\/noticiasaldiayalahora.co\/sucesos\/imputan-a-madre-y-padrastro-de-nino-de-2-anos-muerto-por-golpiza-en-valencia\/\" class=\" target=\" title=\"Imputan a madre y padrastro de ni\u00f1o de 2 a\u00f1os muerto por golpiza en Valencia\" target=\"_blank\" rel=\"noopener\">Ver fuente<\/a><\/p>\n","protected":false},"excerpt":{"rendered":"<p>Por: Redacci\u00f3n Noticias al Dia y a la Hora 8 julio, 2024 A la madre y el padrastro del ni\u00f1o Ricardo, de dos a\u00f1os, quien muri\u00f3 a causa de una salvaje golpiza, se les imputaron los delitos de homicidio calificado y maltrato continuado El hecho ocurri\u00f3 en una vivienda improvisada ubicada en Valencia estado Carabobo. [&hellip;]<\/p>\n","protected":false},"author":2,"featured_media":10605,"comment_status":"open","ping_status":"closed","sticky":false,"template":"","format":"standard","meta":{"footnotes":""},"categories":[5],"tags":[],"class_list":["post-10604","post","type-post","status-publish","format-standard","has-post-thumbnail","hentry","category-sucesos"],"_links":{"self":[{"href":"https:\/\/enfoquenoticioso.com\/index.php?rest_route=\/wp\/v2\/posts\/10604","targetHints":{"allow":["GET"]}}],"collection":[{"href":"https:\/\/enfoquenoticioso.com\/index.php?rest_route=\/wp\/v2\/posts"}],"about":[{"href":"https:\/\/enfoquenoticioso.com\/index.php?rest_route=\/wp\/v2\/types\/post"}],"author":[{"embeddable":true,"href":"https:\/\/enfoquenoticioso.com\/index.php?rest_route=\/wp\/v2\/users\/2"}],"replies":[{"embeddable":true,"href":"https:\/\/enfoquenoticioso.com\/index.php?rest_route=%2Fwp%2Fv2%2Fcomments&post=10604"}],"version-history":[{"count":0,"href":"https:\/\/enfoquenoticioso.com\/index.php?rest_route=\/wp\/v2\/posts\/10604\/revisions"}],"wp:featuredmedia":[{"embeddable":true,"href":"https:\/\/enfoquenoticioso.com\/index.php?rest_route=\/wp\/v2\/media\/10605"}],"wp:attachment":[{"href":"https:\/\/enfoquenoticioso.com\/index.php?rest_route=%2Fwp%2Fv2%2Fmedia&parent=10604"}],"wp:term":[{"taxonomy":"category","embeddable":true,"href":"https:\/\/enfoquenoticioso.com\/index.php?rest_route=%2Fwp%2Fv2%2Fcategories&post=10604"},{"taxonomy":"post_tag","embeddable":true,"href":"https:\/\/enfoquenoticioso.com\/index.php?rest_route=%2Fwp%2Fv2%2Ftags&post=10604"}],"curies":[{"name":"wp","href":"https:\/\/api.w.org\/{rel}","templated":true}]}}