{"id":10797,"date":"2024-07-09T13:10:35","date_gmt":"2024-07-09T13:10:35","guid":{"rendered":"https:\/\/enfoquenoticioso.com\/internacionales\/la-joven-que-fue-brutalmente-atacada-por-sus-perros-cuando-los-paseaba\/"},"modified":"2024-07-09T13:10:35","modified_gmt":"2024-07-09T13:10:35","slug":"la-joven-que-fue-brutalmente-atacada-por-sus-perros-cuando-los-paseaba","status":"publish","type":"post","link":"https:\/\/enfoquenoticioso.com\/?p=10797","title":{"rendered":"La joven que fue brutalmente atacada por sus perros cuando los paseaba"},"content":{"rendered":"<div>\n<p>Los habitantes de California, en Estados Unidos, est\u00e1n horrorizados por el caso de Mar\u00eda Paula Pe\u00f1a, una joven colombiana de 27 a\u00f1os que lleva dos semanas hospitalizada\u00a0tras ser atacada por sus perros cuando los paseaba.<span id=\"more-532359\"\/><\/p>\n<p>La tragedia ocurri\u00f3 el pasado 24 de junio, cuando Mar\u00eda lleg\u00f3 a su casa en Concord despu\u00e9s de su jornada laboral. Como hac\u00eda habitualmente, sac\u00f3 al jard\u00edn a sus dos mascotas:\u00a0unos perros de raza american bully XL.<\/p>\n<p>Mar\u00eda ten\u00eda una excelente relaci\u00f3n con sus mascotas, por lo que nunca esper\u00f3 lo que estaba por ocurrir. Sin previo aviso,\u00a0los perros se abalanzaron sobre ella\u00a0y la comenzaron a morder en varias partes de su cuerpo.<\/p>\n<p>Los vecinos escucharon los gritos de Mar\u00eda e intentaron ayudarla, pero no consiguieron separar a los perros. Finalmente, llamaron a las autoridades y\u00a0unos polic\u00edas tuvieron que dispararle a los animales.<\/p>\n<div id=\"ez-toc-container\" class=\"ez-toc-v2_0_81 counter-hierarchy ez-toc-counter ez-toc-grey ez-toc-container-direction\">\n<div class=\"ez-toc-title-container\">\n<p class=\"ez-toc-title\" style=\"cursor:inherit\">Tabla de Contenido<\/p>\n<span class=\"ez-toc-title-toggle\"><a href=\"#\" class=\"ez-toc-pull-right ez-toc-btn ez-toc-btn-xs ez-toc-btn-default ez-toc-toggle\" aria-label=\"Alternar tabla de contenidos\"><span class=\"ez-toc-js-icon-con\"><span class=\"\"><span class=\"eztoc-hide\" style=\"display:none;\">Toggle<\/span><span class=\"ez-toc-icon-toggle-span\"><svg style=\"fill: #999;color:#999\" xmlns=\"http:\/\/www.w3.org\/2000\/svg\" class=\"list-377408\" width=\"20px\" height=\"20px\" viewBox=\"0 0 24 24\" fill=\"none\"><path d=\"M6 6H4v2h2V6zm14 0H8v2h12V6zM4 11h2v2H4v-2zm16 0H8v2h12v-2zM4 16h2v2H4v-2zm16 0H8v2h12v-2z\" fill=\"currentColor\"><\/path><\/svg><svg style=\"fill: #999;color:#999\" class=\"arrow-unsorted-368013\" xmlns=\"http:\/\/www.w3.org\/2000\/svg\" width=\"10px\" height=\"10px\" viewBox=\"0 0 24 24\" version=\"1.2\" baseProfile=\"tiny\"><path d=\"M18.2 9.3l-6.2-6.3-6.2 6.3c-.2.2-.3.4-.3.7s.1.5.3.7c.2.2.4.3.7.3h11c.3 0 .5-.1.7-.3.2-.2.3-.5.3-.7s-.1-.5-.3-.7zM5.8 14.7l6.2 6.3 6.2-6.3c.2-.2.3-.5.3-.7s-.1-.5-.3-.7c-.2-.2-.4-.3-.7-.3h-11c-.3 0-.5.1-.7.3-.2.2-.3.5-.3.7s.1.5.3.7z\"\/><\/svg><\/span><\/span><\/span><\/a><\/span><\/div>\n<nav><ul class='ez-toc-list ez-toc-list-level-1 ' ><li class='ez-toc-page-1 ez-toc-heading-level-3'><a class=\"ez-toc-link ez-toc-heading-1\" href=\"https:\/\/enfoquenoticioso.com\/?p=10797\/#MARIA_HOSPITALIZADA\" >MAR\u00cdA HOSPITALIZADA<\/a><\/li><\/ul><\/nav><\/div>\n<h3 id=\"maria-hospitalizada\" class=\"rb-heading-index-0\"><span class=\"ez-toc-section\" id=\"MARIA_HOSPITALIZADA\"><\/span>MAR\u00cdA HOSPITALIZADA<span class=\"ez-toc-section-end\"><\/span><\/h3>\n<p>Organismos de emergencias trasladaron a Mar\u00eda y la internaron de urgencia en un hospital de la zona. Los m\u00e9dicos indicaron que ten\u00eda graves heridas en su cuerpo, especialmente en el\u00a0brazo izquierdo y la pierna derecha.<\/p>\n<p>Mar\u00eda pas\u00f3 varias horas en el quir\u00f3fano para mantenerla con vida y ahora\u00a0est\u00e1 en terapia intensiva\u00a0en un hospital de la ciudad de Walnut Creek. Medios locales indicaron que ahora deber\u00e1 pasar por un complicado proceso de recuperaci\u00f3n.<\/p>\n<figure id=\"attachment_163019\" class=\"wp-caption alignnone\" aria-describedby=\"caption-attachment-163019\"><img loading=\"lazy\" decoding=\"async\" class=\"wp-image-163019 size-full\" src=\"https:\/\/i0.wp.com\/www.caraotadigital.net\/wp-content\/uploads\/2024\/07\/image-4.jpg?resize=1233%2C694&amp;ssl=1\" alt=\"\" width=\"1233\" height=\"694\" data-recalc-dims=\"1\"\/><figcaption id=\"caption-attachment-163019\" class=\"wp-caption-text\">Mar\u00eda sufri\u00f3 graves lesionespor el ataque. Foto: cortes\u00eda<\/figcaption><\/figure>\n<p>La joven se encuentra consciente y agradeci\u00f3 por todo el apoyo que ha recibido en las \u00faltimas semanas. \u00abYo estoy muy agradecida y\u00a0me siento muy bendecida por esta nueva oportunidad de vida que Dios me dio\u00a0y por poder estar aqu\u00ed\u00bb, dijo.<\/p>\n<p>Mar\u00eda tambi\u00e9n destac\u00f3 la importancia de estar con sus padres, quienes viven en Colombia, en este momento tan dif\u00edcil. \u00abLes agradezco de coraz\u00f3n\u00a0todo lo que est\u00e1n haciendo para que ellos est\u00e9n aqu\u00ed conmigo. Realmente s\u00ed los necesito\u00bb, acot\u00f3.<\/p>\n<p>Los padres de Mar\u00eda comenzaron una campa\u00f1a pidiendo\u00a01.500 d\u00f3lares para pagar los vuelos hasta California. Por su parte, consiguieron visas humanitarias y solamente est\u00e1n a la espera de conseguir el dinero para reencontrarse con su hija.<\/p>\n<p>\u00a0<\/p>\n<\/div>\n<p><a href=\"https:\/\/noticiasaldiayalahora.co\/internacionales\/el-caso-de-maria-paula-la-joven-que-fue-brutalmente-atacada-por-sus-perros-cuando-los-paseaba\/\" class=\" target=\" title=\"La joven que fue brutalmente atacada por sus perros cuando los paseaba\" target=\"_blank\" rel=\"noopener\">Ver fuente<\/a><\/p>\n","protected":false},"excerpt":{"rendered":"<p>Los habitantes de California, en Estados Unidos, est\u00e1n horrorizados por el caso de Mar\u00eda Paula Pe\u00f1a, una joven colombiana de 27 a\u00f1os que lleva dos semanas hospitalizada\u00a0tras ser atacada por sus perros cuando los paseaba. La tragedia ocurri\u00f3 el pasado 24 de junio, cuando Mar\u00eda lleg\u00f3 a su casa en Concord despu\u00e9s de su jornada [&hellip;]<\/p>\n","protected":false},"author":2,"featured_media":10798,"comment_status":"open","ping_status":"closed","sticky":false,"template":"","format":"standard","meta":{"footnotes":""},"categories":[6],"tags":[],"class_list":["post-10797","post","type-post","status-publish","format-standard","has-post-thumbnail","hentry","category-internacionales"],"_links":{"self":[{"href":"https:\/\/enfoquenoticioso.com\/index.php?rest_route=\/wp\/v2\/posts\/10797","targetHints":{"allow":["GET"]}}],"collection":[{"href":"https:\/\/enfoquenoticioso.com\/index.php?rest_route=\/wp\/v2\/posts"}],"about":[{"href":"https:\/\/enfoquenoticioso.com\/index.php?rest_route=\/wp\/v2\/types\/post"}],"author":[{"embeddable":true,"href":"https:\/\/enfoquenoticioso.com\/index.php?rest_route=\/wp\/v2\/users\/2"}],"replies":[{"embeddable":true,"href":"https:\/\/enfoquenoticioso.com\/index.php?rest_route=%2Fwp%2Fv2%2Fcomments&post=10797"}],"version-history":[{"count":0,"href":"https:\/\/enfoquenoticioso.com\/index.php?rest_route=\/wp\/v2\/posts\/10797\/revisions"}],"wp:featuredmedia":[{"embeddable":true,"href":"https:\/\/enfoquenoticioso.com\/index.php?rest_route=\/wp\/v2\/media\/10798"}],"wp:attachment":[{"href":"https:\/\/enfoquenoticioso.com\/index.php?rest_route=%2Fwp%2Fv2%2Fmedia&parent=10797"}],"wp:term":[{"taxonomy":"category","embeddable":true,"href":"https:\/\/enfoquenoticioso.com\/index.php?rest_route=%2Fwp%2Fv2%2Fcategories&post=10797"},{"taxonomy":"post_tag","embeddable":true,"href":"https:\/\/enfoquenoticioso.com\/index.php?rest_route=%2Fwp%2Fv2%2Ftags&post=10797"}],"curies":[{"name":"wp","href":"https:\/\/api.w.org\/{rel}","templated":true}]}}