{"id":10809,"date":"2024-07-09T14:26:30","date_gmt":"2024-07-09T14:26:30","guid":{"rendered":"https:\/\/enfoquenoticioso.com\/sucesos\/detienen-en-coro-a-un-abogado-y-ex-fiscal-del-ministerio-publico\/"},"modified":"2024-07-09T14:26:30","modified_gmt":"2024-07-09T14:26:30","slug":"detienen-en-coro-a-un-abogado-y-ex-fiscal-del-ministerio-publico","status":"publish","type":"post","link":"https:\/\/enfoquenoticioso.com\/?p=10809","title":{"rendered":"Detienen en Coro a un abogado y ex fiscal del Ministerio P\u00fablico"},"content":{"rendered":"<div id=\"post-532362\">\n<div class=\"entry-thumbnail\">\n<img width=\"696\" height=\"437\" src=\"https:\/\/i0.wp.com\/noticiasaldiayalahora.co\/wp-content\/uploads\/2024\/07\/Coro.png?resize=696%2C437&amp;ssl=1\" class=\"attachment-content-single size-content-single wp-post-image\" alt=\"\" decoding=\"async\" fetchpriority=\"high\"\/><\/div>\n<p class=\"entry-meta\">\n<span class=\"entry-meta-author vcard author\">Por: <a class=\"fn\" href=\"https:\/\/noticiasaldiayalahora.co\/author\/redaccion\/\" target=\"_blank\" rel=\"noopener\">Redacci\u00f3n Noticias al Dia y a la Hora<\/a><\/span><br \/>\n<span class=\"entry-meta-date updated\">9 julio, 2024<\/span>\n<\/p>\n<div class=\"entry-content clearfix\">\n<p>La detenci\u00f3n del abogado y ex fiscal del Ministerio P\u00fablico, Nelson Manuel Garc\u00eda Ar\u00e9valo es un eslab\u00f3n dentro de la investigaci\u00f3n que le siguen a Yorwis Bracho G\u00f3mez, el juez primero de Control del estado Falc\u00f3n detenido el 17 de marzo del a\u00f1o 2023 en el curso de una operaci\u00f3n anticorrupci\u00f3n a escala nacional.<span id=\"more-532362\"\/><\/p>\n<p>Adem\u00e1s de Garc\u00eda Ar\u00e9valo, la PNB detuvo al ciudadano Leonardo Rafael Capielo en atenci\u00f3n a la orden de aprehensi\u00f3n 212-23 librada el 17 de noviembre del a\u00f1o 2023 por el Juzgado Segundo de Primera Instancia con competencia en delitos asociados a corrupci\u00f3n, delincuencia organizada y terrorismo a cargo del doctor Carlos Liendo.<\/p>\n<p>La orden de 210 contra Garc\u00eda Ar\u00e9valo y seg\u00fan la causa 02-CT-S-045-23 tiene que ver con la presunta comisi\u00f3n de los delitos de retraso y omisi\u00f3n intencional de funciones previsto en el art\u00edculo 69 ordinal 2 de la Ley Contra la Corrupci\u00f3n, uso de documento falso y asociaci\u00f3n seg\u00fan art\u00edculo 37 de la Ley Contra la Delincuencia Organizada y Financiamiento al Terrorismo.<\/p>\n<p>A pesar de haberse librado el 17 de noviembre del 2023, las \u00f3rdenes de aprehensi\u00f3n se ejecutaron la tarde del s\u00e1bado 6 de julio, pasados 7 meses y 18 d\u00edas.<\/p>\n<p>Una vez presentados en Coro, tanto el abogado Nelson Garc\u00eda como el ciudadano Leonardo Capielo, al declinar la competencia el tribunal hacia la instancia que libr\u00f3 la orden de Caracas, el sitio de reclusi\u00f3n ser\u00eda el Helicoide.<\/p>\n<p>Las detenciones guardan relaci\u00f3n con una investigaci\u00f3n contra Yorwis Bracho quien seg\u00fan el portal Corrupt\u00f3metro, \u00abfue detenido por la Polic\u00eda Nacional Anticorrupci\u00f3n por presuntamente celebrar una audiencia especial de tercer\u00eda, donde acord\u00f3 la entrega de cuatro veh\u00edculos, que eran objeto de una medida cautelar de incautaci\u00f3n solicitada por el Ministerio P\u00fablico. Seg\u00fan la Fiscal\u00eda, Bracho G\u00f3mez se aprovechaba de su cargo para otorgar beneficios judiciales. Los propietarios de los veh\u00edculos est\u00e1n sujetos a investigaci\u00f3n penal, incluso algunos investigados como terceros interpuestos\u00bb.<\/p>\n<p><strong>por Cactus24<\/strong><\/p>\n<div id=\"ez-toc-container\" class=\"ez-toc-v2_0_81 counter-hierarchy ez-toc-counter ez-toc-grey ez-toc-container-direction\">\n<div class=\"ez-toc-title-container\">\n<p class=\"ez-toc-title\" style=\"cursor:inherit\">Tabla de Contenido<\/p>\n<span class=\"ez-toc-title-toggle\"><a href=\"#\" class=\"ez-toc-pull-right ez-toc-btn ez-toc-btn-xs ez-toc-btn-default ez-toc-toggle\" aria-label=\"Alternar tabla de contenidos\"><span class=\"ez-toc-js-icon-con\"><span class=\"\"><span class=\"eztoc-hide\" style=\"display:none;\">Toggle<\/span><span class=\"ez-toc-icon-toggle-span\"><svg style=\"fill: #999;color:#999\" xmlns=\"http:\/\/www.w3.org\/2000\/svg\" class=\"list-377408\" width=\"20px\" height=\"20px\" viewBox=\"0 0 24 24\" fill=\"none\"><path d=\"M6 6H4v2h2V6zm14 0H8v2h12V6zM4 11h2v2H4v-2zm16 0H8v2h12v-2zM4 16h2v2H4v-2zm16 0H8v2h12v-2z\" fill=\"currentColor\"><\/path><\/svg><svg style=\"fill: #999;color:#999\" class=\"arrow-unsorted-368013\" xmlns=\"http:\/\/www.w3.org\/2000\/svg\" width=\"10px\" height=\"10px\" viewBox=\"0 0 24 24\" version=\"1.2\" baseProfile=\"tiny\"><path d=\"M18.2 9.3l-6.2-6.3-6.2 6.3c-.2.2-.3.4-.3.7s.1.5.3.7c.2.2.4.3.7.3h11c.3 0 .5-.1.7-.3.2-.2.3-.5.3-.7s-.1-.5-.3-.7zM5.8 14.7l6.2 6.3 6.2-6.3c.2-.2.3-.5.3-.7s-.1-.5-.3-.7c-.2-.2-.4-.3-.7-.3h-11c-.3 0-.5.1-.7.3-.2.2-.3.5-.3.7s.1.5.3.7z\"\/><\/svg><\/span><\/span><\/span><\/a><\/span><\/div>\n<nav><ul class='ez-toc-list ez-toc-list-level-1 ' ><li class='ez-toc-page-1 ez-toc-heading-level-4'><a class=\"ez-toc-link ez-toc-heading-1\" href=\"https:\/\/enfoquenoticioso.com\/?p=10809\/#Sigue_al_canal_de_noticias_en_Whatsaap\" >Sigue al canal de noticias en Whatsaap\u00a0<\/a><\/li><\/ul><\/nav><\/div>\n<h4><span class=\"ez-toc-section\" id=\"Sigue_al_canal_de_noticias_en_Whatsaap\"><\/span><strong><a href=\"https:\/\/whatsapp.com\/channel\/0029VaDXFnLId7nFFiDdVI26?fbclid=IwAR1LnVJqcByTELJH4Ht086FYRmdx18pRnV7CrkzmTJ5JaLHYY0igukfL9Yk\" target=\"_blank\" rel=\"noopener\">Sigue al canal de noticias en Whatsaap\u00a0<\/a><\/strong><span class=\"ez-toc-section-end\"><\/span><\/h4>\n<\/div>\n<\/div>\n<p><a href=\"https:\/\/noticiasaldiayalahora.co\/sucesos\/detienen-en-coro-a-un-abogado-y-ex-fiscal-del-ministerio-publico\/\" class=\" target=\" title=\"Detienen en Coro a un abogado y ex fiscal del Ministerio P\u00fablico\" target=\"_blank\" rel=\"noopener\">Ver fuente<\/a><\/p>\n","protected":false},"excerpt":{"rendered":"<p>Por: Redacci\u00f3n Noticias al Dia y a la Hora 9 julio, 2024 La detenci\u00f3n del abogado y ex fiscal del Ministerio P\u00fablico, Nelson Manuel Garc\u00eda Ar\u00e9valo es un eslab\u00f3n dentro de la investigaci\u00f3n que le siguen a Yorwis Bracho G\u00f3mez, el juez primero de Control del estado Falc\u00f3n detenido el 17 de marzo del a\u00f1o [&hellip;]<\/p>\n","protected":false},"author":2,"featured_media":10810,"comment_status":"open","ping_status":"closed","sticky":false,"template":"","format":"standard","meta":{"footnotes":""},"categories":[5],"tags":[],"class_list":["post-10809","post","type-post","status-publish","format-standard","has-post-thumbnail","hentry","category-sucesos"],"_links":{"self":[{"href":"https:\/\/enfoquenoticioso.com\/index.php?rest_route=\/wp\/v2\/posts\/10809","targetHints":{"allow":["GET"]}}],"collection":[{"href":"https:\/\/enfoquenoticioso.com\/index.php?rest_route=\/wp\/v2\/posts"}],"about":[{"href":"https:\/\/enfoquenoticioso.com\/index.php?rest_route=\/wp\/v2\/types\/post"}],"author":[{"embeddable":true,"href":"https:\/\/enfoquenoticioso.com\/index.php?rest_route=\/wp\/v2\/users\/2"}],"replies":[{"embeddable":true,"href":"https:\/\/enfoquenoticioso.com\/index.php?rest_route=%2Fwp%2Fv2%2Fcomments&post=10809"}],"version-history":[{"count":0,"href":"https:\/\/enfoquenoticioso.com\/index.php?rest_route=\/wp\/v2\/posts\/10809\/revisions"}],"wp:featuredmedia":[{"embeddable":true,"href":"https:\/\/enfoquenoticioso.com\/index.php?rest_route=\/wp\/v2\/media\/10810"}],"wp:attachment":[{"href":"https:\/\/enfoquenoticioso.com\/index.php?rest_route=%2Fwp%2Fv2%2Fmedia&parent=10809"}],"wp:term":[{"taxonomy":"category","embeddable":true,"href":"https:\/\/enfoquenoticioso.com\/index.php?rest_route=%2Fwp%2Fv2%2Fcategories&post=10809"},{"taxonomy":"post_tag","embeddable":true,"href":"https:\/\/enfoquenoticioso.com\/index.php?rest_route=%2Fwp%2Fv2%2Ftags&post=10809"}],"curies":[{"name":"wp","href":"https:\/\/api.w.org\/{rel}","templated":true}]}}