{"id":109297,"date":"2025-12-01T14:10:45","date_gmt":"2025-12-01T14:10:45","guid":{"rendered":"https:\/\/enfoquenoticioso.com\/?p=109297"},"modified":"2025-12-01T14:10:45","modified_gmt":"2025-12-01T14:10:45","slug":"fallecio-el-reconocido-narrador-deportivo-juan-carlos-mendez","status":"publish","type":"post","link":"https:\/\/enfoquenoticioso.com\/?p=109297","title":{"rendered":"Falleci\u00f3 el reconocido narrador deportivo Juan Carlos M\u00e9ndez"},"content":{"rendered":"<div id=\"post-571036\">\n<div class=\"entry-thumbnail\">\n<img width=\"777\" height=\"437\" src=\"https:\/\/i0.wp.com\/noticiasaldiayalahora.co\/wp-content\/uploads\/2025\/12\/Juan-Carlos-Mendez.png?resize=777%2C437&amp;ssl=1\" class=\"attachment-content-single size-content-single wp-post-image\" alt=\"\" decoding=\"async\" fetchpriority=\"high\" srcset=\"https:\/\/i0.wp.com\/noticiasaldiayalahora.co\/wp-content\/uploads\/2025\/12\/Juan-Carlos-Mendez.png?w=1024&amp;ssl=1 1024w, https:\/\/i0.wp.com\/noticiasaldiayalahora.co\/wp-content\/uploads\/2025\/12\/Juan-Carlos-Mendez.png?resize=300%2C169&amp;ssl=1 300w, https:\/\/i0.wp.com\/noticiasaldiayalahora.co\/wp-content\/uploads\/2025\/12\/Juan-Carlos-Mendez.png?resize=768%2C432&amp;ssl=1 768w, https:\/\/i0.wp.com\/noticiasaldiayalahora.co\/wp-content\/uploads\/2025\/12\/Juan-Carlos-Mendez.png?resize=777%2C437&amp;ssl=1 777w, https:\/\/i0.wp.com\/noticiasaldiayalahora.co\/wp-content\/uploads\/2025\/12\/Juan-Carlos-Mendez.png?resize=180%2C101&amp;ssl=1 180w, https:\/\/i0.wp.com\/noticiasaldiayalahora.co\/wp-content\/uploads\/2025\/12\/Juan-Carlos-Mendez.png?resize=260%2C146&amp;ssl=1 260w, https:\/\/i0.wp.com\/noticiasaldiayalahora.co\/wp-content\/uploads\/2025\/12\/Juan-Carlos-Mendez.png?resize=373%2C210&amp;ssl=1 373w, https:\/\/i0.wp.com\/noticiasaldiayalahora.co\/wp-content\/uploads\/2025\/12\/Juan-Carlos-Mendez.png?resize=120%2C67&amp;ssl=1 120w\" sizes=\"(max-width: 777px) 100vw, 777px\"\/><\/div>\n<p class=\"entry-meta\">\n<span class=\"entry-meta-author vcard author\">Por: <a class=\"fn\" href=\"https:\/\/noticiasaldiayalahora.co\/author\/redaccion\/\" target=\"_blank\" rel=\"noopener\">Redacci\u00f3n Noticias al Dia y a la Hora<\/a><\/span><br \/>\n<span class=\"entry-meta-date updated\">1 diciembre, 2025<\/span>\n<\/p>\n<div class=\"entry-content clearfix\">\n<p>El pasado s\u00e1bado 29 de noviembre se dio a conocer el lamentable fallecimiento del reconocido periodista deportivo, Juan Carlos M\u00e9ndez.<\/p>\n<p>A trav\u00e9s de sus redes, IVC difundi\u00f3 la noticia de M\u00e9ndez, quien en vida form\u00f3 parte del equipo de narradores de deporte del canal.<\/p>\n<div id=\"ez-toc-container\" class=\"ez-toc-v2_0_81 counter-hierarchy ez-toc-counter ez-toc-grey ez-toc-container-direction\">\n<div class=\"ez-toc-title-container\">\n<p class=\"ez-toc-title\" style=\"cursor:inherit\">Tabla de Contenido<\/p>\n<span class=\"ez-toc-title-toggle\"><a href=\"#\" class=\"ez-toc-pull-right ez-toc-btn ez-toc-btn-xs ez-toc-btn-default ez-toc-toggle\" aria-label=\"Alternar tabla de contenidos\"><span class=\"ez-toc-js-icon-con\"><span class=\"\"><span class=\"eztoc-hide\" style=\"display:none;\">Toggle<\/span><span class=\"ez-toc-icon-toggle-span\"><svg style=\"fill: #999;color:#999\" xmlns=\"http:\/\/www.w3.org\/2000\/svg\" class=\"list-377408\" width=\"20px\" height=\"20px\" viewBox=\"0 0 24 24\" fill=\"none\"><path d=\"M6 6H4v2h2V6zm14 0H8v2h12V6zM4 11h2v2H4v-2zm16 0H8v2h12v-2zM4 16h2v2H4v-2zm16 0H8v2h12v-2z\" fill=\"currentColor\"><\/path><\/svg><svg style=\"fill: #999;color:#999\" class=\"arrow-unsorted-368013\" xmlns=\"http:\/\/www.w3.org\/2000\/svg\" width=\"10px\" height=\"10px\" viewBox=\"0 0 24 24\" version=\"1.2\" baseProfile=\"tiny\"><path d=\"M18.2 9.3l-6.2-6.3-6.2 6.3c-.2.2-.3.4-.3.7s.1.5.3.7c.2.2.4.3.7.3h11c.3 0 .5-.1.7-.3.2-.2.3-.5.3-.7s-.1-.5-.3-.7zM5.8 14.7l6.2 6.3 6.2-6.3c.2-.2.3-.5.3-.7s-.1-.5-.3-.7c-.2-.2-.4-.3-.7-.3h-11c-.3 0-.5.1-.7.3-.2.2-.3.5-.3.7s.1.5.3.7z\"\/><\/svg><\/span><\/span><\/span><\/a><\/span><\/div>\n<nav><ul class='ez-toc-list ez-toc-list-level-1 ' ><li class='ez-toc-page-1 ez-toc-heading-level-2'><a class=\"ez-toc-link ez-toc-heading-1\" href=\"https:\/\/enfoquenoticioso.com\/?p=109297\/#Juan_Carlos_Mendez\" >Juan Carlos M\u00e9ndez<\/a><\/li><\/ul><\/nav><\/div>\n<h2 class=\"h2\"><span class=\"ez-toc-section\" id=\"Juan_Carlos_Mendez\"><\/span>Juan Carlos M\u00e9ndez<span class=\"ez-toc-section-end\"><\/span><\/h2>\n<p>Por su parte, el periodista Ra\u00fal Cerde\u00f1o, inform\u00f3 a trav\u00e9s de sus redes que M\u00e9ndez habr\u00eda fallecido durante la madrugada del s\u00e1bado.<\/p>\n<p>Asimismo, indic\u00f3 que la muerte del destacado narrador deportivo fue causas m\u00e9dicas, tras sufrir\u00a0problemas renales.<\/p>\n<p>En vida, Juan Carlos M\u00e9ndez se destac\u00f3 como narrador deportivo\u00a0de Marinos \u2018La Ola Marina\u2019,\u00a0Guaiqueries de Margarita, IVC, circuito radial Caribes de Anzo\u00e1tegui y el f\u00fatbol venezolano.<\/p>\n<blockquote class=\"instagram-media\" style=\"background: #FFF; border: 0; border-radius: 3px; box-shadow: 0 0 1px 0 rgba(0,0,0,0.5),0 1px 10px 0 rgba(0,0,0,0.15); margin: 1px; max-width: 540px; min-width: 326px; padding: 0; width: calc(100% - 2px);\" data-instgrm-captioned=\"\" data-instgrm-permalink=\"https:\/\/www.instagram.com\/p\/DRpZkBXEZPM\/?utm_source=ig_embed&amp;utm_campaign=loading\" data-instgrm-version=\"14\">\n<\/blockquote><\/div>\n<\/div>\n<p><script async src=\"\/\/www.instagram.com\/embed.js\"><\/script><br \/>\n<br \/><a href=\"https:\/\/noticiasaldiayalahora.co\/deportes\/fallecio-el-reconocido-narrador-deportivo-juan-carlos-mendez\/\" class=\" target=\" title=\"Falleci\u00f3 el reconocido narrador deportivo Juan Carlos M\u00e9ndez\" target=\"_blank\" rel=\"noopener\">Ver fuente<\/a><\/p>\n","protected":false},"excerpt":{"rendered":"<p>Por: Redacci\u00f3n Noticias al Dia y a la Hora 1 diciembre, 2025 El pasado s\u00e1bado 29 de noviembre se dio a conocer el lamentable fallecimiento del reconocido periodista deportivo, Juan Carlos M\u00e9ndez. A trav\u00e9s de sus redes, IVC difundi\u00f3 la noticia de M\u00e9ndez, quien en vida form\u00f3 parte del equipo de narradores de deporte del [&hellip;]<\/p>\n","protected":false},"author":2,"featured_media":109298,"comment_status":"open","ping_status":"closed","sticky":false,"template":"","format":"standard","meta":{"footnotes":""},"categories":[1],"tags":[],"class_list":["post-109297","post","type-post","status-publish","format-standard","has-post-thumbnail","hentry","category-noticias"],"_links":{"self":[{"href":"https:\/\/enfoquenoticioso.com\/index.php?rest_route=\/wp\/v2\/posts\/109297","targetHints":{"allow":["GET"]}}],"collection":[{"href":"https:\/\/enfoquenoticioso.com\/index.php?rest_route=\/wp\/v2\/posts"}],"about":[{"href":"https:\/\/enfoquenoticioso.com\/index.php?rest_route=\/wp\/v2\/types\/post"}],"author":[{"embeddable":true,"href":"https:\/\/enfoquenoticioso.com\/index.php?rest_route=\/wp\/v2\/users\/2"}],"replies":[{"embeddable":true,"href":"https:\/\/enfoquenoticioso.com\/index.php?rest_route=%2Fwp%2Fv2%2Fcomments&post=109297"}],"version-history":[{"count":0,"href":"https:\/\/enfoquenoticioso.com\/index.php?rest_route=\/wp\/v2\/posts\/109297\/revisions"}],"wp:featuredmedia":[{"embeddable":true,"href":"https:\/\/enfoquenoticioso.com\/index.php?rest_route=\/wp\/v2\/media\/109298"}],"wp:attachment":[{"href":"https:\/\/enfoquenoticioso.com\/index.php?rest_route=%2Fwp%2Fv2%2Fmedia&parent=109297"}],"wp:term":[{"taxonomy":"category","embeddable":true,"href":"https:\/\/enfoquenoticioso.com\/index.php?rest_route=%2Fwp%2Fv2%2Fcategories&post=109297"},{"taxonomy":"post_tag","embeddable":true,"href":"https:\/\/enfoquenoticioso.com\/index.php?rest_route=%2Fwp%2Fv2%2Ftags&post=109297"}],"curies":[{"name":"wp","href":"https:\/\/api.w.org\/{rel}","templated":true}]}}