{"id":109353,"date":"2025-12-01T18:41:47","date_gmt":"2025-12-01T18:41:47","guid":{"rendered":"https:\/\/enfoquenoticioso.com\/?p=109353"},"modified":"2025-12-01T18:41:47","modified_gmt":"2025-12-01T18:41:47","slug":"solo-ira-al-mundial-quien-este-al-100","status":"publish","type":"post","link":"https:\/\/enfoquenoticioso.com\/?p=109353","title":{"rendered":"Solo ir\u00e1 al Mundial quien est\u00e9 al 100"},"content":{"rendered":"<div>\n<p>Aunque el delantero brasile\u00f1o dej\u00f3 mejores sensaciones frente al Girona, su nivel sigue lejos del mostrado en temporadas anteriores. \u201cNecesito futbolistas al 100 %, si Vinicius est\u00e1 al 90 %, habr\u00e1 otro al que pueda llamar\u00bb, asegur\u00f3 el t\u00e9cnico italiano. Tambi\u00e9n habl\u00f3 de Neymar, a quien no descarta para la cita mundialista pese a no haber sido convocado recientemente<\/p>\n<p>La situaci\u00f3n deportiva del Real Madrid comienza a generar preocupaci\u00f3n. Tras encadenar tres empates consecutivos en Liga, el equipo ha cedido el liderato al Barcelona y varias de sus figuras viven un momento de bajo rendimiento. Entre ellas, Vinicius Junior vuelve a estar en el centro del an\u00e1lisis por su irregularidad.<\/p>\n<p>Aunque el delantero brasile\u00f1o dej\u00f3 mejores sensaciones frente al Girona, su nivel sigue lejos del mostrado en temporadas anteriores, y ese declive podr\u00eda tener consecuencias m\u00e1s all\u00e1 del club blanco. As\u00ed lo dej\u00f3 entrever Carlo Ancelotti, actual seleccionador de Brasil, durante una entrevista con la cadena \u2018TV Record\u2019, reproducida por el diario \u2018As\u2019.<\/p>\n<p>El t\u00e9cnico fue muy claro respecto a los criterios para elegir a los jugadores que ir\u00e1n al Mundial 2026: solo estar\u00e1n los que lleguen al m\u00e1ximo nivel.\u00a0\u201cNecesito futbolistas al 100%. Si Vinicius est\u00e1 al 90%, habr\u00e1 otro al que pueda llamar. Brasil tiene un nivel de competencia alt\u00edsimo, especialmente en ataque\u201d, explic\u00f3.<\/p>\n<p>Ancelotti\u00a0tambi\u00e9n habl\u00f3 de Neymar, a quien no descarta para la cita mundialista pese a no haber sido convocado recientemente: \u201cLas lesiones no le permitieron estar en forma, pero ha demostrado un talento extraordinario. Sigue estando en igualdad de condiciones que el resto\u201d.<\/p>\n<p>Para Vinicius, la advertencia est\u00e1 lanzada: recuperar su mejor nivel no solo es vital para el Real Madrid, sino tambi\u00e9n para mantener su lugar en la selecci\u00f3n brasile\u00f1a rumbo a 2026.<\/p>\n<\/p><\/div>\n<p><a href=\"https:\/\/noticiasaldiayalahora.co\/deportes\/carlo-ancelotti-lanza-aviso-a-vinicius-solo-ira-al-mundial-quien-este-al-100\/\" class=\" target=\" title=\"Solo ir\u00e1 al Mundial quien est\u00e9 al 100\" target=\"_blank\" rel=\"noopener\">Ver fuente<\/a><\/p>\n","protected":false},"excerpt":{"rendered":"<p>Aunque el delantero brasile\u00f1o dej\u00f3 mejores sensaciones frente al Girona, su nivel sigue lejos del mostrado en temporadas anteriores. \u201cNecesito futbolistas al 100 %, si Vinicius est\u00e1 al 90 %, habr\u00e1 otro al que pueda llamar\u00bb, asegur\u00f3 el t\u00e9cnico italiano. Tambi\u00e9n habl\u00f3 de Neymar, a quien no descarta para la cita mundialista pese a no [&hellip;]<\/p>\n","protected":false},"author":2,"featured_media":109354,"comment_status":"open","ping_status":"closed","sticky":false,"template":"","format":"standard","meta":{"footnotes":""},"categories":[1],"tags":[],"class_list":["post-109353","post","type-post","status-publish","format-standard","has-post-thumbnail","hentry","category-noticias"],"_links":{"self":[{"href":"https:\/\/enfoquenoticioso.com\/index.php?rest_route=\/wp\/v2\/posts\/109353","targetHints":{"allow":["GET"]}}],"collection":[{"href":"https:\/\/enfoquenoticioso.com\/index.php?rest_route=\/wp\/v2\/posts"}],"about":[{"href":"https:\/\/enfoquenoticioso.com\/index.php?rest_route=\/wp\/v2\/types\/post"}],"author":[{"embeddable":true,"href":"https:\/\/enfoquenoticioso.com\/index.php?rest_route=\/wp\/v2\/users\/2"}],"replies":[{"embeddable":true,"href":"https:\/\/enfoquenoticioso.com\/index.php?rest_route=%2Fwp%2Fv2%2Fcomments&post=109353"}],"version-history":[{"count":0,"href":"https:\/\/enfoquenoticioso.com\/index.php?rest_route=\/wp\/v2\/posts\/109353\/revisions"}],"wp:featuredmedia":[{"embeddable":true,"href":"https:\/\/enfoquenoticioso.com\/index.php?rest_route=\/wp\/v2\/media\/109354"}],"wp:attachment":[{"href":"https:\/\/enfoquenoticioso.com\/index.php?rest_route=%2Fwp%2Fv2%2Fmedia&parent=109353"}],"wp:term":[{"taxonomy":"category","embeddable":true,"href":"https:\/\/enfoquenoticioso.com\/index.php?rest_route=%2Fwp%2Fv2%2Fcategories&post=109353"},{"taxonomy":"post_tag","embeddable":true,"href":"https:\/\/enfoquenoticioso.com\/index.php?rest_route=%2Fwp%2Fv2%2Ftags&post=109353"}],"curies":[{"name":"wp","href":"https:\/\/api.w.org\/{rel}","templated":true}]}}