{"id":10969,"date":"2024-07-10T10:15:11","date_gmt":"2024-07-10T10:15:11","guid":{"rendered":"https:\/\/enfoquenoticioso.com\/sucesos\/polemica-la-mujer-acusada-de-asesinar-a-su-bebe-en-petare-fue-declarada-inocente\/"},"modified":"2024-07-10T10:15:11","modified_gmt":"2024-07-10T10:15:11","slug":"polemica-la-mujer-acusada-de-asesinar-a-su-bebe-en-petare-fue-declarada-inocente","status":"publish","type":"post","link":"https:\/\/enfoquenoticioso.com\/?p=10969","title":{"rendered":"\u00a1Pol\u00e9mica! La mujer acusada de asesinar a su beb\u00e9 en Petare fue declarada inocente"},"content":{"rendered":"<div>\n<p>El pasado martes 2 de julio, Yailin Damaris Espinoza Lara pudo reencontrarse con su familia tras haber culminado el juicio que enfrent\u00f3 durante m\u00e1s de seis meses. La mujer de 23 a\u00f1os fue liberada bajo libertad plena, tras comprobarse su inocencia.<strong>\u00a0Ella no mat\u00f3 a su beb\u00e9 con una tabla en el Hospital Materno Infantil del Este \u201cDr. Joel Valencia Parpacen\u201d, parroquia Petare, como se viraliz\u00f3 en redes sociales.<\/strong> <span id=\"more-532419\"\/><\/p>\n<p>Por <strong><span class=\"author-name vcard fn author\">Ana\u00edsa Rodr\u00edguez\/ElCooperante<\/span><\/strong><\/p>\n<p>Este martes cont\u00f3 todos los detalles de la traum\u00e1tica experiencia y pidi\u00f3 a las mujeres que est\u00e1n embarazadas no acudir a hospitales p\u00fablicos para evitar situaciones similares.<\/p>\n<p>Todo empez\u00f3 el 3 de marzo del 2023, cuando el director del Cicpc, Douglas Rico inform\u00f3 en su cuenta\u00a0Instagram\u00a0que, una comisi\u00f3n detuvo a Yailin. Seg\u00fan el reporte, la mujer fue evaluada por el equipo m\u00e9dico, quienes le informaron que dar\u00eda a luz de manera natural, por lo que tom\u00f3 una actitud agresiva, exigiendo que se le practicara una ces\u00e1rea. Ella opt\u00f3 por desprenderse las v\u00edas, tom\u00f3 una tabla de tabla de madera con la que se golpe\u00f3 en m\u00faltiples veces en la barriga, adem\u00e1s de tirarse contra el suelo, de frente, con el prop\u00f3sito de que se le fuese practicada la intervenci\u00f3n.<\/p>\n<p>Los galenos le practicaron una ces\u00e1rea de emergencia, logrando que el ni\u00f1o naciera con vida, sin embargo, falleci\u00f3 poco minutos despu\u00e9s debido a las lesiones causadas por la mujer. Pero el juicio revel\u00f3 lo que en realidad pas\u00f3.<\/p>\n<p><strong>En entrevista exclusiva concedida a este portal<\/strong>, Yailin quien es madre de una ni\u00f1a de 6 a\u00f1os, destac\u00f3 que gracias al \u00faltimo \u00f3rgano de prueba se pudo comprobar que el beb\u00e9 falleci\u00f3 a causa de asfixia perinatal por trabajo de parto prolongado. Es decir, tuvo un trauma fetal por la desatenci\u00f3n del equipo m\u00e9dico.<\/p>\n<p>\u00abHace 1 a\u00f1o y 4 meses, viv\u00ed una experiencia traum\u00e1tica que fue perder a mi beb\u00e9, y ser detenida. Me culparon de haberle asesinado, estuve todo ese tiempo peleando mi juicio y defendiendo mi inocencia. Todav\u00eda esa p\u00e9rdida sigue latente en mi coraz\u00f3n, es muy traum\u00e1tico, lo recuerdo, todav\u00eda tengo sus cosas en mi cuarto. Es muy fuerte, pero le doy gracias a Dios por una segunda oportunidad y porque ahora puedo pasar el luto como debe ser, llorar con mi familia, abrazar a mi hija y a mi esposo. Abrazarlos y no soltarlos nunca\u00bb, expres\u00f3.<\/p>\n<p>Calific\u00f3 como una mentira el hecho de que hayan dicho que se golpe\u00f3 la barriga con una tabla. Pese a que esta falsedad, provoc\u00f3 el rechazo generalizado contra su persona, Yailin asegur\u00f3 que no le guarda rencor a los m\u00e9dicos y que todo se lo deja a Dios.<\/p>\n<p>\u00abYo estoy bajo libertad plena, ellos dijeron que me golpe\u00e9 con una tabla y fue una mentira que me hizo estar detenida y enfrentar un juicio durante meses. No tengo nada que decir de los doctores, no quiero que les pase nada, no tengo ninguna sed de venganza. No tengo nada en contra de ellos. No quiero recordar ese mal rato, solo pido que Dios los bendiga y que ser\u00e1 Dios el \u00fanico que se encargar\u00e1 de todo\u00bb, enfatiz\u00f3.<\/p>\n<p>En este punto, la joven madre afirm\u00f3 que siempre estuvo confiada de que saldr\u00eda en libertad: \u00abFueron muchos meses lejos de mi familia, es muy doloroso ver que hay muchas mujeres inocentes detenidas por este tipo de casos, yo no era la \u00fanica. En mi mente nunca pas\u00f3 ser condenada o llegar a un penal. Siempre estuve positiva, sab\u00eda que mi inocencia se iba a comprobar y me visualizaba junto a mi familia\u00bb.<\/p>\n<p><strong>Mensaje a las madres y a los m\u00e9dicos<\/strong><\/p>\n<p>Pese a estar con su familia en Petare, Yailin dijo sentirse todav\u00eda deprimida por este trago amargo. Es un cap\u00edtulo que quisiera olvidar y si bien no descarta tener otro hijo, consider\u00f3 que deber\u00e1 pasar un buen tiempo.<\/p>\n<p>Envi\u00f3 un consejo a las embarazadas que est\u00e1n por dar a luz, para que elijan correctamente el centro de salud, ya que de eso depender\u00e1 la vida de su beb\u00e9 y de ellas mismas: \u00abMi \u00fanico consejo es que tomemos buenas decisiones y que esos lugares no son confiables para tener a nuestros beb\u00e9s. Es preferible acudir a centros cl\u00ednicos privados para tener nuestros beb\u00e9s y no pasar por una mala praxis o ser v\u00edctimas de negligencia m\u00e9dica\u00bb.<\/p>\n<p>\u00abA los m\u00e9dicos, le pido que sean m\u00e1s profesionales y hagan su trabajo. Que los partos los atiendan m\u00e9dicos graduados y con experiencia, que no pongan a atender a m\u00e9dicos que est\u00e1n aprendiendo a ser doctores, si no a verdaderos especialistas\u00bb.<\/p>\n<figure class=\"wp-block-image size-full is-resized\"><img loading=\"lazy\" decoding=\"async\" class=\"wp-image-967999 entered lazyloaded\" sizes=\"auto, (max-width: 537px) 100vw, 537px\" srcset=\"https:\/\/i0.wp.com\/elcooperante.com\/wp-content\/uploads\/2024\/07\/Yailin_Petare.jpg.webp?resize=537%2C495&amp;ssl=1 537w, https:\/\/elcooperante.com\/wp-content\/uploads\/2024\/07\/Yailin_Petare-300x277.jpg.webp 300w, https:\/\/elcooperante.com\/wp-content\/uploads\/2024\/07\/Yailin_Petare-150x138.jpg.webp 150w, https:\/\/elcooperante.com\/wp-content\/uploads\/2024\/07\/Yailin_Petare-13x12.jpg.webp 13w\" alt=\"\" width=\"537\" height=\"495\" data-lazy-sizes=\"(max-width: 537px) 100vw, 537px\" src=\"https:\/\/i0.wp.com\/elcooperante.com\/wp-content\/uploads\/2024\/07\/Yailin_Petare.jpg.webp?resize=537%2C495&amp;ssl=1\" src-webp=\"https:\/\/i0.wp.com\/elcooperante.com\/wp-content\/uploads\/2024\/07\/Yailin_Petare.jpg.webp?resize=537%2C495&amp;ssl=1\" srcset-webp=\"https:\/\/i0.wp.com\/elcooperante.com\/wp-content\/uploads\/2024\/07\/Yailin_Petare.jpg.webp?resize=537%2C495&amp;ssl=1 537w, https:\/\/elcooperante.com\/wp-content\/uploads\/2024\/07\/Yailin_Petare-300x277.jpg.webp 300w, https:\/\/elcooperante.com\/wp-content\/uploads\/2024\/07\/Yailin_Petare-150x138.jpg.webp 150w, https:\/\/elcooperante.com\/wp-content\/uploads\/2024\/07\/Yailin_Petare-13x12.jpg.webp 13w\" data-ll-status=\"loaded\" data-recalc-dims=\"1\"\/><\/figure>\n<p><strong>Un plan en su contra<\/strong><\/p>\n<p>En una\u00a0entrevista\u00a0a este portal, concedida en noviembre de 2023, Maikol David Alzamora Su\u00e1rez, esposo de la mujer y padre del beb\u00e9 fallecido, asegur\u00f3 que la mujer fue v\u00edctima de un plan de los m\u00e9dicos y enfermeras que le atendieron ese d\u00eda, para ocultar un caso de negligencia m\u00e9dica.<\/p>\n<p>Fue el martes 28 de febrero del a\u00f1o pasado, cuando a Yailin le dieron unas puntadas, por lo que decidieron asistir al centro de salud, conocido como Materno de Petare.<\/p>\n<p>\u00abElla estuvo en control en ese hospital todo el embarazo, todo iba muy bien, ten\u00eda sus ecos, todo su control mensual. Una semana antes del 28, le dieron unos dolores y le dijeron que el beb\u00e9 estaba en posici\u00f3n, que esperara el trabajo de parto. Este es su segundo embarazo, nuestra otra ni\u00f1a tiene cinco a\u00f1os. La madrugada del martes le dieron unas puntadas, pero ella me dijo que pod\u00eda soportar el dolor. As\u00ed pasamos la ma\u00f1ana y la tarde. Y a las 6:00 p.m. salimos al hospital\u00bb, precis\u00f3.<\/p>\n<p>Minutos despu\u00e9s de llegar, fue atendida por el personal de emergencia. Le tomaron los datos.<\/p>\n<p>\u00abComo a las 8:00 p.m. -dos horas despu\u00e9s- nos llamaron a m\u00ed y a mi suegra para que la tranquiliz\u00e1ramos porque estaba alterada. Me dejaron pasar a sala de parto pese a que no ten\u00eda guantes ni nada. En ese momento, ella ven\u00eda caminando hacia nosotros, le dijimos que se quedara tranquila, pero me dec\u00eda que no pod\u00eda, que no aguantaba el dolor. Me dec\u00eda: Maikol ay\u00fadame porque de verdad, no puedo. La abrac\u00e9, la calm\u00e9 y le dije que pensara en nuestra ni\u00f1a, que ella s\u00ed pod\u00eda\u00bb.<\/p>\n<p>\u00abCuando pas\u00f3 se iba a desmayar y yo la tuve que agarrar. En ese momento estaban varias enfermeras y dos m\u00e9dicos, un reumat\u00f3logo extranjero y una doctora. La agarr\u00e9, la mont\u00e9 en la camilla y le ped\u00ed que por favor se calmara para que todo saliera bien. Ella se qued\u00f3 tranquila y el personal me pidi\u00f3 que me saliera de la sala. Hab\u00eda otras mujeres en sala de parto, pero no estaban dando a luz ni nada\u00bb, asever\u00f3.<\/p>\n<p>En ese punto, ya todos estaban muy nerviosos, agreg\u00f3, pero solo esperaba que el beb\u00e9 naciera sano. Pero a las 11:00 p.m., la joven embarazada lleg\u00f3 caminando sola hacia emergencia.<\/p>\n<p>\u00abEst\u00e1bamos sentados esperando y salimos corriendo para ayudarla. Me dijo que la hab\u00edan dejado sola, que no la quer\u00edan atender. Estaba descalza y semidesnuda, solo con la bata cl\u00ednica azul\u00bb, describi\u00f3. \u00abMi suegra se alter\u00f3 porque la dejaron sola y entr\u00f3 con ella nuevamente para que la atendieran\u00bb.<\/p>\n<p>Casi una hora despu\u00e9s, cerca de las 12:00 de la medianoche, le informaron que la llevar\u00edan a quir\u00f3fano. Pero eso no fue todo.<\/p>\n<p>\u00abEstaba en silla de ruedas, la iban a ingresar al quir\u00f3fano. Pero la doctora me dijo que mi esposa se hab\u00eda pegado con una tabla en la barriga y me ense\u00f1\u00f3 la tabla. Ella estaba p\u00e1lida y me dec\u00eda que eso era falso, que era mentira. Yo me preguntaba \u00bfC\u00f3mo con esa tabla? \u00bfPor qu\u00e9? Ella respondi\u00f3 que toc\u00f3 la tabla, pero que no se hab\u00eda pegado. Tambi\u00e9n es falso que se haya lanzado encima de la barriga. Se hubiese desmayado, estar\u00eda inconsciente, se habr\u00eda hecho da\u00f1o\u00bb, estim\u00f3.<\/p>\n<p>Maikol Alzamora sostuvo que le hicieron firmar una autorizaci\u00f3n para practicarle la ces\u00e1rea. \u00abNos pidieron a su madre y a m\u00ed, una autorizaci\u00f3n firmada porque advert\u00edan que pod\u00eda haber complicaciones por todo el tiempo que hab\u00eda pasado. Nosotros la firmamos y le dijimos que no perdieran m\u00e1s tiempo, que la atendieran lo m\u00e1s r\u00e1pido posible. Nos quedamos afuera esperando\u00bb.<\/p>\n<p>Al cabo de un rato, la doctora le explic\u00f3 que el beb\u00e9 naci\u00f3 muerto.<\/p>\n<p>\u00abNos dicen que est\u00e1 muerto. Yo lo vi y estaba tieso. Hab\u00eda pasado una hora desde que entr\u00f3 a quir\u00f3fano. La neonat\u00f3logo me dijo que el ni\u00f1o naci\u00f3 sin signos vitales. Quedamos consternados. Ahora dice la denuncia que el ni\u00f1o estaba vivo y muri\u00f3 minutos despu\u00e9s. En ese momento yo estaba perplejo, despu\u00e9s de todo lo que hab\u00eda pasado. Ella dijo que estaba muerto antes de sacarlo. Que naci\u00f3 muerto\u00bb, subray\u00f3. \u00abNos dijeron que deb\u00edamos firmar un informe, que era algo normal en esos casos porque deb\u00edan informar a la direcci\u00f3n del hospital. Nosotros le\u00edmos que dec\u00eda que la paciente ten\u00eda una conducta agresiva, que estaba alterada por el dolor y eso lo reconozco, nosotros firmamos ese papel, pero que se haya llegado a tirar al piso es totalmente falso. Y mucho menos pegarse con una tabla\u00bb, fustig\u00f3.<\/p>\n<p>Adem\u00e1s, subray\u00f3 que esperaron durante nueve meses al beb\u00e9 producto de su relaci\u00f3n y no tiene sentido que ella misma se hiciera da\u00f1o de esa forma.<\/p>\n<p>\u00abEs incre\u00edble que una mujer que cuid\u00f3 de su beb\u00e9 durante nueve meses, que tuvo un embarazo controlado, que nosotros como pareja y familia esper\u00e1bamos el nacimiento del beb\u00e9, que le compramos su ropita y sus cosas con mucho sacrificio porque somos de bajos recursos, alguien pueda creer que va a hacer eso en un hospital. De querer haberle hecho da\u00f1o al beb\u00e9 lo hubiese hecho en la casa. Es algo il\u00f3gico. Lo que nosotros creemos es que se est\u00e1n cubriendo las espaldas porque eso fue negligencia m\u00e9dica y por eso la denunciaron ante el Cicpc\u00bb.<\/p>\n<div id=\"ez-toc-container\" class=\"ez-toc-v2_0_81 counter-hierarchy ez-toc-counter ez-toc-grey ez-toc-container-direction\">\n<div class=\"ez-toc-title-container\">\n<p class=\"ez-toc-title\" style=\"cursor:inherit\">Tabla de Contenido<\/p>\n<span class=\"ez-toc-title-toggle\"><a href=\"#\" class=\"ez-toc-pull-right ez-toc-btn ez-toc-btn-xs ez-toc-btn-default ez-toc-toggle\" aria-label=\"Alternar tabla de contenidos\"><span class=\"ez-toc-js-icon-con\"><span class=\"\"><span class=\"eztoc-hide\" style=\"display:none;\">Toggle<\/span><span class=\"ez-toc-icon-toggle-span\"><svg style=\"fill: #999;color:#999\" xmlns=\"http:\/\/www.w3.org\/2000\/svg\" class=\"list-377408\" width=\"20px\" height=\"20px\" viewBox=\"0 0 24 24\" fill=\"none\"><path d=\"M6 6H4v2h2V6zm14 0H8v2h12V6zM4 11h2v2H4v-2zm16 0H8v2h12v-2zM4 16h2v2H4v-2zm16 0H8v2h12v-2z\" fill=\"currentColor\"><\/path><\/svg><svg style=\"fill: #999;color:#999\" class=\"arrow-unsorted-368013\" xmlns=\"http:\/\/www.w3.org\/2000\/svg\" width=\"10px\" height=\"10px\" viewBox=\"0 0 24 24\" version=\"1.2\" baseProfile=\"tiny\"><path d=\"M18.2 9.3l-6.2-6.3-6.2 6.3c-.2.2-.3.4-.3.7s.1.5.3.7c.2.2.4.3.7.3h11c.3 0 .5-.1.7-.3.2-.2.3-.5.3-.7s-.1-.5-.3-.7zM5.8 14.7l6.2 6.3 6.2-6.3c.2-.2.3-.5.3-.7s-.1-.5-.3-.7c-.2-.2-.4-.3-.7-.3h-11c-.3 0-.5.1-.7.3-.2.2-.3.5-.3.7s.1.5.3.7z\"\/><\/svg><\/span><\/span><\/span><\/a><\/span><\/div>\n<nav><ul class='ez-toc-list ez-toc-list-level-1 ' ><li class='ez-toc-page-1 ez-toc-heading-level-2'><a class=\"ez-toc-link ez-toc-heading-1\" href=\"https:\/\/enfoquenoticioso.com\/?p=10969\/#Otro_caso_del_Materno_de_Petare\" >Otro caso del Materno de Petare<\/a><\/li><\/ul><\/nav><\/div>\n<h2 class=\"wp-block-heading\"><span class=\"ez-toc-section\" id=\"Otro_caso_del_Materno_de_Petare\"><\/span>Otro caso del Materno de Petare<span class=\"ez-toc-section-end\"><\/span><\/h2>\n<p>Debido a la falta de estad\u00edsticas oficiales, los medios de comunicaci\u00f3n se han convertido en una ventana de denuncia para casos de presunta mala praxis relacionada al tema materno infantil en Venezuela. En abril de 2022, una mujer denunci\u00f3 que su beb\u00e9 reci\u00e9n nacido falleci\u00f3 en el Materno Infantil de Petare, y que ella fue v\u00edctima de violencia obstetricia.<\/p>\n<p>El Diario 2001\u00a0report\u00f3 que la mujer asisti\u00f3 al Hospital Dr. Domingo Luciani para dar a luz a su beb\u00e9, que ten\u00eda un peso aproximado de 4 kilos 100 gramos, por lo que deb\u00eda ser sometida a una ces\u00e1rea, pero el personal m\u00e9dico se neg\u00f3.<\/p>\n<p>Por tanto, se traslad\u00f3 al Hospital Materno Infantil, donde tambi\u00e9n se negaron a praticarle la c\u00e9sarea y el personal de turno la presion\u00f3 para que aceptara un parto natural. \u00abLas enfermeras le dejaron los brazos morados por la mala colocaci\u00f3n de las v\u00edas intravenosas. Sufri\u00f3 maltratos, le dec\u00edan floja mientras la obligaban a pujar. Le hicieron presi\u00f3n sobre su barriga para forzar la salida del beb\u00e9 pero le causaron da\u00f1os a la madre\u00bb.<\/p>\n<p>Ochoa se percat\u00f3 de que el doctor sali\u00f3 de la sala de parto mientras las enfermeras siguieron con las maniobras hasta que el ni\u00f1o finalmente sali\u00f3. Poco despu\u00e9s de sostenerlo en brazos por solo unos segundos -porque se lo retiraron de inmediato- le dijeron que el ni\u00f1o estaba muerto.<\/p>\n<p>\u00abEn ese momento, la actitud de los m\u00e9dicos y las enfermeras cambi\u00f3, comenzaron a tratarme bien. Mi hijo estaba con vida cuando naci\u00f3, sent\u00ed su mano moverse. Pero los m\u00e9dicos insistieron en que naci\u00f3 sin vida\u00bb.<\/p>\n<p>De acuerdo al reporte del diario regional, los padres denunciaron la mala praxis ante el Cicpc, los forenses determinaron que el reci\u00e9n nacido respir\u00f3 durante una hora, pero present\u00f3 traumatismo cr\u00e1neo-encef\u00e1lico severo. Ni siquiera le entregaron el certificado de nacimiento porque dec\u00edan que naci\u00f3 sin vida. La mujer denunci\u00f3 que el anestesi\u00f3logo le ped\u00eda 100 d\u00f3lares para anetesiarla.<\/p>\n<p>\u00a0<\/p>\n<\/div>\n<p><a href=\"https:\/\/noticiasaldiayalahora.co\/sucesos\/polemica-la-mujer-acusada-de-asesinar-a-su-bebe-en-petare-fue-declarada-inocente\/\" class=\" target=\" title=\"\u00a1Pol\u00e9mica! La mujer acusada de asesinar a su beb\u00e9 en Petare fue declarada inocente\" target=\"_blank\" rel=\"noopener\">Ver fuente<\/a><\/p>\n","protected":false},"excerpt":{"rendered":"<p>El pasado martes 2 de julio, Yailin Damaris Espinoza Lara pudo reencontrarse con su familia tras haber culminado el juicio que enfrent\u00f3 durante m\u00e1s de seis meses. La mujer de 23 a\u00f1os fue liberada bajo libertad plena, tras comprobarse su inocencia.\u00a0Ella no mat\u00f3 a su beb\u00e9 con una tabla en el Hospital Materno Infantil del [&hellip;]<\/p>\n","protected":false},"author":2,"featured_media":10970,"comment_status":"open","ping_status":"closed","sticky":false,"template":"","format":"standard","meta":{"footnotes":""},"categories":[5],"tags":[],"class_list":["post-10969","post","type-post","status-publish","format-standard","has-post-thumbnail","hentry","category-sucesos"],"_links":{"self":[{"href":"https:\/\/enfoquenoticioso.com\/index.php?rest_route=\/wp\/v2\/posts\/10969","targetHints":{"allow":["GET"]}}],"collection":[{"href":"https:\/\/enfoquenoticioso.com\/index.php?rest_route=\/wp\/v2\/posts"}],"about":[{"href":"https:\/\/enfoquenoticioso.com\/index.php?rest_route=\/wp\/v2\/types\/post"}],"author":[{"embeddable":true,"href":"https:\/\/enfoquenoticioso.com\/index.php?rest_route=\/wp\/v2\/users\/2"}],"replies":[{"embeddable":true,"href":"https:\/\/enfoquenoticioso.com\/index.php?rest_route=%2Fwp%2Fv2%2Fcomments&post=10969"}],"version-history":[{"count":0,"href":"https:\/\/enfoquenoticioso.com\/index.php?rest_route=\/wp\/v2\/posts\/10969\/revisions"}],"wp:featuredmedia":[{"embeddable":true,"href":"https:\/\/enfoquenoticioso.com\/index.php?rest_route=\/wp\/v2\/media\/10970"}],"wp:attachment":[{"href":"https:\/\/enfoquenoticioso.com\/index.php?rest_route=%2Fwp%2Fv2%2Fmedia&parent=10969"}],"wp:term":[{"taxonomy":"category","embeddable":true,"href":"https:\/\/enfoquenoticioso.com\/index.php?rest_route=%2Fwp%2Fv2%2Fcategories&post=10969"},{"taxonomy":"post_tag","embeddable":true,"href":"https:\/\/enfoquenoticioso.com\/index.php?rest_route=%2Fwp%2Fv2%2Ftags&post=10969"}],"curies":[{"name":"wp","href":"https:\/\/api.w.org\/{rel}","templated":true}]}}