{"id":109963,"date":"2025-12-05T14:16:18","date_gmt":"2025-12-05T14:16:18","guid":{"rendered":"https:\/\/enfoquenoticioso.com\/?p=109963"},"modified":"2025-12-05T14:16:18","modified_gmt":"2025-12-05T14:16:18","slug":"por-que-excluyo-a-la-argentina-de-messi","status":"publish","type":"post","link":"https:\/\/enfoquenoticioso.com\/?p=109963","title":{"rendered":"por qu\u00e9 excluy\u00f3 a la Argentina de Messi"},"content":{"rendered":"<div>\n<p>Wesley Sneijder, subcampe\u00f3n con Pa\u00edses Bajos en Sud\u00e1frica 2010, nombr\u00f3 a los candidatos a llevarse la Copa del Mundo<\/p>\n<p>por <strong>INFOBAE<\/strong><\/p>\n<p class=\"paragraph\" data-mrf-recirculation=\"Links inline\">A horas del\u00a0sorteo del\u00a0<b>Mundial 2026<\/b>\u00a0que se realizar\u00e1 en Estados Unidos, M\u00e9xico y Canad\u00e1, el ex futbolista de la selecci\u00f3n de Pa\u00edses Bajos\u00a0<b>Wesley Sneijder<\/b>\u00a0dio su opini\u00f3n acerca de los candidatos a ganar la copa y excluy\u00f3 a la\u00a0<b>Argentina\u00a0<\/b>de su lista de semifinalistas. Adem\u00e1s, eligi\u00f3 a los posibles sucesores de<b>\u00a0Lionel Messi<\/b>\u00a0y\u00a0<b>Cristiano Ronaldo<\/b>.<\/p>\n<p class=\"paragraph\" data-mrf-recirculation=\"Links inline\">El ex delantero, que actualmente se desempe\u00f1a como comentarista de f\u00fatbol, dio su p\u00e1lpito para la pr\u00f3xima Copa del Mundo, sorprendiendo con su elecci\u00f3n de favoritos.\u00a0<b>\u201cPortugal, Espa\u00f1a, Francia y Brasil\u201d<\/b>, respondi\u00f3 ante la consulta del periodista del diario\u00a0<i>Marca<\/i>. Luego, se explay\u00f3: \u00abNo mencion\u00e9 a Inglaterra porque la competencia es mucho mayor ahora. Est\u00e1n todos muy cerca unos de otros. Va a ser una locura.\u00a0<b>Inglaterra tambi\u00e9n tiene un equipo incre\u00edble. Igual que los Pa\u00edses Bajos<\/b>. Son muy buenos. Pero tengo que elegir cuatro equipos para las semifinales y esto es lo que pienso:\u00a0<b>Inglaterra puede llegar a semifinales. Argentina tambi\u00e9n, con un poco de suerte. Si Alemania recupera el rumbo, qui\u00e9n sabe\u201c<\/b>.<\/p>\n<p class=\"paragraph\" data-mrf-recirculation=\"Links inline\"><b>Sneijder<\/b>, de\u00a0<b>41 a\u00f1os<\/b>, fue subcampe\u00f3n mundial en\u00a0<b>Sud\u00e1frica 2010<\/b>\u00a0con el conjunto neerland\u00e9s y adem\u00e1s visti\u00f3 las camisetas del Inter, Real Madrid y Ajax, entre otros. En su palmar\u00e9s hay\u00a0<b>21 t\u00edtulos, m\u00e1s de 140 goles<\/b>\u00a0y tres participaciones en Copas del Mundo con el seleccionado naranja. En una de sus \u00faltimas actuaciones, en<b>\u00a0Brasil 2014<\/b>, su equipo fue eliminado en semifinales por la\u00a0<b>Argentina\u00a0<\/b>de\u00a0<b>Alejandro Sabella<\/b>\u00a0en los penales gracias a las atajadas de\u00a0<i><b>Chiquito\u00a0<\/b><\/i><b>Romero<\/b>.<\/p>\n<div class=\"visual__image\"><picture><source srcset=\"https:\/\/www.infobae.com\/resizer\/v2\/DFU5M4TPFSIVOWJ7DLRHTGLZHM.jpg?auth=244191b64f5bc91e586251509efd553cf396784f4a4a7a889595286acdd2e6e1&amp;smart=true&amp;width=992&amp;height=712&amp;quality=85\" media=\"(min-width: 1000px)\"\/><source srcset=\"https:\/\/www.infobae.com\/resizer\/v2\/DFU5M4TPFSIVOWJ7DLRHTGLZHM.jpg?auth=244191b64f5bc91e586251509efd553cf396784f4a4a7a889595286acdd2e6e1&amp;smart=true&amp;width=768&amp;height=552&amp;quality=85\" media=\"(min-width: 768px)\"\/><source srcset=\"https:\/\/www.infobae.com\/resizer\/v2\/DFU5M4TPFSIVOWJ7DLRHTGLZHM.jpg?auth=244191b64f5bc91e586251509efd553cf396784f4a4a7a889595286acdd2e6e1&amp;smart=true&amp;width=577&amp;height=414&amp;quality=85\" media=\"(min-width: 580px)\"\/><source srcset=\"https:\/\/www.infobae.com\/resizer\/v2\/DFU5M4TPFSIVOWJ7DLRHTGLZHM.jpg?auth=244191b64f5bc91e586251509efd553cf396784f4a4a7a889595286acdd2e6e1&amp;smart=true&amp;width=420&amp;height=302&amp;quality=85\" media=\"(min-width: 350px)\"\/><source srcset=\"https:\/\/www.infobae.com\/resizer\/v2\/DFU5M4TPFSIVOWJ7DLRHTGLZHM.jpg?auth=244191b64f5bc91e586251509efd553cf396784f4a4a7a889595286acdd2e6e1&amp;smart=true&amp;width=350&amp;height=251&amp;quality=85\" media=\"(min-width: 80px)\"\/><img loading=\"lazy\" data-recalc-dims=\"1\" decoding=\"async\" class=\"global-image\" src=\"https:\/\/i0.wp.com\/www.infobae.com\/resizer\/v2\/DFU5M4TPFSIVOWJ7DLRHTGLZHM.jpg?resize=777%2C558&amp;ssl=1\" alt=\"Wesley Sneijder, ex futbolista de\" width=\"777\" height=\"558\"\/><\/picture>Wesley Sneijder, ex futbolista de la selecci\u00f3n neerlandesa, oficia como comentarista deportivo (REUTERS\/Kai Pfaffenbach)<\/div>\n<p class=\"paragraph\" data-mrf-recirculation=\"Links inline\">Por otra parte, ante la consulta sobre qui\u00e9nes dominar\u00e1n el escenario futbol\u00edstico en el futuro,\u00a0<b>Sneijder<\/b>\u00a0respondi\u00f3:<b>\u00a0\u00ab<\/b><b>Cuando Messi y Cristiano se retiren, entonces se empezar\u00e1 a hablar m\u00e1s de Mbapp\u00e9, Vinicius y Lamine Yamal, como ahora se habla de Ronaldo y Messi<\/b>.\u00a0<b>Todo se reduce a las generaciones. Cuando Diego Maradona se retir\u00f3, surgieron otros jugadores\u00bb<\/b>.<\/p>\n<p class=\"paragraph\" data-mrf-recirculation=\"Links inline\">En otra de las preguntas de la entrevista que public\u00f3 el medio espa\u00f1ol, el ex futbolista dio su punto de vista sobre el\u00a0<b>Bal\u00f3n de Oro<\/b>, el galard\u00f3n que tiene a\u00a0<b>Messi\u00a0<\/b>como el\u00a0<b>m\u00e1ximo ganador<\/b>\u00a0con ocho trofeos. \u201cAhora se valora el Bal\u00f3n de Oro de otra manera. Se tiene en cuenta la temporada completa. En mi \u00e9poca, la pregunta era simplemente qui\u00e9n era el mejor jugador del mundo.\u00a0<b>Era bastante com\u00fan que se lo llevaran Cristiano Ronaldo o Lionel Messi. Hoy en d\u00eda se valora m\u00e1s la temporada, los logros, y para m\u00ed eso tiene mucho m\u00e1s sentido<\/b>. De esta forma, hay m\u00e1s posibilidades de que otros jugadores lo ganen\u00bb, dijo el neerland\u00e9s.<\/p>\n<p class=\"paragraph\" data-mrf-recirculation=\"Links inline\"><b>\u201cInsisto en que con la forma en que se punt\u00faa ahora estoy bastante seguro de que Kylian Mbapp\u00e9 lo ganar\u00e1 la pr\u00f3xima temporada, al 100%<\/b>. Adem\u00e1s ahora se ha convertido en un verdadero delantero, rinde mejor que en la banda, no necesita el Real Madrid a un jugador como Haaland.\u00a0<b>Vinicius lo ganar\u00e1 quiz\u00e1s al a\u00f1o siguiente.<\/b>\u00a0Ambos tienen la calidad para ello. Quiz\u00e1s Vini ya podr\u00eda haberlo ganado hace dos a\u00f1os. Lo merec\u00eda entonces. Para m\u00ed, y no s\u00e9 qu\u00e9 pensar\u00e1n ellos, pero me sent\u00ed m\u00e1s feliz levantando la Champions League que ganando un Bal\u00f3n de Oro y no tener la Champions esa temporada\u00bb, concluy\u00f3.<\/p>\n<\/p><\/div>\n<p><a href=\"https:\/\/noticiasaldiayalahora.co\/deportes\/un-historico-del-futbol-europeo-eligio-a-sus-cuatro-favoritos-a-ganar-el-mundial-2026-por-que-excluyo-a-la-argentina-de-messi\/\" class=\" target=\" title=\"por qu\u00e9 excluy\u00f3 a la Argentina de Messi\" target=\"_blank\" rel=\"noopener\">Ver fuente<\/a><\/p>\n","protected":false},"excerpt":{"rendered":"<p>Wesley Sneijder, subcampe\u00f3n con Pa\u00edses Bajos en Sud\u00e1frica 2010, nombr\u00f3 a los candidatos a llevarse la Copa del Mundo por INFOBAE A horas del\u00a0sorteo del\u00a0Mundial 2026\u00a0que se realizar\u00e1 en Estados Unidos, M\u00e9xico y Canad\u00e1, el ex futbolista de la selecci\u00f3n de Pa\u00edses Bajos\u00a0Wesley Sneijder\u00a0dio su opini\u00f3n acerca de los candidatos a ganar la copa y [&hellip;]<\/p>\n","protected":false},"author":2,"featured_media":109964,"comment_status":"open","ping_status":"closed","sticky":false,"template":"","format":"standard","meta":{"footnotes":""},"categories":[1],"tags":[],"class_list":["post-109963","post","type-post","status-publish","format-standard","has-post-thumbnail","hentry","category-noticias"],"_links":{"self":[{"href":"https:\/\/enfoquenoticioso.com\/index.php?rest_route=\/wp\/v2\/posts\/109963","targetHints":{"allow":["GET"]}}],"collection":[{"href":"https:\/\/enfoquenoticioso.com\/index.php?rest_route=\/wp\/v2\/posts"}],"about":[{"href":"https:\/\/enfoquenoticioso.com\/index.php?rest_route=\/wp\/v2\/types\/post"}],"author":[{"embeddable":true,"href":"https:\/\/enfoquenoticioso.com\/index.php?rest_route=\/wp\/v2\/users\/2"}],"replies":[{"embeddable":true,"href":"https:\/\/enfoquenoticioso.com\/index.php?rest_route=%2Fwp%2Fv2%2Fcomments&post=109963"}],"version-history":[{"count":0,"href":"https:\/\/enfoquenoticioso.com\/index.php?rest_route=\/wp\/v2\/posts\/109963\/revisions"}],"wp:featuredmedia":[{"embeddable":true,"href":"https:\/\/enfoquenoticioso.com\/index.php?rest_route=\/wp\/v2\/media\/109964"}],"wp:attachment":[{"href":"https:\/\/enfoquenoticioso.com\/index.php?rest_route=%2Fwp%2Fv2%2Fmedia&parent=109963"}],"wp:term":[{"taxonomy":"category","embeddable":true,"href":"https:\/\/enfoquenoticioso.com\/index.php?rest_route=%2Fwp%2Fv2%2Fcategories&post=109963"},{"taxonomy":"post_tag","embeddable":true,"href":"https:\/\/enfoquenoticioso.com\/index.php?rest_route=%2Fwp%2Fv2%2Ftags&post=109963"}],"curies":[{"name":"wp","href":"https:\/\/api.w.org\/{rel}","templated":true}]}}