{"id":11006,"date":"2024-07-10T14:50:05","date_gmt":"2024-07-10T14:50:05","guid":{"rendered":"https:\/\/enfoquenoticioso.com\/internacionales\/pronostican-en-eeuu-una-hiperactiva-temporada-de-huracanes-en-el-atlantico\/"},"modified":"2024-07-10T14:50:05","modified_gmt":"2024-07-10T14:50:05","slug":"pronostican-en-eeuu-una-hiperactiva-temporada-de-huracanes-en-el-atlantico","status":"publish","type":"post","link":"https:\/\/enfoquenoticioso.com\/?p=11006","title":{"rendered":"Pronostican en EEUU una \u201chiperactiva\u201d temporada de huracanes en el Atl\u00e1ntico"},"content":{"rendered":"<div>\n<p>El hurac\u00e1n Beryl y sus r\u00e9cords de formaci\u00f3n temprana son una muestra de la \u201chiperactiva\u201d temporada de huracanes de este a\u00f1o, seg\u00fan un reporte de este martes de la Universidad Estatal de Colorado (CSU, en ingl\u00e9s), que aument\u00f3 su pron\u00f3stico inicial.<span id=\"more-532448\"\/><\/p>\n<p>Beryl, que en una semana toc\u00f3 tierra en las islas de Barlovento, M\u00e9xico y Estados Unidos dejando destrucci\u00f3n y muerte, es apenas el primero de varios huracanes que se vaticinan.<\/p>\n<p>El pron\u00f3stico actualizado de CSU divulgado hoy da cuenta de 25 tormentas con nombre, de las cuales 12 alcanzar\u00edan fuerza de hurac\u00e1n y seis se convertir\u00edan en huracanes importantes.<\/p>\n<p>Se trata de un aumento con respecto a su pron\u00f3stico anterior de principios de junio, que preve\u00eda 23 tormentas con nombre, de las cuales 11 se convertir\u00edan en huracanes y cinco se convertir\u00edan en huracanes importantes.<\/p>\n<p>\u201cHemos aumentado ligeramente nuestro pron\u00f3stico y seguimos previendo una temporada de huracanes en el Atl\u00e1ntico extremadamente activa en 2024\u201c, se\u00f1al\u00f3 la universidad.<\/p>\n<p>Explic\u00f3 que las temperaturas de la superficie del mar promediadas en la principal regi\u00f3n de desarrollo de huracanes del Atl\u00e1ntico tropical y el Caribe se mantienen cerca de niveles c\u00e1lidos r\u00e9cord.<\/p>\n<p>Estas \u201cproporcionan un entorno din\u00e1mico y termodin\u00e1mico mucho m\u00e1s propicio para la formaci\u00f3n e intensificaci\u00f3n de huracanes\u201c, detall\u00f3.<\/p>\n<p>\u201cEl hurac\u00e1n Beryl, un hurac\u00e1n tropical profundo de categor\u00eda 5, tambi\u00e9n es un probable presagio de una temporada hiperactiva\u201c, subray\u00f3.<\/p>\n<p>Beryl tuvo r\u00e9cords como ser el primero de categor\u00edas tanto 4 como 5 -en la escala Saffir-Simpson que mide los vientos- de formarse tan temprano en la temporada, que comenz\u00f3 el pasado 1 de junio y termina en noviembre.<\/p>\n<p>En la temporada de huracanes en la cuenca atl\u00e1ntica se han formado hasta ahora tres tormentas tropicales con nombre: Alberto, Beryl y Chris.<\/p>\n<p>Seg\u00fan la Oficina Nacional de Administraci\u00f3n Oce\u00e1nica y Atmosf\u00e9rica (NOAA, en ingl\u00e9s) de Estados Unidos, este a\u00f1o el Atl\u00e1ntico tendr\u00e1 una temporada de huracanes muy por encima del promedio.<\/p>\n<p>Prev\u00e9 la posibilidad de hasta 13 huracanes, de los cuales hasta siete pueden ser de categor\u00eda mayor.<\/p>\n<p>El pron\u00f3stico de NOAA refleja que este a\u00f1o se podr\u00e1n formar un total de entre 17 y 25 tormentas, es decir, con vientos m\u00e1ximos sostenidos por encima de los 62 kil\u00f3metros por hora.<\/p>\n<p><strong>EFE<\/strong><\/p>\n<\/div>\n<p><a href=\"https:\/\/noticiasaldiayalahora.co\/internacionales\/pronostican-en-eeuu-una-hiperactiva-temporada-de-huracanes-en-el-atlantico\/\" class=\" target=\" title=\"Pronostican en EEUU una \u201chiperactiva\u201d temporada de huracanes en el Atl\u00e1ntico\" target=\"_blank\" rel=\"noopener\">Ver fuente<\/a><\/p>\n","protected":false},"excerpt":{"rendered":"<p>El hurac\u00e1n Beryl y sus r\u00e9cords de formaci\u00f3n temprana son una muestra de la \u201chiperactiva\u201d temporada de huracanes de este a\u00f1o, seg\u00fan un reporte de este martes de la Universidad Estatal de Colorado (CSU, en ingl\u00e9s), que aument\u00f3 su pron\u00f3stico inicial. Beryl, que en una semana toc\u00f3 tierra en las islas de Barlovento, M\u00e9xico y [&hellip;]<\/p>\n","protected":false},"author":2,"featured_media":11007,"comment_status":"open","ping_status":"closed","sticky":false,"template":"","format":"standard","meta":{"footnotes":""},"categories":[6],"tags":[],"class_list":["post-11006","post","type-post","status-publish","format-standard","has-post-thumbnail","hentry","category-internacionales"],"_links":{"self":[{"href":"https:\/\/enfoquenoticioso.com\/index.php?rest_route=\/wp\/v2\/posts\/11006","targetHints":{"allow":["GET"]}}],"collection":[{"href":"https:\/\/enfoquenoticioso.com\/index.php?rest_route=\/wp\/v2\/posts"}],"about":[{"href":"https:\/\/enfoquenoticioso.com\/index.php?rest_route=\/wp\/v2\/types\/post"}],"author":[{"embeddable":true,"href":"https:\/\/enfoquenoticioso.com\/index.php?rest_route=\/wp\/v2\/users\/2"}],"replies":[{"embeddable":true,"href":"https:\/\/enfoquenoticioso.com\/index.php?rest_route=%2Fwp%2Fv2%2Fcomments&post=11006"}],"version-history":[{"count":0,"href":"https:\/\/enfoquenoticioso.com\/index.php?rest_route=\/wp\/v2\/posts\/11006\/revisions"}],"wp:featuredmedia":[{"embeddable":true,"href":"https:\/\/enfoquenoticioso.com\/index.php?rest_route=\/wp\/v2\/media\/11007"}],"wp:attachment":[{"href":"https:\/\/enfoquenoticioso.com\/index.php?rest_route=%2Fwp%2Fv2%2Fmedia&parent=11006"}],"wp:term":[{"taxonomy":"category","embeddable":true,"href":"https:\/\/enfoquenoticioso.com\/index.php?rest_route=%2Fwp%2Fv2%2Fcategories&post=11006"},{"taxonomy":"post_tag","embeddable":true,"href":"https:\/\/enfoquenoticioso.com\/index.php?rest_route=%2Fwp%2Fv2%2Ftags&post=11006"}],"curies":[{"name":"wp","href":"https:\/\/api.w.org\/{rel}","templated":true}]}}