{"id":110465,"date":"2025-12-10T00:54:09","date_gmt":"2025-12-10T00:54:09","guid":{"rendered":"https:\/\/enfoquenoticioso.com\/?p=110465"},"modified":"2025-12-10T00:54:09","modified_gmt":"2025-12-10T00:54:09","slug":"bayern-de-munich-gana-3-1-al-sporting-de-portugal","status":"publish","type":"post","link":"https:\/\/enfoquenoticioso.com\/?p=110465","title":{"rendered":"Bayern de M\u00fanich gana 3-1 al Sporting de Portugal"},"content":{"rendered":"<div id=\"post-571673\">\n<div class=\"entry-thumbnail\">\n<img width=\"600\" height=\"400\" src=\"https:\/\/i0.wp.com\/noticiasaldiayalahora.co\/wp-content\/uploads\/2025\/12\/Bayern-y-Sporting.jpeg?resize=600%2C400&amp;ssl=1\" class=\"attachment-content-single size-content-single wp-post-image\" alt=\"\" decoding=\"async\" fetchpriority=\"high\" srcset=\"https:\/\/i0.wp.com\/noticiasaldiayalahora.co\/wp-content\/uploads\/2025\/12\/Bayern-y-Sporting.jpeg?w=600&amp;ssl=1 600w, https:\/\/i0.wp.com\/noticiasaldiayalahora.co\/wp-content\/uploads\/2025\/12\/Bayern-y-Sporting.jpeg?resize=300%2C200&amp;ssl=1 300w\" sizes=\"(max-width: 600px) 100vw, 600px\"\/><\/div>\n<p class=\"entry-meta\">\n<span class=\"entry-meta-author vcard author\">Por: <a class=\"fn\" href=\"https:\/\/noticiasaldiayalahora.co\/author\/noticias\/\" target=\"_blank\" rel=\"noopener\">AL D\u00eda y a la Hora | @Notidiahora<\/a><\/span><br \/>\n<span class=\"entry-meta-date updated\">9 diciembre, 2025<\/span>\n<\/p>\n<div class=\"entry-content clearfix\">\n<p>Lennart Karl, el promisorio centrocampista de 17 a\u00f1os del Bayern M\u00fanich, defini\u00f3 con categor\u00eda para continuar su impresionante inicio goleador en la Liga de Campeones y el equipo alem\u00e1n obtuvo una victoria 3-1 ante el Sporting de Portugal.<\/p>\n<p>Karl firm\u00f3 su tercer gol en cuatro partidos de su corta trayectoria en la Champions. Lo hizo al controlar con la zurda el pase de Konrad Laimer antes de rematar de volea casi sin \u00e1ngulo en medio de dos defensores y batir el arquero.<\/p>\n<p>El Bayern le dio la vuelta a un marcador adverso con una r\u00e1faga de tres goles de 12 minutos. El visitante equipo portugu\u00e9s se puso en ventaja a los 54 minutos con el autogol de Joshua Kimmich tras la presi\u00f3n de Jo\u00e3o Sim\u00f5es en el contragolpe.<\/p>\n<p>Serge Gnabry empat\u00f3 para el Bayern cuando qued\u00f3 sin marca en un c\u00f3rner a los 65, Karl anot\u00f3 el segundo a los 69 y el defensor Jonathan Tah decret\u00f3 el 3-1 definitivo a los 77.<\/p>\n<p>Ampliamente considerado como el mejor talento joven del f\u00fatbol alem\u00e1n esta temporada, Karl se convirti\u00f3 en el goleador m\u00e1s precoz del Bayern en la Liga de Campeones en octubre en su primer partido como titular en la competici\u00f3n.<\/p>\n<p>Cerca del final, Alphonso Davies sali\u00f3 del banquillo para disputar su primer partido desde marzo tras una grave lesi\u00f3n de rodilla.<\/p>\n<p>Tambi\u00e9n el martes, Olympiacos rompi\u00f3 el cerrojo defensivo de Kairat Almaty para llevarse la victoria 1-0 en su visita a Kazajist\u00e1n y aumentar sus esperanzas de clasificarse para las etapas eliminatorias. Gelson Martins anot\u00f3 a los 73 minutos para el equipo griego.<\/p>\n<blockquote class=\"twitter-tweet\">\n<p dir=\"ltr\" lang=\"es\">\u23f0  \u23f0<\/p>\n<p>El <a href=\"https:\/\/twitter.com\/FCBayernES?ref_src=twsrc%5Etfw\" target=\"_blank\" rel=\"noopener\">@FCBayernES<\/a> golea en el regreso de <a href=\"https:\/\/twitter.com\/AlphonsoDavies?ref_src=twsrc%5Etfw\" target=\"_blank\" rel=\"noopener\">@AlphonsoDavies<\/a> <a href=\"https:\/\/twitter.com\/hashtag\/UCL?src=hash&amp;ref_src=twsrc%5Etfw\" target=\"_blank\" rel=\"noopener\">#UCL<\/a> <a href=\"https:\/\/t.co\/L2pueTzPdk\">pic.twitter.com\/L2pueTzPdk<\/a><\/p>\n<p>\u2014 Liga de Campeones (@LigadeCampeones) <a href=\"https:\/\/twitter.com\/LigadeCampeones\/status\/1998478031816683914?ref_src=twsrc%5Etfw\" target=\"_blank\" rel=\"noopener\">December 9, 2025<\/a><\/p>\n<\/blockquote><\/div>\n<\/div>\n<p><script async src=\"\/\/platform.twitter.com\/widgets.js\" charset=\"utf-8\"><\/script><br \/>\n<br \/><a href=\"https:\/\/noticiasaldiayalahora.co\/deportes\/liga-de-campeones-bayern-de-munich-gana-3-1-al-sporting-de-portugal\/\" class=\" target=\" title=\"Bayern de M\u00fanich gana 3-1 al Sporting de Portugal\" target=\"_blank\" rel=\"noopener\">Ver fuente<\/a><\/p>\n","protected":false},"excerpt":{"rendered":"<p>Por: AL D\u00eda y a la Hora | @Notidiahora 9 diciembre, 2025 Lennart Karl, el promisorio centrocampista de 17 a\u00f1os del Bayern M\u00fanich, defini\u00f3 con categor\u00eda para continuar su impresionante inicio goleador en la Liga de Campeones y el equipo alem\u00e1n obtuvo una victoria 3-1 ante el Sporting de Portugal. Karl firm\u00f3 su tercer gol [&hellip;]<\/p>\n","protected":false},"author":2,"featured_media":110466,"comment_status":"open","ping_status":"closed","sticky":false,"template":"","format":"standard","meta":{"footnotes":""},"categories":[1],"tags":[],"class_list":["post-110465","post","type-post","status-publish","format-standard","has-post-thumbnail","hentry","category-noticias"],"_links":{"self":[{"href":"https:\/\/enfoquenoticioso.com\/index.php?rest_route=\/wp\/v2\/posts\/110465","targetHints":{"allow":["GET"]}}],"collection":[{"href":"https:\/\/enfoquenoticioso.com\/index.php?rest_route=\/wp\/v2\/posts"}],"about":[{"href":"https:\/\/enfoquenoticioso.com\/index.php?rest_route=\/wp\/v2\/types\/post"}],"author":[{"embeddable":true,"href":"https:\/\/enfoquenoticioso.com\/index.php?rest_route=\/wp\/v2\/users\/2"}],"replies":[{"embeddable":true,"href":"https:\/\/enfoquenoticioso.com\/index.php?rest_route=%2Fwp%2Fv2%2Fcomments&post=110465"}],"version-history":[{"count":0,"href":"https:\/\/enfoquenoticioso.com\/index.php?rest_route=\/wp\/v2\/posts\/110465\/revisions"}],"wp:featuredmedia":[{"embeddable":true,"href":"https:\/\/enfoquenoticioso.com\/index.php?rest_route=\/wp\/v2\/media\/110466"}],"wp:attachment":[{"href":"https:\/\/enfoquenoticioso.com\/index.php?rest_route=%2Fwp%2Fv2%2Fmedia&parent=110465"}],"wp:term":[{"taxonomy":"category","embeddable":true,"href":"https:\/\/enfoquenoticioso.com\/index.php?rest_route=%2Fwp%2Fv2%2Fcategories&post=110465"},{"taxonomy":"post_tag","embeddable":true,"href":"https:\/\/enfoquenoticioso.com\/index.php?rest_route=%2Fwp%2Fv2%2Ftags&post=110465"}],"curies":[{"name":"wp","href":"https:\/\/api.w.org\/{rel}","templated":true}]}}