{"id":110741,"date":"2025-12-11T23:29:34","date_gmt":"2025-12-11T23:29:34","guid":{"rendered":"https:\/\/enfoquenoticioso.com\/?p=110741"},"modified":"2025-12-11T23:29:34","modified_gmt":"2025-12-11T23:29:34","slug":"sin-mbappe-ni-mastantuono-el-real-madrid-cayo-2-1-ante-el-manchester-city","status":"publish","type":"post","link":"https:\/\/enfoquenoticioso.com\/?p=110741","title":{"rendered":"Sin Mbapp\u00e9 ni Mastantuono, el Real Madrid cay\u00f3 2-1 ante el Manchester City"},"content":{"rendered":"<div>\n<p>Manchester City de Inglaterra venci\u00f3 2-1 al Real Madrid de Espa\u00f1a en el estadio Santiago Bernab\u00e9u,\u00a0<strong>por el encuentro correspondiente a la sexta fecha de la Uefa Champions League.<\/strong><\/p>\n<p>El \u00abMerengue\u00bb, que no cont\u00f3 con Kylian Mbapp\u00e9 ni Franco Mastantuono, comenz\u00f3 ganando por el gol del brasile\u00f1o Rodrygo,\u00a0<strong>pero los Citizens lo dieron vuelta por Nico O\u2019Reilly y Erling Haaland, de penal.<\/strong><\/p>\n<p>Con este resultado, el conjunto liderado por el director t\u00e9cnico Pep Guardiola se qued\u00f3 con el cuarto lugar de la tabla de posiciones,\u00a0<strong>en puestos de clasificaci\u00f3n directa a los octavos de final,<\/strong>\u00a0y desplaz\u00f3 al conjunto de Xabi Alonso al s\u00e9ptimo escal\u00f3n, rese\u00f1\u00f3 Diario Jornada.<\/p>\n<p>Durante el transcurso del primer tiempo del encuentro, ambos equipos ingresaron al terreno de juego con\u00a0<strong>una estrategia ofensiva clara y directa que gener\u00f3 una intensa din\u00e1mica de ida y vuelta.<\/strong><\/p>\n<p><strong>En el minuto 28, el Real Madrid abri\u00f3 el marcador.<\/strong>\u00a0Rodrygo defini\u00f3 una jugada colectiva con un disparo preciso desde adentro del \u00e1rea chica, sin ninguna oposicion por parte de su rival.<\/p>\n<p>Pero, a los 35 minutos,\u00a0<strong>el Manchester City igual\u00f3 la disputa.<\/strong>\u00a0Nico O\u2019Reilly aprovech\u00f3 un rebote que proporcion\u00f3 el guardameta belga Thibaut Courtois y con un disparo potente, dentro del \u00e1rea chica, envi\u00f3 la pelota al fondo de la red.<\/p>\n<p>Adem\u00e1s, en el minuto 43, el centro delantero noruego Erling Haaland\u00a0<strong>convirti\u00f3 desde el punto penal y sell\u00f3 el primer tiempo con un s\u00f3lido 2-1 en el marcador.<\/strong><\/p>\n<p>En el complemento del encuentro, el Real regres\u00f3 al terreno de juego con una actitud diferente,\u00a0<strong>pero las imprecisiones en las definiciones sentenciaron su ca\u00edda delante de sus hinchas.<\/strong><\/p>\n<p>Por otra parte,\u00a0<strong>Borussia Dortmund igual\u00f3 2-2 con el Bodo Glimt, Qarabag Agdam cay\u00f3 4-2 frente al Ajax, Villarreal perdi\u00f3 3-2 con el F.C Copenhague,<\/strong>\u00a0PSG igual\u00f3 0-0 con el Athletic de Bilbao, Arsenal gole\u00f3 3-0 a Brujas y Juventus supero 2-0 a Pafos F.C.<\/p>\n<\/p><\/div>\n<p><a href=\"https:\/\/noticiasaldiayalahora.co\/deportes\/sin-mbappe-ni-mastantuono-el-real-madrid-cayo-2-1-ante-el-manchester-city\/\" class=\" target=\" title=\"Sin Mbapp\u00e9 ni Mastantuono, el Real Madrid cay\u00f3 2-1 ante el Manchester City\" target=\"_blank\" rel=\"noopener\">Ver fuente<\/a><\/p>\n","protected":false},"excerpt":{"rendered":"<p>Manchester City de Inglaterra venci\u00f3 2-1 al Real Madrid de Espa\u00f1a en el estadio Santiago Bernab\u00e9u,\u00a0por el encuentro correspondiente a la sexta fecha de la Uefa Champions League. El \u00abMerengue\u00bb, que no cont\u00f3 con Kylian Mbapp\u00e9 ni Franco Mastantuono, comenz\u00f3 ganando por el gol del brasile\u00f1o Rodrygo,\u00a0pero los Citizens lo dieron vuelta por Nico O\u2019Reilly [&hellip;]<\/p>\n","protected":false},"author":2,"featured_media":110742,"comment_status":"open","ping_status":"closed","sticky":false,"template":"","format":"standard","meta":{"footnotes":""},"categories":[1],"tags":[],"class_list":["post-110741","post","type-post","status-publish","format-standard","has-post-thumbnail","hentry","category-noticias"],"_links":{"self":[{"href":"https:\/\/enfoquenoticioso.com\/index.php?rest_route=\/wp\/v2\/posts\/110741","targetHints":{"allow":["GET"]}}],"collection":[{"href":"https:\/\/enfoquenoticioso.com\/index.php?rest_route=\/wp\/v2\/posts"}],"about":[{"href":"https:\/\/enfoquenoticioso.com\/index.php?rest_route=\/wp\/v2\/types\/post"}],"author":[{"embeddable":true,"href":"https:\/\/enfoquenoticioso.com\/index.php?rest_route=\/wp\/v2\/users\/2"}],"replies":[{"embeddable":true,"href":"https:\/\/enfoquenoticioso.com\/index.php?rest_route=%2Fwp%2Fv2%2Fcomments&post=110741"}],"version-history":[{"count":0,"href":"https:\/\/enfoquenoticioso.com\/index.php?rest_route=\/wp\/v2\/posts\/110741\/revisions"}],"wp:featuredmedia":[{"embeddable":true,"href":"https:\/\/enfoquenoticioso.com\/index.php?rest_route=\/wp\/v2\/media\/110742"}],"wp:attachment":[{"href":"https:\/\/enfoquenoticioso.com\/index.php?rest_route=%2Fwp%2Fv2%2Fmedia&parent=110741"}],"wp:term":[{"taxonomy":"category","embeddable":true,"href":"https:\/\/enfoquenoticioso.com\/index.php?rest_route=%2Fwp%2Fv2%2Fcategories&post=110741"},{"taxonomy":"post_tag","embeddable":true,"href":"https:\/\/enfoquenoticioso.com\/index.php?rest_route=%2Fwp%2Fv2%2Ftags&post=110741"}],"curies":[{"name":"wp","href":"https:\/\/api.w.org\/{rel}","templated":true}]}}