{"id":11174,"date":"2024-07-11T10:29:39","date_gmt":"2024-07-11T10:29:39","guid":{"rendered":"https:\/\/enfoquenoticioso.com\/sucesos\/abuelo-abuso-sexualmente-de-su-nieta-de-10-anos-en-un-velorio-en-delta-amacuro\/"},"modified":"2024-07-11T10:29:39","modified_gmt":"2024-07-11T10:29:39","slug":"abuelo-abuso-sexualmente-de-su-nieta-de-10-anos-en-un-velorio-en-delta-amacuro","status":"publish","type":"post","link":"https:\/\/enfoquenoticioso.com\/?p=11174","title":{"rendered":"Abuelo abus\u00f3 sexualmente de su nieta de 10 a\u00f1os en un velorio en Delta Amacuro"},"content":{"rendered":"<div id=\"post-532517\">\n<div class=\"entry-thumbnail\">\n<img width=\"600\" height=\"400\" src=\"https:\/\/i0.wp.com\/noticiasaldiayalahora.co\/wp-content\/uploads\/2016\/04\/ministerio-publico14.jpg?resize=600%2C400&amp;ssl=1\" class=\"attachment-content-single size-content-single wp-post-image\" alt=\"ministerio p\u00fablico\" decoding=\"async\" fetchpriority=\"high\" srcset=\"https:\/\/i0.wp.com\/noticiasaldiayalahora.co\/wp-content\/uploads\/2016\/04\/ministerio-publico14.jpg?w=600&amp;ssl=1 600w, https:\/\/i0.wp.com\/noticiasaldiayalahora.co\/wp-content\/uploads\/2016\/04\/ministerio-publico14.jpg?resize=300%2C200&amp;ssl=1 300w\" sizes=\"(max-width: 600px) 100vw, 600px\"\/><\/div>\n<p class=\"entry-meta\">\n<span class=\"entry-meta-author vcard author\">Por: <a class=\"fn\" href=\"https:\/\/noticiasaldiayalahora.co\/author\/redaccion\/\" target=\"_blank\" rel=\"noopener\">Redacci\u00f3n Noticias al Dia y a la Hora<\/a><\/span><br \/>\n<span class=\"entry-meta-date updated\">11 julio, 2024<\/span>\n<\/p>\n<div class=\"entry-content clearfix\">\n<p>El Tribunal Primero de Control Municipal con Competencia en Delitos de Violencia de G\u00e9nero de Casacoima,\u00a0estado Delta Amacuro, priv\u00f3 de su libertad a Euclides Molina Mu\u00f1oz, de 53 a\u00f1os de edad, por su presunta responsabilidad en el abuso sexual en contra de su nieta de 10 a\u00f1os de edad.<span id=\"more-532517\"\/><\/p>\n<p>En su\u00a0p\u00e1gina web, el Ministerio P\u00fablico (MP) detall\u00f3 que el hombre abus\u00f3 de la menor de edad durante un velorio el pasado 30 de junio en la poblaci\u00f3n de Sierra Imataca, en el municipio Casacoima.<\/p>\n<p>Funcionarios policiales recibieron una denuncia por parte de la madre de la v\u00edctima. Tras la notificaci\u00f3n, una comisi\u00f3n se traslad\u00f3 hasta la vivienda de Molina Mu\u00f1oz, en donde encontraron a una \u201cmultitud de personas correteando\u201d al sujeto.<\/p>\n<p>\u201cTras intervenir en el hecho, el hombre result\u00f3 aprehendido en ese momento para ser puesto a disposici\u00f3n del Ministerio P\u00fablico\u201d, acot\u00f3. Durante la audiencia de presentaci\u00f3n, Fiscal\u00eda Quinta de Delta Amacuro imput\u00f3 al quincuagenario por la presunta comisi\u00f3n de abuso sexual sin penetraci\u00f3n.<\/p>\n<p>Luego de evaluarse los elementos presentados por el fiscal encargado del caso, el tribunal dict\u00f3 la medida y orden\u00f3 su reclusi\u00f3n preventivamente en el Centro de Resguardo y Custodia Judicial Guasina, ubicado en Tucupita.<\/p>\n<div id=\"ez-toc-container\" class=\"ez-toc-v2_0_81 counter-hierarchy ez-toc-counter ez-toc-grey ez-toc-container-direction\">\n<div class=\"ez-toc-title-container\">\n<p class=\"ez-toc-title\" style=\"cursor:inherit\">Tabla de Contenido<\/p>\n<span class=\"ez-toc-title-toggle\"><a href=\"#\" class=\"ez-toc-pull-right ez-toc-btn ez-toc-btn-xs ez-toc-btn-default ez-toc-toggle\" aria-label=\"Alternar tabla de contenidos\"><span class=\"ez-toc-js-icon-con\"><span class=\"\"><span class=\"eztoc-hide\" style=\"display:none;\">Toggle<\/span><span class=\"ez-toc-icon-toggle-span\"><svg style=\"fill: #999;color:#999\" xmlns=\"http:\/\/www.w3.org\/2000\/svg\" class=\"list-377408\" width=\"20px\" height=\"20px\" viewBox=\"0 0 24 24\" fill=\"none\"><path d=\"M6 6H4v2h2V6zm14 0H8v2h12V6zM4 11h2v2H4v-2zm16 0H8v2h12v-2zM4 16h2v2H4v-2zm16 0H8v2h12v-2z\" fill=\"currentColor\"><\/path><\/svg><svg style=\"fill: #999;color:#999\" class=\"arrow-unsorted-368013\" xmlns=\"http:\/\/www.w3.org\/2000\/svg\" width=\"10px\" height=\"10px\" viewBox=\"0 0 24 24\" version=\"1.2\" baseProfile=\"tiny\"><path d=\"M18.2 9.3l-6.2-6.3-6.2 6.3c-.2.2-.3.4-.3.7s.1.5.3.7c.2.2.4.3.7.3h11c.3 0 .5-.1.7-.3.2-.2.3-.5.3-.7s-.1-.5-.3-.7zM5.8 14.7l6.2 6.3 6.2-6.3c.2-.2.3-.5.3-.7s-.1-.5-.3-.7c-.2-.2-.4-.3-.7-.3h-11c-.3 0-.5.1-.7.3-.2.2-.3.5-.3.7s.1.5.3.7z\"\/><\/svg><\/span><\/span><\/span><\/a><\/span><\/div>\n<nav><ul class='ez-toc-list ez-toc-list-level-1 ' ><li class='ez-toc-page-1 ez-toc-heading-level-4'><a class=\"ez-toc-link ez-toc-heading-1\" href=\"https:\/\/enfoquenoticioso.com\/?p=11174\/#Sigue_al_canal_de_noticias_en_Whatsaap\" >Sigue al canal de noticias en Whatsaap\u00a0<\/a><\/li><\/ul><\/nav><\/div>\n<h4><span class=\"ez-toc-section\" id=\"Sigue_al_canal_de_noticias_en_Whatsaap\"><\/span><strong><a href=\"https:\/\/whatsapp.com\/channel\/0029VaDXFnLId7nFFiDdVI26?fbclid=IwAR1LnVJqcByTELJH4Ht086FYRmdx18pRnV7CrkzmTJ5JaLHYY0igukfL9Yk\" target=\"_blank\" rel=\"noopener\">Sigue al canal de noticias en Whatsaap\u00a0<\/a><\/strong><span class=\"ez-toc-section-end\"><\/span><\/h4>\n<\/div>\n<\/div>\n<p><a href=\"https:\/\/noticiasaldiayalahora.co\/sucesos\/abuelo-abuso-sexualmente-de-su-nieta-de-10-anos-en-un-velorio-en-delta-amacuro\/\" class=\" target=\" title=\"Abuelo abus\u00f3 sexualmente de su nieta de 10 a\u00f1os en un velorio en Delta Amacuro\" target=\"_blank\" rel=\"noopener\">Ver fuente<\/a><\/p>\n","protected":false},"excerpt":{"rendered":"<p>Por: Redacci\u00f3n Noticias al Dia y a la Hora 11 julio, 2024 El Tribunal Primero de Control Municipal con Competencia en Delitos de Violencia de G\u00e9nero de Casacoima,\u00a0estado Delta Amacuro, priv\u00f3 de su libertad a Euclides Molina Mu\u00f1oz, de 53 a\u00f1os de edad, por su presunta responsabilidad en el abuso sexual en contra de su [&hellip;]<\/p>\n","protected":false},"author":2,"featured_media":1412,"comment_status":"open","ping_status":"closed","sticky":false,"template":"","format":"standard","meta":{"footnotes":""},"categories":[5],"tags":[],"class_list":["post-11174","post","type-post","status-publish","format-standard","has-post-thumbnail","hentry","category-sucesos"],"_links":{"self":[{"href":"https:\/\/enfoquenoticioso.com\/index.php?rest_route=\/wp\/v2\/posts\/11174","targetHints":{"allow":["GET"]}}],"collection":[{"href":"https:\/\/enfoquenoticioso.com\/index.php?rest_route=\/wp\/v2\/posts"}],"about":[{"href":"https:\/\/enfoquenoticioso.com\/index.php?rest_route=\/wp\/v2\/types\/post"}],"author":[{"embeddable":true,"href":"https:\/\/enfoquenoticioso.com\/index.php?rest_route=\/wp\/v2\/users\/2"}],"replies":[{"embeddable":true,"href":"https:\/\/enfoquenoticioso.com\/index.php?rest_route=%2Fwp%2Fv2%2Fcomments&post=11174"}],"version-history":[{"count":0,"href":"https:\/\/enfoquenoticioso.com\/index.php?rest_route=\/wp\/v2\/posts\/11174\/revisions"}],"wp:featuredmedia":[{"embeddable":true,"href":"https:\/\/enfoquenoticioso.com\/index.php?rest_route=\/wp\/v2\/media\/1412"}],"wp:attachment":[{"href":"https:\/\/enfoquenoticioso.com\/index.php?rest_route=%2Fwp%2Fv2%2Fmedia&parent=11174"}],"wp:term":[{"taxonomy":"category","embeddable":true,"href":"https:\/\/enfoquenoticioso.com\/index.php?rest_route=%2Fwp%2Fv2%2Fcategories&post=11174"},{"taxonomy":"post_tag","embeddable":true,"href":"https:\/\/enfoquenoticioso.com\/index.php?rest_route=%2Fwp%2Fv2%2Ftags&post=11174"}],"curies":[{"name":"wp","href":"https:\/\/api.w.org\/{rel}","templated":true}]}}