{"id":11203,"date":"2024-07-11T14:36:48","date_gmt":"2024-07-11T14:36:48","guid":{"rendered":"https:\/\/enfoquenoticioso.com\/sucesos\/meten-preso-a-depravado-que-exhibia-sus-genitales-a-una-menor-en-transporte-publico-en-la-av-francisco-de-miranda\/"},"modified":"2024-07-11T14:36:48","modified_gmt":"2024-07-11T14:36:48","slug":"meten-preso-a-depravado-que-exhibia-sus-genitales-a-una-menor-en-transporte-publico-en-la-av-francisco-de-miranda","status":"publish","type":"post","link":"https:\/\/enfoquenoticioso.com\/?p=11203","title":{"rendered":"Meten preso a depravado que exhib\u00eda sus genitales a una menor en transporte p\u00fablico en la Av. Francisco de Miranda"},"content":{"rendered":"<div id=\"post-532525\">\n<div class=\"entry-thumbnail\">\n<img width=\"773\" height=\"437\" src=\"https:\/\/i0.wp.com\/noticiasaldiayalahora.co\/wp-content\/uploads\/2024\/07\/Abuso-sexualFrancisco-de-Miranda.jpg?resize=773%2C437&amp;ssl=1\" class=\"attachment-content-single size-content-single wp-post-image\" alt=\"\" decoding=\"async\" fetchpriority=\"high\" srcset=\"https:\/\/i0.wp.com\/noticiasaldiayalahora.co\/wp-content\/uploads\/2024\/07\/Abuso-sexualFrancisco-de-Miranda.jpg?resize=773%2C437&amp;ssl=1 773w, https:\/\/i0.wp.com\/noticiasaldiayalahora.co\/wp-content\/uploads\/2024\/07\/Abuso-sexualFrancisco-de-Miranda.jpg?resize=180%2C101&amp;ssl=1 180w, https:\/\/i0.wp.com\/noticiasaldiayalahora.co\/wp-content\/uploads\/2024\/07\/Abuso-sexualFrancisco-de-Miranda.jpg?resize=260%2C146&amp;ssl=1 260w, https:\/\/i0.wp.com\/noticiasaldiayalahora.co\/wp-content\/uploads\/2024\/07\/Abuso-sexualFrancisco-de-Miranda.jpg?resize=373%2C210&amp;ssl=1 373w, https:\/\/i0.wp.com\/noticiasaldiayalahora.co\/wp-content\/uploads\/2024\/07\/Abuso-sexualFrancisco-de-Miranda.jpg?resize=120%2C67&amp;ssl=1 120w\" sizes=\"(max-width: 773px) 100vw, 773px\"\/><\/div>\n<p class=\"entry-meta\">\n<span class=\"entry-meta-author vcard author\">Por: <a class=\"fn\" href=\"https:\/\/noticiasaldiayalahora.co\/author\/redaccion\/\" target=\"_blank\" rel=\"noopener\">Redacci\u00f3n Noticias al Dia y a la Hora<\/a><\/span><br \/>\n<span class=\"entry-meta-date updated\">11 julio, 2024<\/span>\n<\/p>\n<div class=\"entry-content clearfix\">\n<p>Funcionarios de la Polic\u00eda Municipal de Sucre arrestaron a un depravado que estaba exhibi\u00e9ndose en p\u00fablico a una menor de edad.<span id=\"more-532525\"\/><\/p>\n<p>\u00abFuncionarios adscritos a la Direcci\u00f3n de Tr\u00e1nsito practicaron la aprehensi\u00f3n en flagrancia de un sujeto de 30 a\u00f1os en la avenida Francisco de Miranda\u00bb, report\u00f3 el cuerpo policial.<\/p>\n<p>De acuerdo con la versi\u00f3n divulgada por el organismo, los hechos irregulares ocurrieron en una unidad de transporte p\u00fablico. Tanto el hombre como la menor se trasladaban en calidad de pasajeros.<\/p>\n<p>Al cabo de unos minutos el hombre sac\u00f3 sus genitales y empez\u00f3 a exhibirlos al frente de la adolescente. No obstante, fue descubierto y los dem\u00e1s pasajeros llamaron a la polic\u00eda, quienes lo privaron de libertad.<\/p>\n<p>Posteriormente, los uniformados incautaron su tel\u00e9fono, donde encontraron m\u00e1s pruebas incriminatorias. Aparentemente, este depravado ten\u00eda varios videos en los que se mostraba a \u00e9l mismo exhibi\u00e9ndose en sitios p\u00fablicos.<\/p>\n<blockquote class=\"twitter-tweet\" data-media-max-width=\"560\">\n<p dir=\"ltr\" lang=\"es\"><a href=\"https:\/\/twitter.com\/hashtag\/10Julio?src=hash&amp;ref_src=twsrc%5Etfw\" target=\"_blank\" rel=\"noopener\">#10Julio<\/a> | Funcionarios adscritos a la Direcci\u00f3n de Tr\u00e1nsito practicaron la Aprehensi\u00f3n en flagrancia de un sujeto (30A) en la Av. Francisco de Miranda luego que este fuera se\u00f1alando por un grupo de personas de exhibir sus genitales a una adolescente que viajaba como usuaria <a href=\"https:\/\/t.co\/59EpjfAKgj\">pic.twitter.com\/59EpjfAKgj<\/a><\/p>\n<p>\u2014 Polic\u00eda Municipal de Sucre \/ Miranda (@PolisucreOficia) <a href=\"https:\/\/twitter.com\/PolisucreOficia\/status\/1811022292295512202?ref_src=twsrc%5Etfw\" target=\"_blank\" rel=\"noopener\">July 10, 2024<\/a><\/p>\n<\/blockquote>\n<p>El organismo policial inform\u00f3 que qued\u00f3 a la orden del Ministerio P\u00fablico.<\/p>\n<div id=\"ez-toc-container\" class=\"ez-toc-v2_0_81 counter-hierarchy ez-toc-counter ez-toc-grey ez-toc-container-direction\">\n<div class=\"ez-toc-title-container\">\n<p class=\"ez-toc-title\" style=\"cursor:inherit\">Tabla de Contenido<\/p>\n<span class=\"ez-toc-title-toggle\"><a href=\"#\" class=\"ez-toc-pull-right ez-toc-btn ez-toc-btn-xs ez-toc-btn-default ez-toc-toggle\" aria-label=\"Alternar tabla de contenidos\"><span class=\"ez-toc-js-icon-con\"><span class=\"\"><span class=\"eztoc-hide\" style=\"display:none;\">Toggle<\/span><span class=\"ez-toc-icon-toggle-span\"><svg style=\"fill: #999;color:#999\" xmlns=\"http:\/\/www.w3.org\/2000\/svg\" class=\"list-377408\" width=\"20px\" height=\"20px\" viewBox=\"0 0 24 24\" fill=\"none\"><path d=\"M6 6H4v2h2V6zm14 0H8v2h12V6zM4 11h2v2H4v-2zm16 0H8v2h12v-2zM4 16h2v2H4v-2zm16 0H8v2h12v-2z\" fill=\"currentColor\"><\/path><\/svg><svg style=\"fill: #999;color:#999\" class=\"arrow-unsorted-368013\" xmlns=\"http:\/\/www.w3.org\/2000\/svg\" width=\"10px\" height=\"10px\" viewBox=\"0 0 24 24\" version=\"1.2\" baseProfile=\"tiny\"><path d=\"M18.2 9.3l-6.2-6.3-6.2 6.3c-.2.2-.3.4-.3.7s.1.5.3.7c.2.2.4.3.7.3h11c.3 0 .5-.1.7-.3.2-.2.3-.5.3-.7s-.1-.5-.3-.7zM5.8 14.7l6.2 6.3 6.2-6.3c.2-.2.3-.5.3-.7s-.1-.5-.3-.7c-.2-.2-.4-.3-.7-.3h-11c-.3 0-.5.1-.7.3-.2.2-.3.5-.3.7s.1.5.3.7z\"\/><\/svg><\/span><\/span><\/span><\/a><\/span><\/div>\n<nav><ul class='ez-toc-list ez-toc-list-level-1 ' ><li class='ez-toc-page-1 ez-toc-heading-level-4'><a class=\"ez-toc-link ez-toc-heading-1\" href=\"https:\/\/enfoquenoticioso.com\/?p=11203\/#Sigue_al_canal_de_noticias_en_Whatsaap\" >Sigue al canal de noticias en Whatsaap\u00a0<\/a><\/li><\/ul><\/nav><\/div>\n<h4><span class=\"ez-toc-section\" id=\"Sigue_al_canal_de_noticias_en_Whatsaap\"><\/span><strong><a href=\"https:\/\/whatsapp.com\/channel\/0029VaDXFnLId7nFFiDdVI26?fbclid=IwAR1LnVJqcByTELJH4Ht086FYRmdx18pRnV7CrkzmTJ5JaLHYY0igukfL9Yk\" target=\"_blank\" rel=\"noopener\">Sigue al canal de noticias en Whatsaap\u00a0<\/a><\/strong><span class=\"ez-toc-section-end\"><\/span><\/h4>\n<\/div>\n<\/div>\n<p><script async src=\"\/\/platform.twitter.com\/widgets.js\" charset=\"utf-8\"><\/script><br \/>\n<br \/><a href=\"https:\/\/noticiasaldiayalahora.co\/sucesos\/meten-preso-a-depravado-que-exhibia-sus-genitales-a-una-menor-en-transporte-publico-en-la-av-francisco-de-miranda\/\" class=\" target=\" title=\"Meten preso a depravado que exhib\u00eda sus genitales a una menor en transporte p\u00fablico en la Av. Francisco de Miranda\" target=\"_blank\" rel=\"noopener\">Ver fuente<\/a><\/p>\n","protected":false},"excerpt":{"rendered":"<p>Por: Redacci\u00f3n Noticias al Dia y a la Hora 11 julio, 2024 Funcionarios de la Polic\u00eda Municipal de Sucre arrestaron a un depravado que estaba exhibi\u00e9ndose en p\u00fablico a una menor de edad. \u00abFuncionarios adscritos a la Direcci\u00f3n de Tr\u00e1nsito practicaron la aprehensi\u00f3n en flagrancia de un sujeto de 30 a\u00f1os en la avenida Francisco [&hellip;]<\/p>\n","protected":false},"author":2,"featured_media":11204,"comment_status":"open","ping_status":"closed","sticky":false,"template":"","format":"standard","meta":{"footnotes":""},"categories":[5],"tags":[],"class_list":["post-11203","post","type-post","status-publish","format-standard","has-post-thumbnail","hentry","category-sucesos"],"_links":{"self":[{"href":"https:\/\/enfoquenoticioso.com\/index.php?rest_route=\/wp\/v2\/posts\/11203","targetHints":{"allow":["GET"]}}],"collection":[{"href":"https:\/\/enfoquenoticioso.com\/index.php?rest_route=\/wp\/v2\/posts"}],"about":[{"href":"https:\/\/enfoquenoticioso.com\/index.php?rest_route=\/wp\/v2\/types\/post"}],"author":[{"embeddable":true,"href":"https:\/\/enfoquenoticioso.com\/index.php?rest_route=\/wp\/v2\/users\/2"}],"replies":[{"embeddable":true,"href":"https:\/\/enfoquenoticioso.com\/index.php?rest_route=%2Fwp%2Fv2%2Fcomments&post=11203"}],"version-history":[{"count":0,"href":"https:\/\/enfoquenoticioso.com\/index.php?rest_route=\/wp\/v2\/posts\/11203\/revisions"}],"wp:featuredmedia":[{"embeddable":true,"href":"https:\/\/enfoquenoticioso.com\/index.php?rest_route=\/wp\/v2\/media\/11204"}],"wp:attachment":[{"href":"https:\/\/enfoquenoticioso.com\/index.php?rest_route=%2Fwp%2Fv2%2Fmedia&parent=11203"}],"wp:term":[{"taxonomy":"category","embeddable":true,"href":"https:\/\/enfoquenoticioso.com\/index.php?rest_route=%2Fwp%2Fv2%2Fcategories&post=11203"},{"taxonomy":"post_tag","embeddable":true,"href":"https:\/\/enfoquenoticioso.com\/index.php?rest_route=%2Fwp%2Fv2%2Ftags&post=11203"}],"curies":[{"name":"wp","href":"https:\/\/api.w.org\/{rel}","templated":true}]}}