{"id":11379,"date":"2024-07-12T11:02:02","date_gmt":"2024-07-12T11:02:02","guid":{"rendered":"https:\/\/enfoquenoticioso.com\/sucesos\/asi-llego-el-hermano-del-nino-guerrero-a-venezuela-tras-ser-extraditado-desde-espana\/"},"modified":"2024-07-12T11:02:02","modified_gmt":"2024-07-12T11:02:02","slug":"asi-llego-el-hermano-del-nino-guerrero-a-venezuela-tras-ser-extraditado-desde-espana","status":"publish","type":"post","link":"https:\/\/enfoquenoticioso.com\/?p=11379","title":{"rendered":"As\u00ed lleg\u00f3 el hermano del Ni\u00f1o Guerrero a Venezuela tras ser extraditado desde Espa\u00f1a"},"content":{"rendered":"<div>\n<p>La tarde de este jueves 11 de julio lleg\u00f3 a Venezuela procedente de Espa\u00f1a Gerso Isaac Guerrero Flores, hermano del criminal \u201cEl Ni\u00f1o Guerrero\u201d, cabecilla de la banda delictiva el \u201cTren de Aragua\u201d.<span id=\"more-532605\"\/><\/p>\n<p>Esto sucede tras acordarse la extradici\u00f3n al pa\u00eds de uno de los criminales m\u00e1s buscados, seg\u00fan anunci\u00f3 el fiscal general Tarek William Saab.<\/p>\n<p>La informaci\u00f3n de su llegada fue suministrada por el ministro del Interior y Justicia de Venezuela, Remigio Ceballos Ichaso, quien colg\u00f3 unas fotograf\u00edas y video en la cuenta\u00a0<em>X<\/em>, en donde se ve que funcionarios est\u00e1n trasladando a Guerrero Flores desde el Aeropuerto Internacional de Maiquet\u00eda, en La Guaira, a Caracas.<\/p>\n<p>Estas son las im\u00e1genes del hermano del \u201cNi\u00f1o Guerrero\u201d en el Aeropuerto Internacional Sim\u00f3n Bol\u00edvar.<\/p>\n<p>Estas son las im\u00e1genes del hermano del \u201cNi\u00f1o Guerrero\u201d en el Aeropuerto Internacional Sim\u00f3n Bol\u00edvar.<\/p>\n<figure class=\"wp-block-image size-large\"><img loading=\"lazy\" decoding=\"async\" class=\"wp-image-265233\" src=\"https:\/\/i0.wp.com\/impactove.com\/wp-content\/uploads\/2024\/07\/hermano-nino-guerrero_foto-1-1024x768.jpeg?resize=1024%2C768&amp;ssl=1\" sizes=\"auto, (max-width: 1024px) 100vw, 1024px\" srcset=\"https:\/\/i0.wp.com\/impactove.com\/wp-content\/uploads\/2024\/07\/hermano-nino-guerrero_foto-1-1024x768.jpeg?resize=1024%2C768&amp;ssl=1 1024w, https:\/\/impactove.com\/wp-content\/uploads\/2024\/07\/hermano-nino-guerrero_foto-1-300x225.jpeg 300w, https:\/\/impactove.com\/wp-content\/uploads\/2024\/07\/hermano-nino-guerrero_foto-1-768x576.jpeg 768w, https:\/\/impactove.com\/wp-content\/uploads\/2024\/07\/hermano-nino-guerrero_foto-1-1536x1152.jpeg 1536w, https:\/\/impactove.com\/wp-content\/uploads\/2024\/07\/hermano-nino-guerrero_foto-1-560x420.jpeg 560w, https:\/\/impactove.com\/wp-content\/uploads\/2024\/07\/hermano-nino-guerrero_foto-1-80x60.jpeg 80w, https:\/\/impactove.com\/wp-content\/uploads\/2024\/07\/hermano-nino-guerrero_foto-1-150x113.jpeg 150w, https:\/\/impactove.com\/wp-content\/uploads\/2024\/07\/hermano-nino-guerrero_foto-1-696x522.jpeg 696w, https:\/\/impactove.com\/wp-content\/uploads\/2024\/07\/hermano-nino-guerrero_foto-1-1068x801.jpeg 1068w, https:\/\/impactove.com\/wp-content\/uploads\/2024\/07\/hermano-nino-guerrero_foto-1-1920x1440.jpeg 1920w, https:\/\/impactove.com\/wp-content\/uploads\/2024\/07\/hermano-nino-guerrero_foto-1-1320x990.jpeg 1320w, https:\/\/impactove.com\/wp-content\/uploads\/2024\/07\/hermano-nino-guerrero_foto-1.jpeg 2048w\" alt=\"\" width=\"1024\" height=\"768\" data-recalc-dims=\"1\"\/><\/figure>\n<p>Saab anunci\u00f3 que ser\u00e1 juzgado en el pa\u00eds por los delitos de extorsi\u00f3n agravada, legitimaci\u00f3n de capitales, asociaci\u00f3n, tr\u00e1fico il\u00edcito de armas y municiones, terrorismo y financiamiento al terrorismo.<\/p>\n<figure class=\"wp-block-image size-large\"><img loading=\"lazy\" decoding=\"async\" class=\"wp-image-265234\" src=\"https:\/\/i0.wp.com\/impactove.com\/wp-content\/uploads\/2024\/07\/hermano-nino-guerrero_foto-2-1024x768.jpeg?resize=1024%2C768&amp;ssl=1\" sizes=\"auto, (max-width: 1024px) 100vw, 1024px\" srcset=\"https:\/\/i0.wp.com\/impactove.com\/wp-content\/uploads\/2024\/07\/hermano-nino-guerrero_foto-2-1024x768.jpeg?resize=1024%2C768&amp;ssl=1 1024w, https:\/\/impactove.com\/wp-content\/uploads\/2024\/07\/hermano-nino-guerrero_foto-2-300x225.jpeg 300w, https:\/\/impactove.com\/wp-content\/uploads\/2024\/07\/hermano-nino-guerrero_foto-2-768x576.jpeg 768w, https:\/\/impactove.com\/wp-content\/uploads\/2024\/07\/hermano-nino-guerrero_foto-2-560x420.jpeg 560w, https:\/\/impactove.com\/wp-content\/uploads\/2024\/07\/hermano-nino-guerrero_foto-2-80x60.jpeg 80w, https:\/\/impactove.com\/wp-content\/uploads\/2024\/07\/hermano-nino-guerrero_foto-2-150x113.jpeg 150w, https:\/\/impactove.com\/wp-content\/uploads\/2024\/07\/hermano-nino-guerrero_foto-2-696x522.jpeg 696w, https:\/\/impactove.com\/wp-content\/uploads\/2024\/07\/hermano-nino-guerrero_foto-2-1068x801.jpeg 1068w, https:\/\/impactove.com\/wp-content\/uploads\/2024\/07\/hermano-nino-guerrero_foto-2.jpeg 1280w\" alt=\"\" width=\"1024\" height=\"768\" data-recalc-dims=\"1\"\/><\/figure>\n<figure class=\"wp-block-image size-large\"><img loading=\"lazy\" decoding=\"async\" class=\"wp-image-265235\" src=\"https:\/\/i0.wp.com\/impactove.com\/wp-content\/uploads\/2024\/07\/hermano-nino-guerrero_foto-3-1024x768.jpeg?resize=1024%2C768&amp;ssl=1\" sizes=\"auto, (max-width: 1024px) 100vw, 1024px\" srcset=\"https:\/\/i0.wp.com\/impactove.com\/wp-content\/uploads\/2024\/07\/hermano-nino-guerrero_foto-3-1024x768.jpeg?resize=1024%2C768&amp;ssl=1 1024w, https:\/\/impactove.com\/wp-content\/uploads\/2024\/07\/hermano-nino-guerrero_foto-3-300x225.jpeg 300w, https:\/\/impactove.com\/wp-content\/uploads\/2024\/07\/hermano-nino-guerrero_foto-3-768x576.jpeg 768w, https:\/\/impactove.com\/wp-content\/uploads\/2024\/07\/hermano-nino-guerrero_foto-3-560x420.jpeg 560w, https:\/\/impactove.com\/wp-content\/uploads\/2024\/07\/hermano-nino-guerrero_foto-3-80x60.jpeg 80w, https:\/\/impactove.com\/wp-content\/uploads\/2024\/07\/hermano-nino-guerrero_foto-3-150x113.jpeg 150w, https:\/\/impactove.com\/wp-content\/uploads\/2024\/07\/hermano-nino-guerrero_foto-3-696x522.jpeg 696w, https:\/\/impactove.com\/wp-content\/uploads\/2024\/07\/hermano-nino-guerrero_foto-3-1068x801.jpeg 1068w, https:\/\/impactove.com\/wp-content\/uploads\/2024\/07\/hermano-nino-guerrero_foto-3.jpeg 1280w\" alt=\"\" width=\"1024\" height=\"768\" data-recalc-dims=\"1\"\/><\/figure>\n<p>La Polic\u00eda Nacional espa\u00f1ola anunci\u00f3 el 14 de marzo su detenci\u00f3n en Barcelona.<\/p>\n<p>Mientras, queda como tarea pendiente la captura del \u201cNi\u00f1o Guerrero\u201d, quien supuestamente se encuentra fuera de nuestras fronteras y por el cual hasta el Gobierno de Colombia ofrece una jugosa recompensa por informaci\u00f3n que pueda dar con su paradero.<\/p>\n<figure class=\"wp-block-image size-full\"><img loading=\"lazy\" decoding=\"async\" class=\"wp-image-265243\" src=\"https:\/\/i0.wp.com\/impactove.com\/wp-content\/uploads\/2024\/07\/recompensa.jpeg?resize=525%2C680&amp;ssl=1\" sizes=\"auto, (max-width: 525px) 100vw, 525px\" srcset=\"https:\/\/i0.wp.com\/impactove.com\/wp-content\/uploads\/2024\/07\/recompensa.jpeg?resize=525%2C680&amp;ssl=1 525w, https:\/\/impactove.com\/wp-content\/uploads\/2024\/07\/recompensa-232x300.jpeg 232w, https:\/\/impactove.com\/wp-content\/uploads\/2024\/07\/recompensa-324x420.jpeg 324w, https:\/\/impactove.com\/wp-content\/uploads\/2024\/07\/recompensa-150x194.jpeg 150w\" alt=\"\" width=\"525\" height=\"680\" data-recalc-dims=\"1\"\/><\/figure>\n<div id=\"ez-toc-container\" class=\"ez-toc-v2_0_81 counter-hierarchy ez-toc-counter ez-toc-grey ez-toc-container-direction\">\n<div class=\"ez-toc-title-container\">\n<p class=\"ez-toc-title\" style=\"cursor:inherit\">Tabla de Contenido<\/p>\n<span class=\"ez-toc-title-toggle\"><a href=\"#\" class=\"ez-toc-pull-right ez-toc-btn ez-toc-btn-xs ez-toc-btn-default ez-toc-toggle\" aria-label=\"Alternar tabla de contenidos\"><span class=\"ez-toc-js-icon-con\"><span class=\"\"><span class=\"eztoc-hide\" style=\"display:none;\">Toggle<\/span><span class=\"ez-toc-icon-toggle-span\"><svg style=\"fill: #999;color:#999\" xmlns=\"http:\/\/www.w3.org\/2000\/svg\" class=\"list-377408\" width=\"20px\" height=\"20px\" viewBox=\"0 0 24 24\" fill=\"none\"><path d=\"M6 6H4v2h2V6zm14 0H8v2h12V6zM4 11h2v2H4v-2zm16 0H8v2h12v-2zM4 16h2v2H4v-2zm16 0H8v2h12v-2z\" fill=\"currentColor\"><\/path><\/svg><svg style=\"fill: #999;color:#999\" class=\"arrow-unsorted-368013\" xmlns=\"http:\/\/www.w3.org\/2000\/svg\" width=\"10px\" height=\"10px\" viewBox=\"0 0 24 24\" version=\"1.2\" baseProfile=\"tiny\"><path d=\"M18.2 9.3l-6.2-6.3-6.2 6.3c-.2.2-.3.4-.3.7s.1.5.3.7c.2.2.4.3.7.3h11c.3 0 .5-.1.7-.3.2-.2.3-.5.3-.7s-.1-.5-.3-.7zM5.8 14.7l6.2 6.3 6.2-6.3c.2-.2.3-.5.3-.7s-.1-.5-.3-.7c-.2-.2-.4-.3-.7-.3h-11c-.3 0-.5.1-.7.3-.2.2-.3.5-.3.7s.1.5.3.7z\"\/><\/svg><\/span><\/span><\/span><\/a><\/span><\/div>\n<nav><ul class='ez-toc-list ez-toc-list-level-1 ' ><li class='ez-toc-page-1 ez-toc-heading-level-4'><a class=\"ez-toc-link ez-toc-heading-1\" href=\"https:\/\/enfoquenoticioso.com\/?p=11379\/#Sigue_al_canal_de_noticias_en_Whatsaap\" >Sigue al canal de noticias en Whatsaap\u00a0<\/a><\/li><\/ul><\/nav><\/div>\n<h4><span class=\"ez-toc-section\" id=\"Sigue_al_canal_de_noticias_en_Whatsaap\"><\/span><strong><a href=\"https:\/\/whatsapp.com\/channel\/0029VaDXFnLId7nFFiDdVI26?fbclid=IwAR1LnVJqcByTELJH4Ht086FYRmdx18pRnV7CrkzmTJ5JaLHYY0igukfL9Yk\" target=\"_blank\" rel=\"noopener\">Sigue al canal de noticias en Whatsaap\u00a0<\/a><\/strong><span class=\"ez-toc-section-end\"><\/span><\/h4>\n<\/div>\n<p><a href=\"https:\/\/noticiasaldiayalahora.co\/sucesos\/asi-llego-el-hermano-del-nino-guerrero-a-venezuela-tras-ser-extraditado-desde-espana\/\" class=\" target=\" title=\"As\u00ed lleg\u00f3 el hermano del Ni\u00f1o Guerrero a Venezuela tras ser extraditado desde Espa\u00f1a\" target=\"_blank\" rel=\"noopener\">Ver fuente<\/a><\/p>\n","protected":false},"excerpt":{"rendered":"<p>La tarde de este jueves 11 de julio lleg\u00f3 a Venezuela procedente de Espa\u00f1a Gerso Isaac Guerrero Flores, hermano del criminal \u201cEl Ni\u00f1o Guerrero\u201d, cabecilla de la banda delictiva el \u201cTren de Aragua\u201d. Esto sucede tras acordarse la extradici\u00f3n al pa\u00eds de uno de los criminales m\u00e1s buscados, seg\u00fan anunci\u00f3 el fiscal general Tarek William [&hellip;]<\/p>\n","protected":false},"author":2,"featured_media":11380,"comment_status":"open","ping_status":"closed","sticky":false,"template":"","format":"standard","meta":{"footnotes":""},"categories":[5],"tags":[],"class_list":["post-11379","post","type-post","status-publish","format-standard","has-post-thumbnail","hentry","category-sucesos"],"_links":{"self":[{"href":"https:\/\/enfoquenoticioso.com\/index.php?rest_route=\/wp\/v2\/posts\/11379","targetHints":{"allow":["GET"]}}],"collection":[{"href":"https:\/\/enfoquenoticioso.com\/index.php?rest_route=\/wp\/v2\/posts"}],"about":[{"href":"https:\/\/enfoquenoticioso.com\/index.php?rest_route=\/wp\/v2\/types\/post"}],"author":[{"embeddable":true,"href":"https:\/\/enfoquenoticioso.com\/index.php?rest_route=\/wp\/v2\/users\/2"}],"replies":[{"embeddable":true,"href":"https:\/\/enfoquenoticioso.com\/index.php?rest_route=%2Fwp%2Fv2%2Fcomments&post=11379"}],"version-history":[{"count":0,"href":"https:\/\/enfoquenoticioso.com\/index.php?rest_route=\/wp\/v2\/posts\/11379\/revisions"}],"wp:featuredmedia":[{"embeddable":true,"href":"https:\/\/enfoquenoticioso.com\/index.php?rest_route=\/wp\/v2\/media\/11380"}],"wp:attachment":[{"href":"https:\/\/enfoquenoticioso.com\/index.php?rest_route=%2Fwp%2Fv2%2Fmedia&parent=11379"}],"wp:term":[{"taxonomy":"category","embeddable":true,"href":"https:\/\/enfoquenoticioso.com\/index.php?rest_route=%2Fwp%2Fv2%2Fcategories&post=11379"},{"taxonomy":"post_tag","embeddable":true,"href":"https:\/\/enfoquenoticioso.com\/index.php?rest_route=%2Fwp%2Fv2%2Ftags&post=11379"}],"curies":[{"name":"wp","href":"https:\/\/api.w.org\/{rel}","templated":true}]}}