{"id":11504,"date":"2024-07-12T22:22:34","date_gmt":"2024-07-12T22:22:34","guid":{"rendered":"https:\/\/enfoquenoticioso.com\/sucesos\/detenidos-implicados-en-sabotaje-contra-el-sistema-electrico-del-tachira\/"},"modified":"2024-07-12T22:22:34","modified_gmt":"2024-07-12T22:22:34","slug":"detenidos-implicados-en-sabotaje-contra-el-sistema-electrico-del-tachira","status":"publish","type":"post","link":"https:\/\/enfoquenoticioso.com\/?p=11504","title":{"rendered":"Detenidos implicados en sabotaje contra el sistema el\u00e9ctrico del T\u00e1chira"},"content":{"rendered":"<div>\n<p>El fiscal general de la Rep\u00fablica, Tarek William Saab, inform\u00f3 este viernes que el Ministerio P\u00fablico solicit\u00f3 ante los tribunales competentes \u00f3rdenes de aprehensi\u00f3n de dos personas que ten\u00edan en su poder gran cantidad de material estrat\u00e9gico perteneciente al Estado para perpetrar la acci\u00f3n ilegal.<\/p>\n<p>El titular de la acci\u00f3n penal precis\u00f3 que los detenidos son Aldo Roso Vargas y Ricardo Alberto Albacete, quienes est\u00e1n siendo procesados tras reunir suficientes elementos de convicci\u00f3n.<\/p>\n<p>Relat\u00f3 que el pasado 9 de julio se solicit\u00f3 ante los tribunales competentes \u00f3rdenes de aprehensi\u00f3n contra Aldo Roso Vargas y Ricardo Alberto Albacete Vidal.<\/p>\n<p>Detall\u00f3 Saab que Aldo Roso Vargas fue detenido el pasado 10 de julio en la parroquia El Valle, en la ciudad de Caracas, y Ricardo Albacete fue aprehendido el jueves 11 de julio en la Avenida Libertador de Caracas.<\/p>\n<p>Ante el tribunal, el fiscal del caso les imput\u00f3 la presunta comisi\u00f3n de los delitos de tr\u00e1fico y comercio il\u00edcito de recursos o materiales estrat\u00e9gicos y asociaci\u00f3n para delinquir.<\/p>\n<p>Las investigaciones contra los mencionados ciudadanos se basan en que ten\u00edan como epicentro de sus acciones, los estados M\u00e9rida y T\u00e1chira; adem\u00e1s de la ciudad de Caracas, indic\u00f3 Saab.<\/p>\n<p>El Fiscal mostr\u00f3 ante los medios de comunicaci\u00f3n un v\u00eddeo en donde se observa numeroso material estrat\u00e9gico en los inmuebles que fueron allanados, uno en T\u00e1chira y otro en M\u00e9rida, vinculados a los mencionados ciudadanos.<\/p>\n<p>\u201cSe pudo verificar \u2013 expres\u00f3- que estos ciudadanos ten\u00edan en su poder gran cantidad de material estrat\u00e9gico, perteneciente a Corpoelec empresa estrat\u00e9gica del Estado venezolano para ofrecer un servicio b\u00e1sico como la electricidad (\u2026), los cuales est\u00e1n valorados en 150 mil d\u00f3lares\u201d, dijo.<\/p>\n<p>Saab detall\u00f3 que en los galpones de la empresa Gurimetal, ubicada en Palmira, estado T\u00e1chira, se encontraron, entre otros materiales, aproximadamente 20 transformadores el\u00e9ctricos pertenecientes a Cadafe, robados del Sistema El\u00e9ctrico Nacional (SEN), 500 kilogramos de guayas de alta tensi\u00f3n pertenecientes al SEN; aproximadamente 50 pararrayos el\u00e9ctricos; aproximadamente 250 lingotes de aluminio con un peso de 13 kilos cada uno, para un total aproximado de 3.250 kilogramos.<\/p>\n<p>En dicha empresa, \u2013 prosigui\u00f3 el fiscal- se realizaban labores de fundici\u00f3n de diferentes metales. Las investigaciones revelan que funcionaba como centro de acopio de material estrat\u00e9gico hurtado al SEN para ser usado como materia prima en productos manufacturados por dicha empresa.<\/p>\n<p>Afirm\u00f3 que los obreros corroboraron que los materiales eran hurtados y por tal raz\u00f3n rechaz\u00f3 que algunos medios \u201cle laven la cara\u201d a los involucrados.<\/p>\n<div id=\"ez-toc-container\" class=\"ez-toc-v2_0_81 counter-hierarchy ez-toc-counter ez-toc-grey ez-toc-container-direction\">\n<div class=\"ez-toc-title-container\">\n<p class=\"ez-toc-title\" style=\"cursor:inherit\">Tabla de Contenido<\/p>\n<span class=\"ez-toc-title-toggle\"><a href=\"#\" class=\"ez-toc-pull-right ez-toc-btn ez-toc-btn-xs ez-toc-btn-default ez-toc-toggle\" aria-label=\"Alternar tabla de contenidos\"><span class=\"ez-toc-js-icon-con\"><span class=\"\"><span class=\"eztoc-hide\" style=\"display:none;\">Toggle<\/span><span class=\"ez-toc-icon-toggle-span\"><svg style=\"fill: #999;color:#999\" xmlns=\"http:\/\/www.w3.org\/2000\/svg\" class=\"list-377408\" width=\"20px\" height=\"20px\" viewBox=\"0 0 24 24\" fill=\"none\"><path d=\"M6 6H4v2h2V6zm14 0H8v2h12V6zM4 11h2v2H4v-2zm16 0H8v2h12v-2zM4 16h2v2H4v-2zm16 0H8v2h12v-2z\" fill=\"currentColor\"><\/path><\/svg><svg style=\"fill: #999;color:#999\" class=\"arrow-unsorted-368013\" xmlns=\"http:\/\/www.w3.org\/2000\/svg\" width=\"10px\" height=\"10px\" viewBox=\"0 0 24 24\" version=\"1.2\" baseProfile=\"tiny\"><path d=\"M18.2 9.3l-6.2-6.3-6.2 6.3c-.2.2-.3.4-.3.7s.1.5.3.7c.2.2.4.3.7.3h11c.3 0 .5-.1.7-.3.2-.2.3-.5.3-.7s-.1-.5-.3-.7zM5.8 14.7l6.2 6.3 6.2-6.3c.2-.2.3-.5.3-.7s-.1-.5-.3-.7c-.2-.2-.4-.3-.7-.3h-11c-.3 0-.5.1-.7.3-.2.2-.3.5-.3.7s.1.5.3.7z\"\/><\/svg><\/span><\/span><\/span><\/a><\/span><\/div>\n<nav><ul class='ez-toc-list ez-toc-list-level-1 ' ><li class='ez-toc-page-1 ez-toc-heading-level-2'><a class=\"ez-toc-link ez-toc-heading-1\" href=\"https:\/\/enfoquenoticioso.com\/?p=11504\/#Vinculados_a_Uribe_y_Duque\" >Vinculados a Uribe y Duque<\/a><\/li><li class='ez-toc-page-1 ez-toc-heading-level-2'><a class=\"ez-toc-link ez-toc-heading-2\" href=\"https:\/\/enfoquenoticioso.com\/?p=11504\/#Caso_del_hermano_del_Nino_Guerrero\" >Caso del hermano del Ni\u00f1o Guerrero<\/a><\/li><\/ul><\/nav><\/div>\n<h2><span class=\"ez-toc-section\" id=\"Vinculados_a_Uribe_y_Duque\"><\/span>Vinculados a Uribe y Duque<span class=\"ez-toc-section-end\"><\/span><\/h2>\n<p>Saab indic\u00f3 que los detenidos tienen historial delictivo. De acuerdo con informaci\u00f3n de inteligencia -dijo- \u201chan recibido financiamiento desde el exterior para sostener la campa\u00f1a de la extrema derecha neonazi y movimientos de desestabilizaci\u00f3n del pa\u00eds\u201d.<\/p>\n<p>En este sentido, se\u00f1al\u00f3 que a ambos sujetos \u201cse les vincula con sectores de la extrema derecha colombiana, como los expresidentes \u00c1lvaro Uribe e Iv\u00e1n Duque\u201d<\/p>\n<p>Precis\u00f3 que Ricardo Albacete \u201cest\u00e1 vinculado con un accidente a\u00e9reo que cost\u00f3 la vida a 71 personas en Colombia en 2016. Tambi\u00e9n se le acusa de ser testaferro de un empresario chino detenido en ese pa\u00eds por corrupci\u00f3n\u201d.<\/p>\n<p>Saab explic\u00f3 que la reincidencia de los sectores radicales de la oposici\u00f3n en atacar el SEN, es con la finalidad de utilizar el descontento que se genere pol\u00edticamente, lo cual -dijo-forma parte de lo que denomin\u00f3 la \u201cguerra h\u00edbrida\u201d.<\/p>\n<p>Al respecto, explic\u00f3 que al atacar el SEN se generan fallas en los servicios de luz y agua, raz\u00f3n por la cual el delito de da\u00f1o a la instalaci\u00f3n del Sistema El\u00e9ctrico Nacional es tan delicado, y prev\u00e9 penas de 20 a 25 a\u00f1os\u201d.<\/p>\n<p>Agreg\u00f3 que los delitos contemplan agravantes del aumento de una tercera parte de la pena \u201ccuando se ataquen l\u00edneas y fuentes de energ\u00eda primaria y, adicionalmente cuando se realice con participaci\u00f3n de pa\u00eds extranjero, grupo terrorista o paramilitar, se aplicar\u00e1 la pena de 30 a\u00f1os\u201d.<\/p>\n<h2><span class=\"ez-toc-section\" id=\"Caso_del_hermano_del_Nino_Guerrero\"><\/span>Caso del hermano del Ni\u00f1o Guerrero<span class=\"ez-toc-section-end\"><\/span><\/h2>\n<p>Otro de los casos abordados por el m\u00e1ximo representante del Ministerio P\u00fablico, fue el de la extradici\u00f3n de Gerso Isaac Guerrero Flores, hermano de H\u00e9ctor Guerrero Flores, conocido como el Ni\u00f1o Guerrero, quien fuera jefe de la extinta organizaci\u00f3n criminal el Tren de Aragua.<\/p>\n<p>Saab, tras calificar el hecho como un gran triunfo de car\u00e1cter legal, judicial y jur\u00eddico, reiter\u00f3 que el Tren de Aragua fue desmantelado.<\/p>\n<p>Por ello asegur\u00f3 que las \u201cplataformas internacionales\u201d mienten al decir que la organizaci\u00f3n criminal lleg\u00f3 a \u201cChina, Jap\u00f3n, Rusia, Pakist\u00e1n y ya est\u00e1 en Washington DC\u201d.<\/p>\n<p>Afirm\u00f3 que las mentiras recurrentes que difunden son para colocar a Venezuela como un presunto Estado que est\u00e1 al margen de la ley.<\/p>\n<p>Inform\u00f3 adem\u00e1s la detenci\u00f3n de otro hermano del \u201cNi\u00f1o Guerrero\u201d, de nombre Gheiketh Josu\u00e9s Guerrero Flores, quien se encuentra procesado y privado de libertad\u201d.<\/p>\n<p>Record\u00f3 que el proceso de desmantelamiento contra la banda Tren de Aragua fue realizado en dos etapas. La primera consisti\u00f3 en la ubicaci\u00f3n de sus l\u00edderes y la desarticulaci\u00f3n de la organizaci\u00f3n criminal, y la segunda etapa se ejecut\u00f3 mediante la toma del penal de Tocor\u00f3n, el 27 de septiembre de 2023, la cual produjo \u201cla desarticulaci\u00f3n del m\u00fasculo financiero\u201d de la organizaci\u00f3n criminal.<\/p>\n<p>Al hacer un balance, explic\u00f3 que \u201cse han aprehendido 16 involucrados, de los cuales 14 est\u00e1n en etapa de juicio, otros 4 han sido imputados en sede fiscal, hay 56 ciudadanos con orden de aprehensi\u00f3n por ejecutar y 48 tienen alerta roja de Interpol\u201d.<\/p>\n<p>\u00a0<\/p>\n<\/div>\n<p><a href=\"https:\/\/noticiasaldiayalahora.co\/sucesos\/detenidos-implicados-en-sabotaje-contra-el-sistema-electrico-del-tachira\/\" class=\" target=\" title=\"Detenidos implicados en sabotaje contra el sistema el\u00e9ctrico del T\u00e1chira\" target=\"_blank\" rel=\"noopener\">Ver fuente<\/a><\/p>\n","protected":false},"excerpt":{"rendered":"<p>El fiscal general de la Rep\u00fablica, Tarek William Saab, inform\u00f3 este viernes que el Ministerio P\u00fablico solicit\u00f3 ante los tribunales competentes \u00f3rdenes de aprehensi\u00f3n de dos personas que ten\u00edan en su poder gran cantidad de material estrat\u00e9gico perteneciente al Estado para perpetrar la acci\u00f3n ilegal. El titular de la acci\u00f3n penal precis\u00f3 que los detenidos [&hellip;]<\/p>\n","protected":false},"author":2,"featured_media":11505,"comment_status":"open","ping_status":"closed","sticky":false,"template":"","format":"standard","meta":{"footnotes":""},"categories":[5],"tags":[],"class_list":["post-11504","post","type-post","status-publish","format-standard","has-post-thumbnail","hentry","category-sucesos"],"_links":{"self":[{"href":"https:\/\/enfoquenoticioso.com\/index.php?rest_route=\/wp\/v2\/posts\/11504","targetHints":{"allow":["GET"]}}],"collection":[{"href":"https:\/\/enfoquenoticioso.com\/index.php?rest_route=\/wp\/v2\/posts"}],"about":[{"href":"https:\/\/enfoquenoticioso.com\/index.php?rest_route=\/wp\/v2\/types\/post"}],"author":[{"embeddable":true,"href":"https:\/\/enfoquenoticioso.com\/index.php?rest_route=\/wp\/v2\/users\/2"}],"replies":[{"embeddable":true,"href":"https:\/\/enfoquenoticioso.com\/index.php?rest_route=%2Fwp%2Fv2%2Fcomments&post=11504"}],"version-history":[{"count":0,"href":"https:\/\/enfoquenoticioso.com\/index.php?rest_route=\/wp\/v2\/posts\/11504\/revisions"}],"wp:featuredmedia":[{"embeddable":true,"href":"https:\/\/enfoquenoticioso.com\/index.php?rest_route=\/wp\/v2\/media\/11505"}],"wp:attachment":[{"href":"https:\/\/enfoquenoticioso.com\/index.php?rest_route=%2Fwp%2Fv2%2Fmedia&parent=11504"}],"wp:term":[{"taxonomy":"category","embeddable":true,"href":"https:\/\/enfoquenoticioso.com\/index.php?rest_route=%2Fwp%2Fv2%2Fcategories&post=11504"},{"taxonomy":"post_tag","embeddable":true,"href":"https:\/\/enfoquenoticioso.com\/index.php?rest_route=%2Fwp%2Fv2%2Ftags&post=11504"}],"curies":[{"name":"wp","href":"https:\/\/api.w.org\/{rel}","templated":true}]}}