{"id":11512,"date":"2024-07-12T22:53:45","date_gmt":"2024-07-12T22:53:45","guid":{"rendered":"https:\/\/enfoquenoticioso.com\/sucesos\/desmanteladas-mas-de-350-bandas-criminales-segun-ministro-ceballos\/"},"modified":"2024-07-12T22:53:45","modified_gmt":"2024-07-12T22:53:45","slug":"desmanteladas-mas-de-350-bandas-criminales-segun-ministro-ceballos","status":"publish","type":"post","link":"https:\/\/enfoquenoticioso.com\/?p=11512","title":{"rendered":"Desmanteladas m\u00e1s de 350 bandas criminales, seg\u00fan ministro Ceballos"},"content":{"rendered":"<div>\n<p>Un total de 356 bandas criminales han sido desmanteladas por las autoridades de Venezuela, indic\u00f3 este viernes el ministro de Relaciones Interiores, Justicia y Paz, Remigio Ceballos, sin especificar el per\u00edodo durante el que se llevaron a cabo estas acciones ni la denominaci\u00f3n de los grupos delictivos.<\/p>\n<p>Seg\u00fan el balance oficial en materia de lucha contra la delincuencia, transmitido por el canal estatal VTV, el funcionario se\u00f1al\u00f3 que han sido detenidas 1.368 personas, a la vez que se han recuperado 611 armas y 156 veh\u00edculos, lo que demuestra -asegur\u00f3- un \u00abincremento en la efectividad del combate contra las bandas criminales\u00bb.<\/p>\n<p>En este sentido, el ministro asegur\u00f3 que, de enero a principios de julio, los \u00edndices delictivos se redujeron un 23,5 %, gracias -se\u00f1al\u00f3- a la pol\u00edtica gubernamental que busca \u00abgarantizar la paz, la tranquilidad y la protecci\u00f3n\u00bb de los ciudadanos.<\/p>\n<p>El pasado abril, el fiscal general, Tarek William Saab, asegur\u00f3 que las autoridades llevan a cabo una \u00abferoz lucha contra las organizaciones criminales y, en especial, contra el GEDO (Grupos Estructurados de Delincuencia Organizada) conocido como Tren de Aragua\u00bb, que fue -afirm\u00f3- \u00abcompletamente desmantelado\u00bb en 2023, con la detenci\u00f3n de \u00abdecenas de sus integrantes y colaboradores\u00bb.<\/p>\n<p>Este jueves, el pa\u00eds caribe\u00f1o recibi\u00f3 a un hermano de H\u00e9ctor Guerrero Flores -alias \u2018Ni\u00f1o Guerrero\u2019-, l\u00edder de la banda criminal transnacional \u2018Tren de Aragua\u2019, extraditado desde Espa\u00f1a.<\/p>\n<blockquote class=\"twitter-tweet\">\n<p dir=\"ltr\" lang=\"es\">\ud83d\udd35 El vicepresidente sectorial A\/J Remigio Ceballos (<a href=\"https:\/\/twitter.com\/CeballosIchaso1?ref_src=twsrc%5Etfw\" target=\"_blank\" rel=\"noopener\">@CeballosIchaso1<\/a>) anunci\u00f3 la desactivaci\u00f3n completa del autodenominado grupo criminal \u201cEl Tren de Aragua\u201d.<\/p>\n<p>\ud83d\udde3\ufe0f Precis\u00f3 que desarticul\u00f3 el espacio de acci\u00f3n del mecionado grupo delictivo, estructura financiera y log\u00edstica.\u2026 <a href=\"https:\/\/t.co\/w2IC55qXKR\">pic.twitter.com\/w2IC55qXKR<\/a><\/p>\n<p>\u2014 Primicias Venezuela (@PrimiciasVe) <a href=\"https:\/\/twitter.com\/PrimiciasVe\/status\/1811785607133155668?ref_src=twsrc%5Etfw\" target=\"_blank\" rel=\"noopener\">July 12, 2024<\/a><\/p>\n<\/blockquote>\n<\/div>\n<p><script async src=\"\/\/platform.twitter.com\/widgets.js\" charset=\"utf-8\"><\/script><br \/>\n<br \/><a href=\"https:\/\/noticiasaldiayalahora.co\/sucesos\/desmanteladas-mas-de-350-bandas-criminales-segun-ministro-ceballos\/\" class=\" target=\" title=\"Desmanteladas m\u00e1s de 350 bandas criminales, seg\u00fan ministro Ceballos\" target=\"_blank\" rel=\"noopener\">Ver fuente<\/a><\/p>\n","protected":false},"excerpt":{"rendered":"<p>Un total de 356 bandas criminales han sido desmanteladas por las autoridades de Venezuela, indic\u00f3 este viernes el ministro de Relaciones Interiores, Justicia y Paz, Remigio Ceballos, sin especificar el per\u00edodo durante el que se llevaron a cabo estas acciones ni la denominaci\u00f3n de los grupos delictivos. Seg\u00fan el balance oficial en materia de lucha [&hellip;]<\/p>\n","protected":false},"author":2,"featured_media":11513,"comment_status":"open","ping_status":"closed","sticky":false,"template":"","format":"standard","meta":{"footnotes":""},"categories":[5],"tags":[],"class_list":["post-11512","post","type-post","status-publish","format-standard","has-post-thumbnail","hentry","category-sucesos"],"_links":{"self":[{"href":"https:\/\/enfoquenoticioso.com\/index.php?rest_route=\/wp\/v2\/posts\/11512","targetHints":{"allow":["GET"]}}],"collection":[{"href":"https:\/\/enfoquenoticioso.com\/index.php?rest_route=\/wp\/v2\/posts"}],"about":[{"href":"https:\/\/enfoquenoticioso.com\/index.php?rest_route=\/wp\/v2\/types\/post"}],"author":[{"embeddable":true,"href":"https:\/\/enfoquenoticioso.com\/index.php?rest_route=\/wp\/v2\/users\/2"}],"replies":[{"embeddable":true,"href":"https:\/\/enfoquenoticioso.com\/index.php?rest_route=%2Fwp%2Fv2%2Fcomments&post=11512"}],"version-history":[{"count":0,"href":"https:\/\/enfoquenoticioso.com\/index.php?rest_route=\/wp\/v2\/posts\/11512\/revisions"}],"wp:featuredmedia":[{"embeddable":true,"href":"https:\/\/enfoquenoticioso.com\/index.php?rest_route=\/wp\/v2\/media\/11513"}],"wp:attachment":[{"href":"https:\/\/enfoquenoticioso.com\/index.php?rest_route=%2Fwp%2Fv2%2Fmedia&parent=11512"}],"wp:term":[{"taxonomy":"category","embeddable":true,"href":"https:\/\/enfoquenoticioso.com\/index.php?rest_route=%2Fwp%2Fv2%2Fcategories&post=11512"},{"taxonomy":"post_tag","embeddable":true,"href":"https:\/\/enfoquenoticioso.com\/index.php?rest_route=%2Fwp%2Fv2%2Ftags&post=11512"}],"curies":[{"name":"wp","href":"https:\/\/api.w.org\/{rel}","templated":true}]}}