{"id":11611,"date":"2024-07-13T12:07:37","date_gmt":"2024-07-13T12:07:37","guid":{"rendered":"https:\/\/enfoquenoticioso.com\/sucesos\/una-joven-salio-a-su-trabajo-en-una-moto-y-en-el-camino-un-camion-la-impacto\/"},"modified":"2024-07-13T12:07:37","modified_gmt":"2024-07-13T12:07:37","slug":"una-joven-salio-a-su-trabajo-en-una-moto-y-en-el-camino-un-camion-la-impacto","status":"publish","type":"post","link":"https:\/\/enfoquenoticioso.com\/?p=11611","title":{"rendered":"Una joven sali\u00f3 a su trabajo en una moto y en el camino un cami\u00f3n la impact\u00f3"},"content":{"rendered":"<div id=\"post-532690\">\n<div class=\"entry-thumbnail\">\n<img width=\"777\" height=\"437\" src=\"https:\/\/i0.wp.com\/noticiasaldiayalahora.co\/wp-content\/uploads\/2024\/07\/Maracaibo-accidente.png?resize=777%2C437&amp;ssl=1\" class=\"attachment-content-single size-content-single wp-post-image\" alt=\"\" decoding=\"async\" fetchpriority=\"high\" srcset=\"https:\/\/i0.wp.com\/noticiasaldiayalahora.co\/wp-content\/uploads\/2024\/07\/Maracaibo-accidente.png?resize=777%2C437&amp;ssl=1 777w, https:\/\/i0.wp.com\/noticiasaldiayalahora.co\/wp-content\/uploads\/2024\/07\/Maracaibo-accidente.png?resize=180%2C101&amp;ssl=1 180w, https:\/\/i0.wp.com\/noticiasaldiayalahora.co\/wp-content\/uploads\/2024\/07\/Maracaibo-accidente.png?resize=260%2C146&amp;ssl=1 260w, https:\/\/i0.wp.com\/noticiasaldiayalahora.co\/wp-content\/uploads\/2024\/07\/Maracaibo-accidente.png?resize=373%2C210&amp;ssl=1 373w, https:\/\/i0.wp.com\/noticiasaldiayalahora.co\/wp-content\/uploads\/2024\/07\/Maracaibo-accidente.png?resize=120%2C67&amp;ssl=1 120w\" sizes=\"(max-width: 777px) 100vw, 777px\"\/><\/div>\n<p class=\"entry-meta\">\n<span class=\"entry-meta-author vcard author\">Por: <a class=\"fn\" href=\"https:\/\/noticiasaldiayalahora.co\/author\/redaccion\/\" target=\"_blank\" rel=\"noopener\">Redacci\u00f3n Noticias al Dia y a la Hora<\/a><\/span><br \/>\n<span class=\"entry-meta-date updated\">13 julio, 2024<\/span>\n<\/p>\n<div class=\"entry-content clearfix\">\n<div id=\"ez-toc-container\" class=\"ez-toc-v2_0_81 counter-hierarchy ez-toc-counter ez-toc-grey ez-toc-container-direction\">\n<div class=\"ez-toc-title-container\">\n<p class=\"ez-toc-title\" style=\"cursor:inherit\">Tabla de Contenido<\/p>\n<span class=\"ez-toc-title-toggle\"><a href=\"#\" class=\"ez-toc-pull-right ez-toc-btn ez-toc-btn-xs ez-toc-btn-default ez-toc-toggle\" aria-label=\"Alternar tabla de contenidos\"><span class=\"ez-toc-js-icon-con\"><span class=\"\"><span class=\"eztoc-hide\" style=\"display:none;\">Toggle<\/span><span class=\"ez-toc-icon-toggle-span\"><svg style=\"fill: #999;color:#999\" xmlns=\"http:\/\/www.w3.org\/2000\/svg\" class=\"list-377408\" width=\"20px\" height=\"20px\" viewBox=\"0 0 24 24\" fill=\"none\"><path d=\"M6 6H4v2h2V6zm14 0H8v2h12V6zM4 11h2v2H4v-2zm16 0H8v2h12v-2zM4 16h2v2H4v-2zm16 0H8v2h12v-2z\" fill=\"currentColor\"><\/path><\/svg><svg style=\"fill: #999;color:#999\" class=\"arrow-unsorted-368013\" xmlns=\"http:\/\/www.w3.org\/2000\/svg\" width=\"10px\" height=\"10px\" viewBox=\"0 0 24 24\" version=\"1.2\" baseProfile=\"tiny\"><path d=\"M18.2 9.3l-6.2-6.3-6.2 6.3c-.2.2-.3.4-.3.7s.1.5.3.7c.2.2.4.3.7.3h11c.3 0 .5-.1.7-.3.2-.2.3-.5.3-.7s-.1-.5-.3-.7zM5.8 14.7l6.2 6.3 6.2-6.3c.2-.2.3-.5.3-.7s-.1-.5-.3-.7c-.2-.2-.4-.3-.7-.3h-11c-.3 0-.5.1-.7.3-.2.2-.3.5-.3.7s.1.5.3.7z\"\/><\/svg><\/span><\/span><\/span><\/a><\/span><\/div>\n<nav><ul class='ez-toc-list ez-toc-list-level-1 ' ><li class='ez-toc-page-1 ez-toc-heading-level-4'><a class=\"ez-toc-link ez-toc-heading-1\" href=\"https:\/\/enfoquenoticioso.com\/?p=11611\/#Una_joven_de_22_anos_de_edad_perdio_la_vida_en_un_accidente_entre_la_moto_en_la_que_viajaba_y_un_camion\" >Una joven de 22 a\u00f1os de edad perdi\u00f3 la vida en un accidente entre la moto en la que viajaba y un cami\u00f3n<\/a><\/li><li class='ez-toc-page-1 ez-toc-heading-level-4'><a class=\"ez-toc-link ez-toc-heading-2\" href=\"https:\/\/enfoquenoticioso.com\/?p=11611\/#Sigue_al_canal_de_noticias_en_Whatsaap\" >Sigue al canal de noticias en Whatsaap\u00a0<\/a><\/li><\/ul><\/nav><\/div>\n<h4 class=\"wp-block-heading\"><span class=\"ez-toc-section\" id=\"Una_joven_de_22_anos_de_edad_perdio_la_vida_en_un_accidente_entre_la_moto_en_la_que_viajaba_y_un_camion\"><\/span>Una joven de 22 a\u00f1os de edad perdi\u00f3 la vida en un accidente entre la moto en la que viajaba y un cami\u00f3n<span class=\"ez-toc-section-end\"><\/span><\/h4>\n<p>Como Cayvil Montilla, de 22 a\u00f1os de edad, oriunda de la parroquia Francisco Eugenio Bustamante de Maracaibo fue identificada la que perdi\u00f3 la vida en un aparatoso accidente de tr\u00e1nsito en Maracaibo.<\/p>\n<p>Por su parte, acompa\u00f1ante result\u00f3 herido luego que un cami\u00f3n \u00a0los impactara cuando se desplazaban en una moto por el distribuidor Pomona Circunvalaci\u00f3n 1 de Maracaibo, rese\u00f1a la prensa local.<\/p>\n<p>Se pudo conocer que la v\u00edctima se dirig\u00eda a su lugar de trabajo al momento del accidente. Trascendi\u00f3 que se desempe\u00f1aba como Gestora de Inventario en la empresa Canguro.<\/p>\n<p>La versi\u00f3n de prensa indica que cami\u00f3n choc\u00f3 contra la moto dejando como resultado que la joven y a su acompa\u00f1ante \u00a0quedaron tendidos en el pavimento gravemente heridos, por lo que fueron trasladados \u00a0al Hospital General del Sur.<\/p>\n<p>Una de las versiones que se maneja es que la joven con el fuerte golpe perdi\u00f3 parte de su masa encef\u00e1lica y aunque fue trasladada falleci\u00f3 a su ingreso al centro asistencial, mientras que el motorizado fue atendido por presentar heridas graves en su cuerpo.<\/p>\n<h4><span class=\"ez-toc-section\" id=\"Sigue_al_canal_de_noticias_en_Whatsaap\"><\/span><strong><a href=\"https:\/\/whatsapp.com\/channel\/0029VaDXFnLId7nFFiDdVI26?fbclid=IwAR1LnVJqcByTELJH4Ht086FYRmdx18pRnV7CrkzmTJ5JaLHYY0igukfL9Yk\" target=\"_blank\" rel=\"noopener\">Sigue al canal de noticias en Whatsaap\u00a0<\/a><\/strong><span class=\"ez-toc-section-end\"><\/span><\/h4>\n<\/div>\n<\/div>\n<p><a href=\"https:\/\/noticiasaldiayalahora.co\/sucesos\/maracaibo-una-joven-salio-a-su-trabajo-en-una-moto-y-en-el-camino-un-camion-la-impacto\/\" class=\" target=\" title=\"Una joven sali\u00f3 a su trabajo en una moto y en el camino un cami\u00f3n la impact\u00f3\" target=\"_blank\" rel=\"noopener\">Ver fuente<\/a><\/p>\n","protected":false},"excerpt":{"rendered":"<p>Por: Redacci\u00f3n Noticias al Dia y a la Hora 13 julio, 2024 Una joven de 22 a\u00f1os de edad perdi\u00f3 la vida en un accidente entre la moto en la que viajaba y un cami\u00f3n Como Cayvil Montilla, de 22 a\u00f1os de edad, oriunda de la parroquia Francisco Eugenio Bustamante de Maracaibo fue identificada la [&hellip;]<\/p>\n","protected":false},"author":2,"featured_media":11612,"comment_status":"open","ping_status":"closed","sticky":false,"template":"","format":"standard","meta":{"footnotes":""},"categories":[5],"tags":[],"class_list":["post-11611","post","type-post","status-publish","format-standard","has-post-thumbnail","hentry","category-sucesos"],"_links":{"self":[{"href":"https:\/\/enfoquenoticioso.com\/index.php?rest_route=\/wp\/v2\/posts\/11611","targetHints":{"allow":["GET"]}}],"collection":[{"href":"https:\/\/enfoquenoticioso.com\/index.php?rest_route=\/wp\/v2\/posts"}],"about":[{"href":"https:\/\/enfoquenoticioso.com\/index.php?rest_route=\/wp\/v2\/types\/post"}],"author":[{"embeddable":true,"href":"https:\/\/enfoquenoticioso.com\/index.php?rest_route=\/wp\/v2\/users\/2"}],"replies":[{"embeddable":true,"href":"https:\/\/enfoquenoticioso.com\/index.php?rest_route=%2Fwp%2Fv2%2Fcomments&post=11611"}],"version-history":[{"count":0,"href":"https:\/\/enfoquenoticioso.com\/index.php?rest_route=\/wp\/v2\/posts\/11611\/revisions"}],"wp:featuredmedia":[{"embeddable":true,"href":"https:\/\/enfoquenoticioso.com\/index.php?rest_route=\/wp\/v2\/media\/11612"}],"wp:attachment":[{"href":"https:\/\/enfoquenoticioso.com\/index.php?rest_route=%2Fwp%2Fv2%2Fmedia&parent=11611"}],"wp:term":[{"taxonomy":"category","embeddable":true,"href":"https:\/\/enfoquenoticioso.com\/index.php?rest_route=%2Fwp%2Fv2%2Fcategories&post=11611"},{"taxonomy":"post_tag","embeddable":true,"href":"https:\/\/enfoquenoticioso.com\/index.php?rest_route=%2Fwp%2Fv2%2Ftags&post=11611"}],"curies":[{"name":"wp","href":"https:\/\/api.w.org\/{rel}","templated":true}]}}