{"id":11669,"date":"2024-07-13T17:58:00","date_gmt":"2024-07-13T17:58:00","guid":{"rendered":"https:\/\/enfoquenoticioso.com\/sucesos\/el-asesinato-de-ricardo-de-nicolais-resuena-en-zulia\/"},"modified":"2024-07-13T17:58:00","modified_gmt":"2024-07-13T17:58:00","slug":"el-asesinato-de-ricardo-de-nicolais-resuena-en-zulia","status":"publish","type":"post","link":"https:\/\/enfoquenoticioso.com\/?p=11669","title":{"rendered":"El asesinato de Ricardo De Nicolais resuena en Zulia"},"content":{"rendered":"<div>\n<p>El lamentable\u00a0<strong>asesinato de Ricardo De Nicolais Montilla<\/strong>, ocurrido en la comunidad de Fontib\u00f3n de Bogot\u00e1, Colombia por un sujeto cercano y vecino de la familia, sigue resonando con fuerza en el municipio Lagunillas del estado Zulia-Venezuela.<span id=\"more-532725\"\/><\/p>\n<p>El tres de julio de 2024 ser\u00e1 una fecha que nunca olvidar\u00e1 la familia De Nicolais Montilla, pues ese d\u00eda el responsable de su muerte junto a su hijo y otros parientes, acabaron con los sue\u00f1os de Ricardo a la edad de 22 a\u00f1os.<\/p>\n<p>El dolor y la angustia se apodera de la familia minuto tras minuto porque para ellos el asesinato de Ricardo De Nicolais Montilla no puede quedar impune.<\/p>\n<p>Richard de Nicolais y Marina Montilla, padres de la v\u00edctima, y sus hermanos, siguen llorando la perdida f\u00edsica de Ricardo, pues para ellos les ser\u00e1 muy dif\u00edcil pasar la p\u00e1gina.<\/p>\n<p>Tal como lo dijeran en el sepelio el pasado mi\u00e9rcoles 10 de julio de 2024 en el cementerio \u201cJardines de Santa Lucia\u201d, los De Nicolais Montilla reclaman justicia, sin descanso, ante las autoridades de Colombia por un asesinato que nunca debi\u00f3 ocurrir.<\/p>\n<p>Ricardo De Nicolais Montilla recibi\u00f3 aproximadamente 8 pu\u00f1aladas en varias partes de su cuerpo por uno de los agresores cuando intent\u00f3 defender a su hermano tras una ri\u00f1a por motivos todav\u00eda sin determinarse.<\/p>\n<p>\u00bf<strong>Qui\u00e9n era Ricardo De Nicolais Montilla?<\/strong><\/p>\n<p><img loading=\"lazy\" decoding=\"async\" class=\"aligncenter size-full wp-image-288473\" src=\"https:\/\/i0.wp.com\/diarioelregionaldelzulia.com\/wp-content\/uploads\/2024\/07\/asesinato-de-ricardo-nicoalis-1-.jpg-3.jpg?resize=800%2C460&amp;ssl=1\" sizes=\"auto, (max-width: 800px) 100vw, 800px\" srcset=\"https:\/\/i0.wp.com\/diarioelregionaldelzulia.com\/wp-content\/uploads\/2024\/07\/asesinato-de-ricardo-nicoalis-1-.jpg-3.jpg?w=800&amp;ssl=1 800w, https:\/\/i0.wp.com\/diarioelregionaldelzulia.com\/wp-content\/uploads\/2024\/07\/asesinato-de-ricardo-nicoalis-1-.jpg-3.jpg?resize=300%2C173&amp;ssl=1 300w, https:\/\/i0.wp.com\/diarioelregionaldelzulia.com\/wp-content\/uploads\/2024\/07\/asesinato-de-ricardo-nicoalis-1-.jpg-3.jpg?resize=768%2C442&amp;ssl=1 768w\" alt=\"Asesinato de Ricardo De Nicolais sigue resonando hasta conseguir justicia\" width=\"800\" height=\"460\" data-recalc-dims=\"1\"\/><\/p>\n<p>Ricardo De Nicolais es el menor de 4 hermanos y hab\u00eda llegado a Colombia hace un a\u00f1o para reunirse con su familia en Bogot\u00e1.<\/p>\n<p>Como amante de la adrenalina y el ejercicio, el joven asesinado retom\u00f3 el f\u00fatbol en el pa\u00eds neogranadino, uno de los deportes con el cual sent\u00eda mayor afinidad para desarrollarse atl\u00e9ticamente.<\/p>\n<p>El que fuese estudiante del liceo \u201cDomitilia Flores\u201d de Lagunillas, fue un hombre alegre y amaba a sus hermanos, as\u00ed lo inform\u00f3 Wendy De Nicolais, t\u00eda del occiso.<\/p>\n<p>Aclar\u00f3 que toda la familia est\u00e1 atravesando por una situaci\u00f3n muy dif\u00edcil tras el\u00a0<strong>asesinato de Ricardo De Nicolais Montilla.<\/strong><\/p>\n<p>Asimismo, Wendy De Nicolais manifest\u00f3 para El Regional del Zulia que Ricardo ten\u00eda muchas metas por cumplir.<\/p>\n<p>\u201cEstaba gestionando los tr\u00e1mites pertinentes para radicarse en los Estados Unidos\u201d, cont\u00f3 la se\u00f1ora. Sin duda alguna, un sue\u00f1o que no pudo cumplir.<\/p>\n<p>\u201cSe ensa\u00f1aron con un joven que nunca les hizo nada\u201d, resalt\u00f3 la familiar.<\/p>\n<p>Mientras tanto, familiares no descansar\u00e1n hasta que los responsables paguen por el asesinato de Ricardo De Nicolais Montilla.<\/p>\n<p>Para este s\u00e1bado 13 de julio, familiares de Ricardo De Nicolais Montilla realizar\u00e1n una concentraci\u00f3n en la plaza Bol\u00edvar de Ciudad Ojeda para clamar por la pronta captura de los autores intelectuales del crimen.<\/p>\n<p>Familiares y amigos del joven Ricardo De Nicolais Montilla, asesinado de m\u00faltiples pu\u00f1aladas en Colombia por su excu\u00f1ado, se concentraron este s\u00e1bado en la plaza Bolivar de Ciudad Ojeda del municipio Lagunillas de la Costa Oriental del Lago.<\/p>\n<p>Ray De Nicolais Montilla, hermano de la v\u00edctima, pidi\u00f3, en medio de un profundo dolor en su alma, ayuda a las autoridades de Colombia para capturar a los autores intelectuales de este crimen que ha conmocionado al estado Zulia.<\/p>\n<p><img loading=\"lazy\" decoding=\"async\" class=\"aligncenter size-full wp-image-288548\" src=\"https:\/\/i0.wp.com\/diarioelregionaldelzulia.com\/wp-content\/uploads\/2024\/07\/Piden-captura-de-asesinos-de-Ricardo-De-Nicolais-1-R.jpg?resize=800%2C600&amp;ssl=1\" sizes=\"auto, (max-width: 800px) 100vw, 800px\" srcset=\"https:\/\/i0.wp.com\/diarioelregionaldelzulia.com\/wp-content\/uploads\/2024\/07\/Piden-captura-de-asesinos-de-Ricardo-De-Nicolais-1-R.jpg?w=1080&amp;ssl=1 1080w, https:\/\/i0.wp.com\/diarioelregionaldelzulia.com\/wp-content\/uploads\/2024\/07\/Piden-captura-de-asesinos-de-Ricardo-De-Nicolais-1-R.jpg?resize=300%2C225&amp;ssl=1 300w, https:\/\/i0.wp.com\/diarioelregionaldelzulia.com\/wp-content\/uploads\/2024\/07\/Piden-captura-de-asesinos-de-Ricardo-De-Nicolais-1-R.jpg?resize=1024%2C768&amp;ssl=1 1024w, https:\/\/i0.wp.com\/diarioelregionaldelzulia.com\/wp-content\/uploads\/2024\/07\/Piden-captura-de-asesinos-de-Ricardo-De-Nicolais-1-R.jpg?resize=768%2C576&amp;ssl=1 768w\" alt=\"Piden captura de asesinos de Ricardo De Nicolais\" width=\"800\" height=\"600\" data-recalc-dims=\"1\"\/><\/p>\n<p>Por su parte, Marina Montilla, madre de Ricardo, manifest\u00f3 que las autoridades de Colombia les est\u00e1n dando larga al caso de su hijo.<\/p>\n<p>\u00abQueremos que emitan una orden de captura contra los responsables del asesinato de mi hijo\u00bb, expres\u00f3 .<\/p>\n<p><img loading=\"lazy\" decoding=\"async\" class=\"aligncenter size-full wp-image-288551\" src=\"https:\/\/i0.wp.com\/diarioelregionaldelzulia.com\/wp-content\/uploads\/2024\/07\/Piden-captura-de-asesinos-de-Ricardo-De-Nicolais-t.jpg?resize=800%2C450&amp;ssl=1\" sizes=\"auto, (max-width: 800px) 100vw, 800px\" srcset=\"https:\/\/i0.wp.com\/diarioelregionaldelzulia.com\/wp-content\/uploads\/2024\/07\/Piden-captura-de-asesinos-de-Ricardo-De-Nicolais-t.jpg?w=800&amp;ssl=1 800w, https:\/\/i0.wp.com\/diarioelregionaldelzulia.com\/wp-content\/uploads\/2024\/07\/Piden-captura-de-asesinos-de-Ricardo-De-Nicolais-t.jpg?resize=300%2C169&amp;ssl=1 300w, https:\/\/i0.wp.com\/diarioelregionaldelzulia.com\/wp-content\/uploads\/2024\/07\/Piden-captura-de-asesinos-de-Ricardo-De-Nicolais-t.jpg?resize=768%2C432&amp;ssl=1 768w\" alt=\"Piden captura de asesinos de Ricardo De Nicolais\" width=\"800\" height=\"450\" data-recalc-dims=\"1\"\/><\/p>\n<p><img loading=\"lazy\" decoding=\"async\" class=\"aligncenter size-full wp-image-288549\" src=\"https:\/\/i0.wp.com\/diarioelregionaldelzulia.com\/wp-content\/uploads\/2024\/07\/Piden-captura-de-asesinos-de-Ricardo-De-Nicolais-2-R.jpg?resize=800%2C422&amp;ssl=1\" sizes=\"auto, (max-width: 800px) 100vw, 800px\" srcset=\"https:\/\/i0.wp.com\/diarioelregionaldelzulia.com\/wp-content\/uploads\/2024\/07\/Piden-captura-de-asesinos-de-Ricardo-De-Nicolais-2-R.jpg?w=1080&amp;ssl=1 1080w, https:\/\/i0.wp.com\/diarioelregionaldelzulia.com\/wp-content\/uploads\/2024\/07\/Piden-captura-de-asesinos-de-Ricardo-De-Nicolais-2-R.jpg?resize=300%2C158&amp;ssl=1 300w, https:\/\/i0.wp.com\/diarioelregionaldelzulia.com\/wp-content\/uploads\/2024\/07\/Piden-captura-de-asesinos-de-Ricardo-De-Nicolais-2-R.jpg?resize=1024%2C540&amp;ssl=1 1024w, https:\/\/i0.wp.com\/diarioelregionaldelzulia.com\/wp-content\/uploads\/2024\/07\/Piden-captura-de-asesinos-de-Ricardo-De-Nicolais-2-R.jpg?resize=768%2C405&amp;ssl=1 768w, https:\/\/i0.wp.com\/diarioelregionaldelzulia.com\/wp-content\/uploads\/2024\/07\/Piden-captura-de-asesinos-de-Ricardo-De-Nicolais-2-R.jpg?resize=390%2C205&amp;ssl=1 390w\" alt=\"\" width=\"800\" height=\"422\" data-recalc-dims=\"1\"\/><\/p>\n<div id=\"ez-toc-container\" class=\"ez-toc-v2_0_81 counter-hierarchy ez-toc-counter ez-toc-grey ez-toc-container-direction\">\n<div class=\"ez-toc-title-container\">\n<p class=\"ez-toc-title\" style=\"cursor:inherit\">Tabla de Contenido<\/p>\n<span class=\"ez-toc-title-toggle\"><a href=\"#\" class=\"ez-toc-pull-right ez-toc-btn ez-toc-btn-xs ez-toc-btn-default ez-toc-toggle\" aria-label=\"Alternar tabla de contenidos\"><span class=\"ez-toc-js-icon-con\"><span class=\"\"><span class=\"eztoc-hide\" style=\"display:none;\">Toggle<\/span><span class=\"ez-toc-icon-toggle-span\"><svg style=\"fill: #999;color:#999\" xmlns=\"http:\/\/www.w3.org\/2000\/svg\" class=\"list-377408\" width=\"20px\" height=\"20px\" viewBox=\"0 0 24 24\" fill=\"none\"><path d=\"M6 6H4v2h2V6zm14 0H8v2h12V6zM4 11h2v2H4v-2zm16 0H8v2h12v-2zM4 16h2v2H4v-2zm16 0H8v2h12v-2z\" fill=\"currentColor\"><\/path><\/svg><svg style=\"fill: #999;color:#999\" class=\"arrow-unsorted-368013\" xmlns=\"http:\/\/www.w3.org\/2000\/svg\" width=\"10px\" height=\"10px\" viewBox=\"0 0 24 24\" version=\"1.2\" baseProfile=\"tiny\"><path d=\"M18.2 9.3l-6.2-6.3-6.2 6.3c-.2.2-.3.4-.3.7s.1.5.3.7c.2.2.4.3.7.3h11c.3 0 .5-.1.7-.3.2-.2.3-.5.3-.7s-.1-.5-.3-.7zM5.8 14.7l6.2 6.3 6.2-6.3c.2-.2.3-.5.3-.7s-.1-.5-.3-.7c-.2-.2-.4-.3-.7-.3h-11c-.3 0-.5.1-.7.3-.2.2-.3.5-.3.7s.1.5.3.7z\"\/><\/svg><\/span><\/span><\/span><\/a><\/span><\/div>\n<nav><ul class='ez-toc-list ez-toc-list-level-1 ' ><li class='ez-toc-page-1 ez-toc-heading-level-4'><a class=\"ez-toc-link ez-toc-heading-1\" href=\"https:\/\/enfoquenoticioso.com\/?p=11669\/#Sigue_al_canal_de_noticias_en_Whatsaap\" >Sigue al canal de noticias en Whatsaap\u00a0<\/a><\/li><\/ul><\/nav><\/div>\n<h4><span class=\"ez-toc-section\" id=\"Sigue_al_canal_de_noticias_en_Whatsaap\"><\/span><strong><a href=\"https:\/\/whatsapp.com\/channel\/0029VaDXFnLId7nFFiDdVI26?fbclid=IwAR1LnVJqcByTELJH4Ht086FYRmdx18pRnV7CrkzmTJ5JaLHYY0igukfL9Yk\" target=\"_blank\" rel=\"noopener\">Sigue al canal de noticias en Whatsaap\u00a0<\/a><\/strong><span class=\"ez-toc-section-end\"><\/span><\/h4>\n<\/div>\n<p><a href=\"https:\/\/noticiasaldiayalahora.co\/sucesos\/el-asesinato-de-ricardo-de-nicolais-resuena-en-zulia\/\" class=\" target=\" title=\"El asesinato de Ricardo De Nicolais resuena en Zulia\" target=\"_blank\" rel=\"noopener\">Ver fuente<\/a><\/p>\n","protected":false},"excerpt":{"rendered":"<p>El lamentable\u00a0asesinato de Ricardo De Nicolais Montilla, ocurrido en la comunidad de Fontib\u00f3n de Bogot\u00e1, Colombia por un sujeto cercano y vecino de la familia, sigue resonando con fuerza en el municipio Lagunillas del estado Zulia-Venezuela. El tres de julio de 2024 ser\u00e1 una fecha que nunca olvidar\u00e1 la familia De Nicolais Montilla, pues ese [&hellip;]<\/p>\n","protected":false},"author":2,"featured_media":11670,"comment_status":"open","ping_status":"closed","sticky":false,"template":"","format":"standard","meta":{"footnotes":""},"categories":[5],"tags":[],"class_list":["post-11669","post","type-post","status-publish","format-standard","has-post-thumbnail","hentry","category-sucesos"],"_links":{"self":[{"href":"https:\/\/enfoquenoticioso.com\/index.php?rest_route=\/wp\/v2\/posts\/11669","targetHints":{"allow":["GET"]}}],"collection":[{"href":"https:\/\/enfoquenoticioso.com\/index.php?rest_route=\/wp\/v2\/posts"}],"about":[{"href":"https:\/\/enfoquenoticioso.com\/index.php?rest_route=\/wp\/v2\/types\/post"}],"author":[{"embeddable":true,"href":"https:\/\/enfoquenoticioso.com\/index.php?rest_route=\/wp\/v2\/users\/2"}],"replies":[{"embeddable":true,"href":"https:\/\/enfoquenoticioso.com\/index.php?rest_route=%2Fwp%2Fv2%2Fcomments&post=11669"}],"version-history":[{"count":0,"href":"https:\/\/enfoquenoticioso.com\/index.php?rest_route=\/wp\/v2\/posts\/11669\/revisions"}],"wp:featuredmedia":[{"embeddable":true,"href":"https:\/\/enfoquenoticioso.com\/index.php?rest_route=\/wp\/v2\/media\/11670"}],"wp:attachment":[{"href":"https:\/\/enfoquenoticioso.com\/index.php?rest_route=%2Fwp%2Fv2%2Fmedia&parent=11669"}],"wp:term":[{"taxonomy":"category","embeddable":true,"href":"https:\/\/enfoquenoticioso.com\/index.php?rest_route=%2Fwp%2Fv2%2Fcategories&post=11669"},{"taxonomy":"post_tag","embeddable":true,"href":"https:\/\/enfoquenoticioso.com\/index.php?rest_route=%2Fwp%2Fv2%2Ftags&post=11669"}],"curies":[{"name":"wp","href":"https:\/\/api.w.org\/{rel}","templated":true}]}}