{"id":11782,"date":"2024-07-14T11:15:10","date_gmt":"2024-07-14T11:15:10","guid":{"rendered":"https:\/\/enfoquenoticioso.com\/internacionales\/lo-que-se-sabe-hasta-el-momento-del-ataque-contra-donald-trump\/"},"modified":"2024-07-14T11:15:10","modified_gmt":"2024-07-14T11:15:10","slug":"lo-que-se-sabe-hasta-el-momento-del-ataque-contra-donald-trump","status":"publish","type":"post","link":"https:\/\/enfoquenoticioso.com\/?p=11782","title":{"rendered":"Lo que se sabe hasta el momento del ataque contra Donald Trump"},"content":{"rendered":"<div>\n<p>Este s\u00e1bado, se produjo un ataque armado contra el expresidente estadounidense y candidato republicano a la presidencia, Donald Trump, cuando interven\u00eda en un mitin electoral en la ciudad de Butler, en Pensilvania.<\/p>\n<p>Como resultado del ataque, el exmandatario result\u00f3 herido en una oreja, sin que la lesi\u00f3n revista de gravedad y su vida no corre peligro. Sin embargo, uno de los asistentes al mitin falleci\u00f3 y dos personas se encuentran en estado grave.<\/p>\n<p>El portavoz del Servicio Secreto, Anthony Guglielmi, comunic\u00f3 que aproximadamente a las 18:15, el sospechoso realiz\u00f3 m\u00faltiples disparos hacia el escenario donde se encontraba Trump desde una posici\u00f3n elevada fuera del recinto del evento. El personal del Servicio neutraliz\u00f3 al tirador y actualmente est\u00e1 llevando una investigaci\u00f3n detallada del caso.<\/p>\n<blockquote class=\"twitter-tweet\">\n<p dir=\"ltr\" lang=\"es\">Donald Trump fue retirado del escenario en un mitin de campa\u00f1a en el estado de Pensilvania despu\u00e9s de que fuertes ruidos, similares a disparos, resonaran entre la multitud este 13 de julio. <a href=\"https:\/\/t.co\/eAZMAshuMT\">pic.twitter.com\/eAZMAshuMT<\/a><\/p>\n<p>\u2014 Sepa M\u00e1s (@Sepa_mass) <a href=\"https:\/\/twitter.com\/Sepa_mass\/status\/1812268511773024356?ref_src=twsrc%5Etfw\" target=\"_blank\" rel=\"noopener\">July 13, 2024<\/a><\/p>\n<\/blockquote>\n<div id=\"ez-toc-container\" class=\"ez-toc-v2_0_81 counter-hierarchy ez-toc-counter ez-toc-grey ez-toc-container-direction\">\n<div class=\"ez-toc-title-container\">\n<p class=\"ez-toc-title\" style=\"cursor:inherit\">Tabla de Contenido<\/p>\n<span class=\"ez-toc-title-toggle\"><a href=\"#\" class=\"ez-toc-pull-right ez-toc-btn ez-toc-btn-xs ez-toc-btn-default ez-toc-toggle\" aria-label=\"Alternar tabla de contenidos\"><span class=\"ez-toc-js-icon-con\"><span class=\"\"><span class=\"eztoc-hide\" style=\"display:none;\">Toggle<\/span><span class=\"ez-toc-icon-toggle-span\"><svg style=\"fill: #999;color:#999\" xmlns=\"http:\/\/www.w3.org\/2000\/svg\" class=\"list-377408\" width=\"20px\" height=\"20px\" viewBox=\"0 0 24 24\" fill=\"none\"><path d=\"M6 6H4v2h2V6zm14 0H8v2h12V6zM4 11h2v2H4v-2zm16 0H8v2h12v-2zM4 16h2v2H4v-2zm16 0H8v2h12v-2z\" fill=\"currentColor\"><\/path><\/svg><svg style=\"fill: #999;color:#999\" class=\"arrow-unsorted-368013\" xmlns=\"http:\/\/www.w3.org\/2000\/svg\" width=\"10px\" height=\"10px\" viewBox=\"0 0 24 24\" version=\"1.2\" baseProfile=\"tiny\"><path d=\"M18.2 9.3l-6.2-6.3-6.2 6.3c-.2.2-.3.4-.3.7s.1.5.3.7c.2.2.4.3.7.3h11c.3 0 .5-.1.7-.3.2-.2.3-.5.3-.7s-.1-.5-.3-.7zM5.8 14.7l6.2 6.3 6.2-6.3c.2-.2.3-.5.3-.7s-.1-.5-.3-.7c-.2-.2-.4-.3-.7-.3h-11c-.3 0-.5.1-.7.3-.2.2-.3.5-.3.7s.1.5.3.7z\"\/><\/svg><\/span><\/span><\/span><\/a><\/span><\/div>\n<nav><ul class='ez-toc-list ez-toc-list-level-1 ' ><li class='ez-toc-page-1 ez-toc-heading-level-2'><a class=\"ez-toc-link ez-toc-heading-1\" href=\"https:\/\/enfoquenoticioso.com\/?p=11782\/#El_tirador\" >El tirador<\/a><\/li><li class='ez-toc-page-1 ez-toc-heading-level-2'><a class=\"ez-toc-link ez-toc-heading-2\" href=\"https:\/\/enfoquenoticioso.com\/?p=11782\/#Primeros_comentarios_de_Trump\" >Primeros comentarios de Trump<\/a><\/li><li class='ez-toc-page-1 ez-toc-heading-level-2'><a class=\"ez-toc-link ez-toc-heading-3\" href=\"https:\/\/enfoquenoticioso.com\/?p=11782\/#Biden_se_pronuncia_sobre_el_atentado\" >Biden se pronuncia sobre el atentado<\/a><ul class='ez-toc-list-level-3' ><li class='ez-toc-heading-level-3'><a class=\"ez-toc-link ez-toc-heading-4\" href=\"https:\/\/enfoquenoticioso.com\/?p=11782\/#Reacciones_en_EEUU_y_en_el_mundo\" >Reacciones en EE.UU. y en el mundo<\/a><\/li><\/ul><\/li><\/ul><\/nav><\/div>\n<h2><span class=\"ez-toc-section\" id=\"El_tirador\"><\/span>El tirador<span class=\"ez-toc-section-end\"><\/span><\/h2>\n<p>El FBI identific\u00f3 a Thomas Matthew Crooks, de 20 a\u00f1os, como el autor de los hechos que, horas antes, la oficina de investigaci\u00f3n hab\u00eda catalogado de \u00abintento de asesinato\u00bb.<\/p>\n<blockquote class=\"twitter-tweet\">\n<p dir=\"ltr\" lang=\"es\">Sonidos de disparos estallaron durante un mit\u00edn de Donald Trump en Pensilvania. El pol\u00edtico interrumpi\u00f3 su discurso y abandon\u00f3 el lugar con la oreja ensangrentada. <a href=\"https:\/\/t.co\/yvXgGmg59e\">pic.twitter.com\/yvXgGmg59e<\/a><\/p>\n<p>\u2014 Sepa M\u00e1s (@Sepa_mass) <a href=\"https:\/\/twitter.com\/Sepa_mass\/status\/1812255952202354713?ref_src=twsrc%5Etfw\" target=\"_blank\" rel=\"noopener\">July 13, 2024<\/a><\/p>\n<\/blockquote>\n<p>Despu\u00e9s del ataque contra Trump, Crooks fue abatido por agentes del Servicio Secreto, que encontraron un rifle tipo AR en el lugar donde ha muerto. El tirador estaba a m\u00e1s de 130 yardas (unos 118 metros) del escenario donde el candidato hac\u00eda su discurso.<\/p>\n<p>El FBI a\u00fan desconoce el motivo del intento de asesinato. Asimismo, no se ha podido confirmar si el atacante actu\u00f3 solo.<\/p>\n<p><a href=\"https:\/\/i0.wp.com\/noticiasaldiayalahora.co\/wp-content\/uploads\/2024\/07\/plano-tiroteo-a-Trump.jpg?ssl=1\" target=\"_blank\" rel=\"noopener\"><img loading=\"lazy\" decoding=\"async\" class=\"alignnone size-large wp-image-532748\" src=\"https:\/\/i0.wp.com\/noticiasaldiayalahora.co\/wp-content\/uploads\/2024\/07\/plano-tiroteo-a-Trump.jpg?resize=1024%2C778&amp;ssl=1\" alt=\"\" width=\"1024\" height=\"778\" srcset=\"https:\/\/i0.wp.com\/noticiasaldiayalahora.co\/wp-content\/uploads\/2024\/07\/plano-tiroteo-a-Trump.jpg?resize=1024%2C778&amp;ssl=1 1024w, https:\/\/i0.wp.com\/noticiasaldiayalahora.co\/wp-content\/uploads\/2024\/07\/plano-tiroteo-a-Trump.jpg?resize=300%2C228&amp;ssl=1 300w, https:\/\/i0.wp.com\/noticiasaldiayalahora.co\/wp-content\/uploads\/2024\/07\/plano-tiroteo-a-Trump.jpg?resize=768%2C584&amp;ssl=1 768w, https:\/\/i0.wp.com\/noticiasaldiayalahora.co\/wp-content\/uploads\/2024\/07\/plano-tiroteo-a-Trump.jpg?w=1104&amp;ssl=1 1104w\" sizes=\"auto, (max-width: 1000px) 100vw, 1000px\" data-recalc-dims=\"1\"\/><\/a><\/p>\n<h2><span class=\"ez-toc-section\" id=\"Primeros_comentarios_de_Trump\"><\/span>Primeros comentarios de Trump<span class=\"ez-toc-section-end\"><\/span><\/h2>\n<p>En sus primeras declaraciones tras el atentado, Trump agradeci\u00f3 a todas las fuerzas de seguridad, especialmente al Servicio Secreto, por su \u00abr\u00e1pida respuesta\u00bb. Asimismo, envi\u00f3 su p\u00e9same a las familias de las v\u00edctimas.<\/p>\n<p>\u00abMe dispararon con una bala que me atraves\u00f3 la parte superior de la oreja derecha. Inmediatamente supe que algo iba mal, porque o\u00ed un zumbido, disparos, e inmediatamente sent\u00ed la bala desgarr\u00e1ndome la piel. Sangraba mucho y entonces me di cuenta de lo que estaba pasando\u00bb, declar\u00f3 en comunicado compartido en sus redes sociales.<\/p>\n<p>Horas m\u00e1s tarde, su avi\u00f3n aterriz\u00f3 en el aeropuerto internacional Newark Liberty de Nueva Jersey, donde se le pudo ver en p\u00fablico por primera vez desde el intento de asesinato. Seg\u00fan informes, Trump ten\u00eda previsto pasar la noche en su club de golf privado, en la cercana localidad de Bedminster.<\/p>\n<blockquote class=\"twitter-tweet\">\n<p dir=\"ltr\" lang=\"es\">Circulan m\u00e1s im\u00e1genes del momento en el que suenan los disparos cuando se celebraba el mitin de Donald Trump. <a href=\"https:\/\/t.co\/3i0KD8nMLt\">pic.twitter.com\/3i0KD8nMLt<\/a><\/p>\n<p>\u2014 Sepa M\u00e1s (@Sepa_mass) <a href=\"https:\/\/twitter.com\/Sepa_mass\/status\/1812428229837197537?ref_src=twsrc%5Etfw\" target=\"_blank\" rel=\"noopener\">July 14, 2024<\/a><\/p>\n<\/blockquote>\n<h2><span class=\"ez-toc-section\" id=\"Biden_se_pronuncia_sobre_el_atentado\"><\/span>Biden se pronuncia sobre el atentado<span class=\"ez-toc-section-end\"><\/span><\/h2>\n<p>Por su parte, el actual presidente de EE.UU., Joe Biden, tras ser informado al respecto, ofreci\u00f3 una rueda de prensa improvisada en la que calific\u00f3 de \u00abrepugnante\u00bb el ataque contra su oponente.<\/p>\n<p>\u00abLa idea de que haya violencia pol\u00edtica o violencia en Estados Unidos como esta es simplemente inaudita. Simplemente no es apropiado. Todo el mundo debe condenarlo\u00bb, afirm\u00f3.<\/p>\n<blockquote class=\"twitter-tweet\">\n<p dir=\"ltr\" lang=\"es\">Circulan en las redes sociales im\u00e1genes del momento en el que suenan los disparos cuando se celebraba el mitin del candidato republicano a la presidencia de EE.UU., Donald Trump. <a href=\"https:\/\/t.co\/FWeyBnZJ5E\">pic.twitter.com\/FWeyBnZJ5E<\/a><\/p>\n<p>\u2014 Sepa M\u00e1s (@Sepa_mass) <a href=\"https:\/\/twitter.com\/Sepa_mass\/status\/1812348367466274853?ref_src=twsrc%5Etfw\" target=\"_blank\" rel=\"noopener\">July 14, 2024<\/a><\/p>\n<\/blockquote>\n<h3><span class=\"ez-toc-section\" id=\"Reacciones_en_EEUU_y_en_el_mundo\"><\/span>Reacciones en EE.UU. y en el mundo<span class=\"ez-toc-section-end\"><\/span><\/h3>\n<p>El atentado provoc\u00f3 una\u00a0oleada\u00a0de reacciones tanto en EE.UU. como en el\u00a0extranjero. Pol\u00edticos y personas p\u00fablicas expresaron activamente su condena a lo ocurrido.<\/p>\n<p><strong>Estados Unidos<\/strong><\/p>\n<ul>\n<li><strong>Chuck Schumer<\/strong>, l\u00edder del Partido Dem\u00f3crata en el Senado de EE.UU.,\u00a0afirm\u00f3\u00a0estar \u00abhorrorizado\u00bb por lo ocurrido. \u00abLa violencia pol\u00edtica no tiene cabida en nuestro pa\u00eds\u00bb, enfatiz\u00f3.<\/li>\n<li>\u00abTodos debemos condenar este acto abominable y poner de nuestra parte para que no d\u00e9 lugar a m\u00e1s violencia\u00bb, dijo la vicepresidenta de EE.UU.,\u00a0<strong>Kamala Harris<\/strong>.<\/li>\n<li>El magnate\u00a0<strong>Elon Musk<\/strong>\u00a0declar\u00f3 que \u00abrespalda planamente\u00bb al pol\u00edtico republicano y espera su r\u00e1pida recuperaci\u00f3n.<\/li>\n<\/ul>\n<p><strong>Am\u00e9rica Latina<\/strong><\/p>\n<ul>\n<li>El primero en pronunciarse fue el presidente mexicano,\u00a0<strong>Andr\u00e9s<\/strong>\u00a0<strong>Manuel L\u00f3pez Obrador<\/strong>, quien\u00a0escribi\u00f3\u00a0en su cuenta de X: \u00abSea como sea, reprobamos lo sucedido al expresidente Donald Trump. La violencia es irracional e inhumana\u00bb.<\/li>\n<li>Momentos despu\u00e9s, se pronunci\u00f3 el presidente salvadore\u00f1o,\u00a0<strong>Nayib Bukele<\/strong>, quien en una breve publicaci\u00f3n en la misma red social se\u00a0<a href=\"https:\/\/x.com\/nayibbukele\/status\/1812259325530009910\" target=\"_blank\" rel=\"noopener noreferrer\">pregunt\u00f3<\/a>: \u00ab\u00bfDemocracia?\u00bb.<\/li>\n<li>El presidente de Venezuela,\u00a0<strong>Nicol\u00e1s Maduro<\/strong>,\u00a0repudi\u00f3\u00a0el atentado contra Trump y le dese\u00f3 una pronta recuperaci\u00f3n. \u00abQue Dios bendiga al pueblo de los Estados Unidos y le d\u00e9 la paz y le d\u00e9 la tranquilidad. Hemos sido adversarios, pero le deseo al presidente Trump salud y larga vida\u00bb.<\/li>\n<\/ul>\n<p><strong>Europa<\/strong><\/p>\n<ul>\n<li>El alto representante para Asuntos Exteriores y Pol\u00edtica de Seguridad de la Uni\u00f3n Europea,\u00a0<strong>Josep Borrell<\/strong>,<strong>\u00a0<\/strong>\u00abconden\u00f3 en\u00e9rgicamente\u00bb el atentado, calificando de \u00abinaceptables\u00bb los actos de violencia contra representantes pol\u00edticos.<\/li>\n<li>El primer ministro de Israel,\u00a0<strong>Benjam\u00edn Netanyahu<\/strong>,\u00a0dijo\u00a0estar conmocionado por el ataque a Trump, agregando que, junto con su esposa, Sara Netanyahu, reza \u00abpor su seguridad y pronta recuperaci\u00f3n\u00bb.<\/li>\n<li>El primer ministro de Hungr\u00eda,\u00a0<strong>Viktor Orb\u00e1n<\/strong>,\u00a0<a href=\"https:\/\/x.com\/pm_viktororban\/status\/1812260569027854750?s=46&amp;t=26YEVq4evewGERSdOXAHYA\" target=\"_blank\" rel=\"noopener noreferrer\">indic\u00f3<\/a>\u00a0que sus \u00abpensamientos y oraciones est\u00e1n con el [ex]presidente Donald Trump en estas horas oscuras\u00bb.<\/li>\n<li><strong>Keir Starmer<\/strong>, primer ministro de Reino Unido, tambi\u00e9n\u00a0<a href=\"https:\/\/x.com\/Keir_Starmer\/status\/1812279718621716489\" target=\"_blank\" rel=\"noopener noreferrer\">conden\u00f3<\/a>\u00a0el atentado y dijo estar \u00abconsternado por las impactantes escenas\u00bb vividas en el mitin.<\/li>\n<li>El presidente franc\u00e9s,\u00a0<strong>Emmanuel Macron,<\/strong>\u00a0le ha deseado a Trump una \u00abpronta recuperaci\u00f3n\u00bb. \u00abEs una tragedia para nuestras democracias. Francia comparte la conmoci\u00f3n y la indignaci\u00f3n del pueblo estadounidense\u00bb,\u00a0<a href=\"https:\/\/x.com\/EmmanuelMacron\/status\/1812374370808918093\" target=\"_blank\" rel=\"noopener noreferrer\">afirm\u00f3<\/a>.<\/li>\n<\/ul>\n<blockquote class=\"twitter-tweet\">\n<p dir=\"ltr\" lang=\"es\">El tirador que hiri\u00f3 al expresidente estadounidense y candidato republicano a la presidencia, Donald Trump, durante un mitin este 13 de julio ha sido abatido. <a href=\"https:\/\/t.co\/HSC7CfuiQH\">pic.twitter.com\/HSC7CfuiQH<\/a><\/p>\n<p>\u2014 Sepa M\u00e1s (@Sepa_mass) <a href=\"https:\/\/twitter.com\/Sepa_mass\/status\/1812309596230341117?ref_src=twsrc%5Etfw\" target=\"_blank\" rel=\"noopener\">July 14, 2024<\/a><\/p>\n<\/blockquote>\n<\/div>\n<p><script async src=\"\/\/platform.twitter.com\/widgets.js\" charset=\"utf-8\"><\/script><br \/>\n<br \/><a href=\"https:\/\/noticiasaldiayalahora.co\/internacionales\/lo-que-se-sabe-hasta-el-momento-del-ataque-contra-donald-trump\/\" class=\" target=\" title=\"Lo que se sabe hasta el momento del ataque contra Donald Trump\" target=\"_blank\" rel=\"noopener\">Ver fuente<\/a><\/p>\n","protected":false},"excerpt":{"rendered":"<p>Este s\u00e1bado, se produjo un ataque armado contra el expresidente estadounidense y candidato republicano a la presidencia, Donald Trump, cuando interven\u00eda en un mitin electoral en la ciudad de Butler, en Pensilvania. Como resultado del ataque, el exmandatario result\u00f3 herido en una oreja, sin que la lesi\u00f3n revista de gravedad y su vida no corre [&hellip;]<\/p>\n","protected":false},"author":2,"featured_media":11783,"comment_status":"open","ping_status":"closed","sticky":false,"template":"","format":"standard","meta":{"footnotes":""},"categories":[6],"tags":[],"class_list":["post-11782","post","type-post","status-publish","format-standard","has-post-thumbnail","hentry","category-internacionales"],"_links":{"self":[{"href":"https:\/\/enfoquenoticioso.com\/index.php?rest_route=\/wp\/v2\/posts\/11782","targetHints":{"allow":["GET"]}}],"collection":[{"href":"https:\/\/enfoquenoticioso.com\/index.php?rest_route=\/wp\/v2\/posts"}],"about":[{"href":"https:\/\/enfoquenoticioso.com\/index.php?rest_route=\/wp\/v2\/types\/post"}],"author":[{"embeddable":true,"href":"https:\/\/enfoquenoticioso.com\/index.php?rest_route=\/wp\/v2\/users\/2"}],"replies":[{"embeddable":true,"href":"https:\/\/enfoquenoticioso.com\/index.php?rest_route=%2Fwp%2Fv2%2Fcomments&post=11782"}],"version-history":[{"count":0,"href":"https:\/\/enfoquenoticioso.com\/index.php?rest_route=\/wp\/v2\/posts\/11782\/revisions"}],"wp:featuredmedia":[{"embeddable":true,"href":"https:\/\/enfoquenoticioso.com\/index.php?rest_route=\/wp\/v2\/media\/11783"}],"wp:attachment":[{"href":"https:\/\/enfoquenoticioso.com\/index.php?rest_route=%2Fwp%2Fv2%2Fmedia&parent=11782"}],"wp:term":[{"taxonomy":"category","embeddable":true,"href":"https:\/\/enfoquenoticioso.com\/index.php?rest_route=%2Fwp%2Fv2%2Fcategories&post=11782"},{"taxonomy":"post_tag","embeddable":true,"href":"https:\/\/enfoquenoticioso.com\/index.php?rest_route=%2Fwp%2Fv2%2Ftags&post=11782"}],"curies":[{"name":"wp","href":"https:\/\/api.w.org\/{rel}","templated":true}]}}