{"id":11832,"date":"2024-07-14T17:13:17","date_gmt":"2024-07-14T17:13:17","guid":{"rendered":"https:\/\/enfoquenoticioso.com\/sucesos\/cicpc-capturo-a-la-banda-los-indolentes-dedicados-al-robo-de-vehiculos\/"},"modified":"2024-07-14T17:13:17","modified_gmt":"2024-07-14T17:13:17","slug":"cicpc-capturo-a-la-banda-los-indolentes-dedicados-al-robo-de-vehiculos","status":"publish","type":"post","link":"https:\/\/enfoquenoticioso.com\/?p=11832","title":{"rendered":"CICPC captur\u00f3 a la banda \u00abLos Indolentes\u00bb dedicados al robo de veh\u00edculos"},"content":{"rendered":"<div id=\"post-532780\">\n<div class=\"entry-thumbnail\">\n<img width=\"696\" height=\"437\" src=\"https:\/\/i0.wp.com\/noticiasaldiayalahora.co\/wp-content\/uploads\/2024\/07\/banda-los-indolentes.jpg?resize=696%2C437&amp;ssl=1\" class=\"attachment-content-single size-content-single wp-post-image\" alt=\"\" decoding=\"async\" fetchpriority=\"high\"\/><\/div>\n<p class=\"entry-meta\">\n<span class=\"entry-meta-author vcard author\">Por: <a class=\"fn\" href=\"https:\/\/noticiasaldiayalahora.co\/author\/noticias\/\" target=\"_blank\" rel=\"noopener\">AL D\u00eda y a la Hora | @Notidiahora<\/a><\/span><br \/>\n<span class=\"entry-meta-date updated\">14 julio, 2024<\/span>\n<\/p>\n<div class=\"entry-content clearfix\">\n<p>El Cuerpo de Investigaciones Cient\u00edficas, Penales y Criminal\u00edsticas logr\u00f3 la captura de seis delincuentes de la banda Los Indolentes. La organizaci\u00f3n criminal robaba carros en el estado Miranda y las v\u00edctimas principalmente eran mujeres.<\/p>\n<p>Douglas Rico, director del cuerpo policial, comparti\u00f3 en su cuenta en Instagram detalles de la investigaci\u00f3n.<\/p>\n<p>El cuerpo detectivesco pudo determinar que dichos delincuentes en compa\u00f1\u00eda de un hombre apodado Jaula, a\u00fan por identificar y detener; se dedicaban a captar mujeres que condujeran veh\u00edculos marca Toyota modelo Fortuner y utilizando armas de fuego y bajo amenaza de muerte las despojaban de los mismos, haciendo uso tambi\u00e9n de la violencia f\u00edsica, caus\u00e1ndoles lesiones en varias partes de su cuerpo para lograr que descendieran de los veh\u00edculos y llev\u00e1rselos; posteriormente los comercializaban para obtener ganancias econ\u00f3micas; poniendo en riesgo la vida de las v\u00edctimas.<\/p>\n<p>Se colect\u00f3 como evidencia un arma de fuego, una camioneta marca Toyota, modelo Fortuner, placa AA530IJ, propiedad de una de las v\u00edctimas, una motocicleta marca Keeway, modelo Arsen II, placa AD4U17K, utilizada por los delincuentes como medio de comisi\u00f3n para huir luego de cometer los robos, seis tel\u00e9fonos marca Motorola, Tecno y Samsung y 147 envoltorios de presuntas sustancias estupefacientes y psicotr\u00f3picas; adem\u00e1s al verificar a los delincuentes ante el Sistema de Investigaci\u00f3n e Informaci\u00f3n Policial (Siipol), arroj\u00f3 que Kleibert presentaba registros policiales por robo gen\u00e9rico y homicidio.<\/p>\n<p>El caso fue puesto a la orden de la Fiscal\u00eda 24\u00b0, 28\u00b0, 58\u00b0, 114\u00b0 y 118\u00b0 del Ministerio P\u00fablico del \u00c1rea Metropolitana de Caracas.<\/p>\n<blockquote class=\"instagram-media\" data-instgrm-captioned=\"\" data-instgrm-permalink=\"https:\/\/www.instagram.com\/p\/C9YQTIkBKUn\/?utm_source=ig_embed&amp;utm_campaign=loading\" data-instgrm-version=\"14\" style=\" background:#FFF; border:0; border-radius:3px; box-shadow:0 0 1px 0 rgba(0,0,0,0.5),0 1px 10px 0 rgba(0,0,0,0.15); margin: 1px; max-width:500px; min-width:326px; padding:0; width:99.375%; width:-webkit-calc(100% - 2px); width:calc(100% - 2px);\">\n<\/blockquote>\n<blockquote class=\"instagram-media\" data-instgrm-captioned=\"\" data-instgrm-permalink=\"https:\/\/www.instagram.com\/p\/C9YrCLmtlvE\/?utm_source=ig_embed&amp;utm_campaign=loading\" data-instgrm-version=\"14\" style=\" background:#FFF; border:0; border-radius:3px; box-shadow:0 0 1px 0 rgba(0,0,0,0.5),0 1px 10px 0 rgba(0,0,0,0.15); margin: 1px; max-width:500px; min-width:326px; padding:0; width:99.375%; width:-webkit-calc(100% - 2px); width:calc(100% - 2px);\">\n<\/blockquote>\n<\/div>\n<\/div>\n<p><script async src=\"\/\/www.instagram.com\/embed.js\"><\/script><br \/>\n<br \/><a href=\"https:\/\/noticiasaldiayalahora.co\/sucesos\/cicpc-capturo-a-la-banda-los-indolentes-dedicados-al-robo-de-vehiculos\/\" class=\" target=\" title=\"CICPC captur\u00f3 a la banda \" Los dedicados al robo de target=\"_blank\" rel=\"noopener\">Ver fuente<\/a><\/p>\n","protected":false},"excerpt":{"rendered":"<p>Por: AL D\u00eda y a la Hora | @Notidiahora 14 julio, 2024 El Cuerpo de Investigaciones Cient\u00edficas, Penales y Criminal\u00edsticas logr\u00f3 la captura de seis delincuentes de la banda Los Indolentes. La organizaci\u00f3n criminal robaba carros en el estado Miranda y las v\u00edctimas principalmente eran mujeres. Douglas Rico, director del cuerpo policial, comparti\u00f3 en su [&hellip;]<\/p>\n","protected":false},"author":2,"featured_media":11833,"comment_status":"open","ping_status":"closed","sticky":false,"template":"","format":"standard","meta":{"footnotes":""},"categories":[5],"tags":[],"class_list":["post-11832","post","type-post","status-publish","format-standard","has-post-thumbnail","hentry","category-sucesos"],"_links":{"self":[{"href":"https:\/\/enfoquenoticioso.com\/index.php?rest_route=\/wp\/v2\/posts\/11832","targetHints":{"allow":["GET"]}}],"collection":[{"href":"https:\/\/enfoquenoticioso.com\/index.php?rest_route=\/wp\/v2\/posts"}],"about":[{"href":"https:\/\/enfoquenoticioso.com\/index.php?rest_route=\/wp\/v2\/types\/post"}],"author":[{"embeddable":true,"href":"https:\/\/enfoquenoticioso.com\/index.php?rest_route=\/wp\/v2\/users\/2"}],"replies":[{"embeddable":true,"href":"https:\/\/enfoquenoticioso.com\/index.php?rest_route=%2Fwp%2Fv2%2Fcomments&post=11832"}],"version-history":[{"count":0,"href":"https:\/\/enfoquenoticioso.com\/index.php?rest_route=\/wp\/v2\/posts\/11832\/revisions"}],"wp:featuredmedia":[{"embeddable":true,"href":"https:\/\/enfoquenoticioso.com\/index.php?rest_route=\/wp\/v2\/media\/11833"}],"wp:attachment":[{"href":"https:\/\/enfoquenoticioso.com\/index.php?rest_route=%2Fwp%2Fv2%2Fmedia&parent=11832"}],"wp:term":[{"taxonomy":"category","embeddable":true,"href":"https:\/\/enfoquenoticioso.com\/index.php?rest_route=%2Fwp%2Fv2%2Fcategories&post=11832"},{"taxonomy":"post_tag","embeddable":true,"href":"https:\/\/enfoquenoticioso.com\/index.php?rest_route=%2Fwp%2Fv2%2Ftags&post=11832"}],"curies":[{"name":"wp","href":"https:\/\/api.w.org\/{rel}","templated":true}]}}