{"id":11949,"date":"2024-07-15T12:19:21","date_gmt":"2024-07-15T12:19:21","guid":{"rendered":"https:\/\/enfoquenoticioso.com\/sucesos\/ataque-de-abejas-en-barinas-deja-mas-de-40-lesionados\/"},"modified":"2024-07-15T12:19:21","modified_gmt":"2024-07-15T12:19:21","slug":"ataque-de-abejas-en-barinas-deja-mas-de-40-lesionados","status":"publish","type":"post","link":"https:\/\/enfoquenoticioso.com\/?p=11949","title":{"rendered":"Ataque de abejas en Barinas deja m\u00e1s de 40 lesionados"},"content":{"rendered":"<div id=\"post-532823\">\n<div class=\"entry-thumbnail\">\n<img width=\"612\" height=\"342\" src=\"https:\/\/i0.wp.com\/noticiasaldiayalahora.co\/wp-content\/uploads\/2024\/07\/abejas.jpeg?resize=612%2C342&amp;ssl=1\" class=\"attachment-content-single size-content-single wp-post-image\" alt=\"\" decoding=\"async\" fetchpriority=\"high\" srcset=\"https:\/\/i0.wp.com\/noticiasaldiayalahora.co\/wp-content\/uploads\/2024\/07\/abejas.jpeg?w=612&amp;ssl=1 612w, https:\/\/i0.wp.com\/noticiasaldiayalahora.co\/wp-content\/uploads\/2024\/07\/abejas.jpeg?resize=300%2C168&amp;ssl=1 300w, https:\/\/i0.wp.com\/noticiasaldiayalahora.co\/wp-content\/uploads\/2024\/07\/abejas.jpeg?resize=180%2C101&amp;ssl=1 180w, https:\/\/i0.wp.com\/noticiasaldiayalahora.co\/wp-content\/uploads\/2024\/07\/abejas.jpeg?resize=260%2C146&amp;ssl=1 260w, https:\/\/i0.wp.com\/noticiasaldiayalahora.co\/wp-content\/uploads\/2024\/07\/abejas.jpeg?resize=120%2C67&amp;ssl=1 120w\" sizes=\"(max-width: 612px) 100vw, 612px\"\/><\/div>\n<p class=\"entry-meta\">\n<span class=\"entry-meta-author vcard author\">Por: <a class=\"fn\" href=\"https:\/\/noticiasaldiayalahora.co\/author\/redaccion\/\" target=\"_blank\" rel=\"noopener\">Redacci\u00f3n Noticias al Dia y a la Hora<\/a><\/span><br \/>\n<span class=\"entry-meta-date updated\">15 julio, 2024<\/span>\n<\/p>\n<div class=\"entry-content clearfix\">\n<p>En el municipio Antonio Jos\u00e9 de Sucre, luego que muchas abejas causaron picaduras a 41 habitantes de diferentes edades, lo que caus\u00f3 la intervenci\u00f3n inmediata de organismos de seguridad y movilizaci\u00f3n de ambulancias.<span id=\"more-532823\"\/><\/p>\n<p>Un grupo de personas del mencionado caser\u00edo que se ubica en el Troncal 5, en horas de la ma\u00f1ana de este s\u00e1bado 13 de julio, cuando el lugar fue invadido por un enjambre de abejas provenientes de sitio desconocido, las que atacaron sin piedad a las personas, quienes fueron v\u00edctimas de fuertes picaduras.<\/p>\n<p>La mayor\u00eda de las personas blancos de estos insectos recibieron picaduras m\u00faltiples, en medio de gritos y camas de auxilio. Las personas salieron corriendo hacia la Troncal 5, donde algunas fueron socorridas por particulares que las trasladaron al hospital Dr. Jos\u00e9 Le\u00f3n Tapia, donde recibieron at\u00e9 con con urgencia, seg\u00fan rese\u00f1a La Noticia de Barinas<\/p>\n<p>Entre las v\u00edctimas se encontraba una se\u00f1ora de 83 a\u00f1os de edad con shock anafil\u00e1ctico y una beb\u00e9 de seis meses. Los cuerpos de seguridad y prevenci\u00f3n lograron controlar la situaci\u00f3n y apoyaron con el traslado,<\/p>\n<p>con informaci\u00f3n <strong>Noticias de Barinas<\/strong><\/p>\n<div id=\"ez-toc-container\" class=\"ez-toc-v2_0_81 counter-hierarchy ez-toc-counter ez-toc-grey ez-toc-container-direction\">\n<div class=\"ez-toc-title-container\">\n<p class=\"ez-toc-title\" style=\"cursor:inherit\">Tabla de Contenido<\/p>\n<span class=\"ez-toc-title-toggle\"><a href=\"#\" class=\"ez-toc-pull-right ez-toc-btn ez-toc-btn-xs ez-toc-btn-default ez-toc-toggle\" aria-label=\"Alternar tabla de contenidos\"><span class=\"ez-toc-js-icon-con\"><span class=\"\"><span class=\"eztoc-hide\" style=\"display:none;\">Toggle<\/span><span class=\"ez-toc-icon-toggle-span\"><svg style=\"fill: #999;color:#999\" xmlns=\"http:\/\/www.w3.org\/2000\/svg\" class=\"list-377408\" width=\"20px\" height=\"20px\" viewBox=\"0 0 24 24\" fill=\"none\"><path d=\"M6 6H4v2h2V6zm14 0H8v2h12V6zM4 11h2v2H4v-2zm16 0H8v2h12v-2zM4 16h2v2H4v-2zm16 0H8v2h12v-2z\" fill=\"currentColor\"><\/path><\/svg><svg style=\"fill: #999;color:#999\" class=\"arrow-unsorted-368013\" xmlns=\"http:\/\/www.w3.org\/2000\/svg\" width=\"10px\" height=\"10px\" viewBox=\"0 0 24 24\" version=\"1.2\" baseProfile=\"tiny\"><path d=\"M18.2 9.3l-6.2-6.3-6.2 6.3c-.2.2-.3.4-.3.7s.1.5.3.7c.2.2.4.3.7.3h11c.3 0 .5-.1.7-.3.2-.2.3-.5.3-.7s-.1-.5-.3-.7zM5.8 14.7l6.2 6.3 6.2-6.3c.2-.2.3-.5.3-.7s-.1-.5-.3-.7c-.2-.2-.4-.3-.7-.3h-11c-.3 0-.5.1-.7.3-.2.2-.3.5-.3.7s.1.5.3.7z\"\/><\/svg><\/span><\/span><\/span><\/a><\/span><\/div>\n<nav><ul class='ez-toc-list ez-toc-list-level-1 ' ><li class='ez-toc-page-1 ez-toc-heading-level-4'><a class=\"ez-toc-link ez-toc-heading-1\" href=\"https:\/\/enfoquenoticioso.com\/?p=11949\/#Sigue_al_canal_de_noticias_en_Whatsaap\" >Sigue al canal de noticias en Whatsaap\u00a0<\/a><\/li><\/ul><\/nav><\/div>\n<h4><span class=\"ez-toc-section\" id=\"Sigue_al_canal_de_noticias_en_Whatsaap\"><\/span><strong><a href=\"https:\/\/whatsapp.com\/channel\/0029VaDXFnLId7nFFiDdVI26?fbclid=IwAR1LnVJqcByTELJH4Ht086FYRmdx18pRnV7CrkzmTJ5JaLHYY0igukfL9Yk\" target=\"_blank\" rel=\"noopener\">Sigue al canal de noticias en Whatsaap\u00a0<\/a><\/strong><span class=\"ez-toc-section-end\"><\/span><\/h4>\n<\/div>\n<\/div>\n<p><a href=\"https:\/\/noticiasaldiayalahora.co\/sucesos\/ataque-de-abejas-en-barinas-deja-mas-de-40-lesionados\/\" class=\" target=\" title=\"Ataque de abejas en Barinas deja m\u00e1s de 40 lesionados\" target=\"_blank\" rel=\"noopener\">Ver fuente<\/a><\/p>\n","protected":false},"excerpt":{"rendered":"<p>Por: Redacci\u00f3n Noticias al Dia y a la Hora 15 julio, 2024 En el municipio Antonio Jos\u00e9 de Sucre, luego que muchas abejas causaron picaduras a 41 habitantes de diferentes edades, lo que caus\u00f3 la intervenci\u00f3n inmediata de organismos de seguridad y movilizaci\u00f3n de ambulancias. Un grupo de personas del mencionado caser\u00edo que se ubica [&hellip;]<\/p>\n","protected":false},"author":2,"featured_media":11950,"comment_status":"open","ping_status":"closed","sticky":false,"template":"","format":"standard","meta":{"footnotes":""},"categories":[5],"tags":[],"class_list":["post-11949","post","type-post","status-publish","format-standard","has-post-thumbnail","hentry","category-sucesos"],"_links":{"self":[{"href":"https:\/\/enfoquenoticioso.com\/index.php?rest_route=\/wp\/v2\/posts\/11949","targetHints":{"allow":["GET"]}}],"collection":[{"href":"https:\/\/enfoquenoticioso.com\/index.php?rest_route=\/wp\/v2\/posts"}],"about":[{"href":"https:\/\/enfoquenoticioso.com\/index.php?rest_route=\/wp\/v2\/types\/post"}],"author":[{"embeddable":true,"href":"https:\/\/enfoquenoticioso.com\/index.php?rest_route=\/wp\/v2\/users\/2"}],"replies":[{"embeddable":true,"href":"https:\/\/enfoquenoticioso.com\/index.php?rest_route=%2Fwp%2Fv2%2Fcomments&post=11949"}],"version-history":[{"count":0,"href":"https:\/\/enfoquenoticioso.com\/index.php?rest_route=\/wp\/v2\/posts\/11949\/revisions"}],"wp:featuredmedia":[{"embeddable":true,"href":"https:\/\/enfoquenoticioso.com\/index.php?rest_route=\/wp\/v2\/media\/11950"}],"wp:attachment":[{"href":"https:\/\/enfoquenoticioso.com\/index.php?rest_route=%2Fwp%2Fv2%2Fmedia&parent=11949"}],"wp:term":[{"taxonomy":"category","embeddable":true,"href":"https:\/\/enfoquenoticioso.com\/index.php?rest_route=%2Fwp%2Fv2%2Fcategories&post=11949"},{"taxonomy":"post_tag","embeddable":true,"href":"https:\/\/enfoquenoticioso.com\/index.php?rest_route=%2Fwp%2Fv2%2Ftags&post=11949"}],"curies":[{"name":"wp","href":"https:\/\/api.w.org\/{rel}","templated":true}]}}