{"id":11998,"date":"2024-07-15T19:18:19","date_gmt":"2024-07-15T19:18:19","guid":{"rendered":"https:\/\/enfoquenoticioso.com\/sucesos\/se-me-fue-de-las-manos-la-asesine-un-hombre-degollo-a-su-hermana-en-medio-de-una-discusion-familiar\/"},"modified":"2024-07-15T19:18:19","modified_gmt":"2024-07-15T19:18:19","slug":"se-me-fue-de-las-manos-la-asesine-un-hombre-degollo-a-su-hermana-en-medio-de-una-discusion-familiar","status":"publish","type":"post","link":"https:\/\/enfoquenoticioso.com\/?p=11998","title":{"rendered":"\u00abSe me fue de las manos, la asesin\u00e9\u00bb, un hombre degoll\u00f3 a su hermana en medio de una discusi\u00f3n familiar"},"content":{"rendered":"<div>\n<p>Un hombre identificado como Francisco Gonz\u00e1lez Sastre, de 60 a\u00f1os de edad, fue arrestado el fin de semana por asesinar a su hermana durante una discusi\u00f3n registrada en un apartamento ubicado en la residencia Los Laureles de La Urbina, municipio Sucre del estado Miranda.<\/p>\n<p>Gonz\u00e1lez y la mujer, identificada como\u00a0Mar\u00eda Magdalena Gonz\u00e1lez Sastre, conocida como Malena, de 58 a\u00f1os de edad, se encontraban en la residencia el s\u00e1bado por la noche junto a otra hermana para cuidar de su madre enferma.<\/p>\n<div id=\"ez-toc-container\" class=\"ez-toc-v2_0_81 counter-hierarchy ez-toc-counter ez-toc-grey ez-toc-container-direction\">\n<div class=\"ez-toc-title-container\">\n<p class=\"ez-toc-title\" style=\"cursor:inherit\">Tabla de Contenido<\/p>\n<span class=\"ez-toc-title-toggle\"><a href=\"#\" class=\"ez-toc-pull-right ez-toc-btn ez-toc-btn-xs ez-toc-btn-default ez-toc-toggle\" aria-label=\"Alternar tabla de contenidos\"><span class=\"ez-toc-js-icon-con\"><span class=\"\"><span class=\"eztoc-hide\" style=\"display:none;\">Toggle<\/span><span class=\"ez-toc-icon-toggle-span\"><svg style=\"fill: #999;color:#999\" xmlns=\"http:\/\/www.w3.org\/2000\/svg\" class=\"list-377408\" width=\"20px\" height=\"20px\" viewBox=\"0 0 24 24\" fill=\"none\"><path d=\"M6 6H4v2h2V6zm14 0H8v2h12V6zM4 11h2v2H4v-2zm16 0H8v2h12v-2zM4 16h2v2H4v-2zm16 0H8v2h12v-2z\" fill=\"currentColor\"><\/path><\/svg><svg style=\"fill: #999;color:#999\" class=\"arrow-unsorted-368013\" xmlns=\"http:\/\/www.w3.org\/2000\/svg\" width=\"10px\" height=\"10px\" viewBox=\"0 0 24 24\" version=\"1.2\" baseProfile=\"tiny\"><path d=\"M18.2 9.3l-6.2-6.3-6.2 6.3c-.2.2-.3.4-.3.7s.1.5.3.7c.2.2.4.3.7.3h11c.3 0 .5-.1.7-.3.2-.2.3-.5.3-.7s-.1-.5-.3-.7zM5.8 14.7l6.2 6.3 6.2-6.3c.2-.2.3-.5.3-.7s-.1-.5-.3-.7c-.2-.2-.4-.3-.7-.3h-11c-.3 0-.5.1-.7.3-.2.2-.3.5-.3.7s.1.5.3.7z\"\/><\/svg><\/span><\/span><\/span><\/a><\/span><\/div>\n<nav><ul class='ez-toc-list ez-toc-list-level-1 ' ><li class='ez-toc-page-1 ez-toc-heading-level-2'><a class=\"ez-toc-link ez-toc-heading-1\" href=\"https:\/\/enfoquenoticioso.com\/?p=11998\/#%C2%BFComo_ocurrio_el_crimen_en_La_Urbina\" >\u00bfC\u00f3mo ocurri\u00f3 el crimen en La Urbina?<\/a><\/li><\/ul><\/nav><\/div>\n<h2><span class=\"ez-toc-section\" id=\"%C2%BFComo_ocurrio_el_crimen_en_La_Urbina\"><\/span>\u00bfC\u00f3mo ocurri\u00f3 el crimen en La Urbina?<span class=\"ez-toc-section-end\"><\/span><\/h2>\n<p>Mientras estaban en el inmueble, los hermanos comenzaron a discutir por unas pertenencias de Francisco que Mar\u00eda Magdalena aparentemente sac\u00f3 de su habitaci\u00f3n, de acuerdo con fuentes policiales citadas por el\u00a0<a href=\"https:\/\/x.com\/RCamachoVzla\/status\/1812820499459612824\" target=\"_blank\" rel=\"noopener\">periodista se Sucesos Rom\u00e1n Camacho<\/a>.<\/p>\n<p>En medio de la discusi\u00f3n, el hombre golpe\u00f3 fuertemente a su hermana hasta dejarla inconsciente y luego, con un cuchillo, la degoll\u00f3.<\/p>\n<p>Tras cometer el crimen, el hombre baj\u00f3 ensangrentado hasta la calle y se dirigi\u00f3 a la caseta de vigilancia donde confes\u00f3 a los vigilantes: \u201cSe me fue de las manos, la asesin\u00e9\u201d.<\/p>\n<p>Inmediatamente, el personal de seguridad llam\u00f3 a las autoridades y comisiones de la Polic\u00eda de Sucre llegaron. Francisco Gonz\u00e1lez Sastre fue detenido y trasladado hasta la sede de la polic\u00eda ubicada en el Coliseo, en La Urbina.<\/p>\n<p>Comisiones del Cuerpo de Investigaciones Cient\u00edficas, Penales y Criminal\u00edsticas llegaron al lugar para realizar el levantamiento del cad\u00e1ver y continuar con las averiguaciones luego de haber recibido el procedimiento por parte de la polic\u00eda municipal.<\/p>\n<p>El Ministerio P\u00fablico qued\u00f3 a cargo del caso.<\/p>\n<p>\u00a0<\/p>\n<\/div>\n<p><a href=\"https:\/\/noticiasaldiayalahora.co\/sucesos\/se-me-fue-de-las-manos-la-asesine-un-hombre-degollo-a-su-hermana-en-medio-de-una-discusion-familiar\/\" class=\" target=\" title=\"\" Se me fue de las la un hombre a su hermana en medio una  target=\"_blank\" rel=\"noopener\">Ver fuente<\/a><\/p>\n","protected":false},"excerpt":{"rendered":"<p>Un hombre identificado como Francisco Gonz\u00e1lez Sastre, de 60 a\u00f1os de edad, fue arrestado el fin de semana por asesinar a su hermana durante una discusi\u00f3n registrada en un apartamento ubicado en la residencia Los Laureles de La Urbina, municipio Sucre del estado Miranda. Gonz\u00e1lez y la mujer, identificada como\u00a0Mar\u00eda Magdalena Gonz\u00e1lez Sastre, conocida como [&hellip;]<\/p>\n","protected":false},"author":2,"featured_media":4130,"comment_status":"open","ping_status":"closed","sticky":false,"template":"","format":"standard","meta":{"footnotes":""},"categories":[5],"tags":[],"class_list":["post-11998","post","type-post","status-publish","format-standard","has-post-thumbnail","hentry","category-sucesos"],"_links":{"self":[{"href":"https:\/\/enfoquenoticioso.com\/index.php?rest_route=\/wp\/v2\/posts\/11998","targetHints":{"allow":["GET"]}}],"collection":[{"href":"https:\/\/enfoquenoticioso.com\/index.php?rest_route=\/wp\/v2\/posts"}],"about":[{"href":"https:\/\/enfoquenoticioso.com\/index.php?rest_route=\/wp\/v2\/types\/post"}],"author":[{"embeddable":true,"href":"https:\/\/enfoquenoticioso.com\/index.php?rest_route=\/wp\/v2\/users\/2"}],"replies":[{"embeddable":true,"href":"https:\/\/enfoquenoticioso.com\/index.php?rest_route=%2Fwp%2Fv2%2Fcomments&post=11998"}],"version-history":[{"count":0,"href":"https:\/\/enfoquenoticioso.com\/index.php?rest_route=\/wp\/v2\/posts\/11998\/revisions"}],"wp:featuredmedia":[{"embeddable":true,"href":"https:\/\/enfoquenoticioso.com\/index.php?rest_route=\/wp\/v2\/media\/4130"}],"wp:attachment":[{"href":"https:\/\/enfoquenoticioso.com\/index.php?rest_route=%2Fwp%2Fv2%2Fmedia&parent=11998"}],"wp:term":[{"taxonomy":"category","embeddable":true,"href":"https:\/\/enfoquenoticioso.com\/index.php?rest_route=%2Fwp%2Fv2%2Fcategories&post=11998"},{"taxonomy":"post_tag","embeddable":true,"href":"https:\/\/enfoquenoticioso.com\/index.php?rest_route=%2Fwp%2Fv2%2Ftags&post=11998"}],"curies":[{"name":"wp","href":"https:\/\/api.w.org\/{rel}","templated":true}]}}