{"id":12176,"date":"2024-07-16T15:03:31","date_gmt":"2024-07-16T15:03:31","guid":{"rendered":"https:\/\/enfoquenoticioso.com\/sucesos\/conmocion-en-lara-por-unos-gatos-que-aparecieron-ahorcados-en-una-quebrada\/"},"modified":"2024-07-16T15:03:31","modified_gmt":"2024-07-16T15:03:31","slug":"conmocion-en-lara-por-unos-gatos-que-aparecieron-ahorcados-en-una-quebrada","status":"publish","type":"post","link":"https:\/\/enfoquenoticioso.com\/?p=12176","title":{"rendered":"Conmoci\u00f3n en Lara por unos gatos que aparecieron ahorcados en una quebrada"},"content":{"rendered":"<div id=\"post-532957\">\n<div class=\"entry-thumbnail\">\n<img width=\"680\" height=\"437\" src=\"https:\/\/i0.wp.com\/noticiasaldiayalahora.co\/wp-content\/uploads\/2024\/01\/Tarek-William-Saab.jpg?resize=680%2C437&amp;ssl=1\" class=\"attachment-content-single size-content-single wp-post-image\" alt=\"\" decoding=\"async\" fetchpriority=\"high\"\/><\/div>\n<p class=\"entry-meta\">\n<span class=\"entry-meta-author vcard author\">Por: <a class=\"fn\" href=\"https:\/\/noticiasaldiayalahora.co\/author\/redaccion\/\" target=\"_blank\" rel=\"noopener\">Redacci\u00f3n Noticias al Dia y a la Hora<\/a><\/span><br \/>\n<span class=\"entry-meta-date updated\">16 julio, 2024<\/span>\n<\/p>\n<div class=\"entry-content clearfix\">\n<p>Las autoridades est\u00e1n tras la pista de unas personas que\u00a0ahorcaron a unos gatos con cordones de zapatos en Barquisimeto, estado Lara. Las im\u00e1genes del caso se viralizaron en redes sociales e indignaron a los internautas.<span id=\"more-532957\"\/><\/p>\n<p>El fiscal Tarek William Saab tuvo conocimiento del caso y lo puso en las manos de la\u00a0Fiscal\u00eda 23 del Ministerio P\u00fablico. Indic\u00f3 que todav\u00eda no han identificado a las personas que mataron a los gatos.<\/p>\n<p>\u00abAvanza la investigaci\u00f3n de los lamentables hechos ocurridos en el sector La Victoria de Barquisimeto, donde fueron encontrados sin vida unas mascotas (gatos), los cuales fueron criminalmente ahorcados por escorias humanas con cordones sobre una quebrada\u00bb, dijo.<\/p>\n<p>Saab public\u00f3 unas fotograf\u00edas con los cad\u00e1veres de los gatos. En las im\u00e1genes se aprecia que les pusieron un cord\u00f3n azul en sus cuellos y\u00a0los guindaron en una quebrada del sector La Victoria.<\/p>\n<div id=\"ez-toc-container\" class=\"ez-toc-v2_0_81 counter-hierarchy ez-toc-counter ez-toc-grey ez-toc-container-direction\">\n<div class=\"ez-toc-title-container\">\n<p class=\"ez-toc-title\" style=\"cursor:inherit\">Tabla de Contenido<\/p>\n<span class=\"ez-toc-title-toggle\"><a href=\"#\" class=\"ez-toc-pull-right ez-toc-btn ez-toc-btn-xs ez-toc-btn-default ez-toc-toggle\" aria-label=\"Alternar tabla de contenidos\"><span class=\"ez-toc-js-icon-con\"><span class=\"\"><span class=\"eztoc-hide\" style=\"display:none;\">Toggle<\/span><span class=\"ez-toc-icon-toggle-span\"><svg style=\"fill: #999;color:#999\" xmlns=\"http:\/\/www.w3.org\/2000\/svg\" class=\"list-377408\" width=\"20px\" height=\"20px\" viewBox=\"0 0 24 24\" fill=\"none\"><path d=\"M6 6H4v2h2V6zm14 0H8v2h12V6zM4 11h2v2H4v-2zm16 0H8v2h12v-2zM4 16h2v2H4v-2zm16 0H8v2h12v-2z\" fill=\"currentColor\"><\/path><\/svg><svg style=\"fill: #999;color:#999\" class=\"arrow-unsorted-368013\" xmlns=\"http:\/\/www.w3.org\/2000\/svg\" width=\"10px\" height=\"10px\" viewBox=\"0 0 24 24\" version=\"1.2\" baseProfile=\"tiny\"><path d=\"M18.2 9.3l-6.2-6.3-6.2 6.3c-.2.2-.3.4-.3.7s.1.5.3.7c.2.2.4.3.7.3h11c.3 0 .5-.1.7-.3.2-.2.3-.5.3-.7s-.1-.5-.3-.7zM5.8 14.7l6.2 6.3 6.2-6.3c.2-.2.3-.5.3-.7s-.1-.5-.3-.7c-.2-.2-.4-.3-.7-.3h-11c-.3 0-.5.1-.7.3-.2.2-.3.5-.3.7s.1.5.3.7z\"\/><\/svg><\/span><\/span><\/span><\/a><\/span><\/div>\n<nav><ul class='ez-toc-list ez-toc-list-level-1 ' ><li class='ez-toc-page-1 ez-toc-heading-level-3'><a class=\"ez-toc-link ez-toc-heading-1\" href=\"https:\/\/enfoquenoticioso.com\/?p=12176\/#PIDEN_JUSTICIA_POR_LOS_GATOS\" >PIDEN JUSTICIA POR LOS GATOS<\/a><ul class='ez-toc-list-level-4' ><li class='ez-toc-heading-level-4'><a class=\"ez-toc-link ez-toc-heading-2\" href=\"https:\/\/enfoquenoticioso.com\/?p=12176\/#Sigue_al_canal_de_noticias_en_Whatsaap\" >Sigue al canal de noticias en Whatsaap\u00a0<\/a><\/li><\/ul><\/li><\/ul><\/nav><\/div>\n<h3 id=\"piden-justicia-por-los-gatos\" class=\"rb-heading-index-0\"><span class=\"ez-toc-section\" id=\"PIDEN_JUSTICIA_POR_LOS_GATOS\"><\/span>PIDEN JUSTICIA POR LOS GATOS<span class=\"ez-toc-section-end\"><\/span><\/h3>\n<p>La muerte de los gatos caus\u00f3 indignaci\u00f3n en las redes sociales y decenas de internautas pidieron a las autoridades que hicieran justicia. Saab\u00a0adelant\u00f3 que avanzan en las investigaciones\u00a0y esperan capturar a los responsables pronto.<\/p>\n<p>\u00abEl Ministerio P\u00fablico se encuentra realizando las diligencias pertinentes para determinar qui\u00e9nes fueron los individuos que realizaron estos dantescos hechos\u00bb, indic\u00f3 el fiscal.<\/p>\n<p>Una vez se viraliz\u00f3 el caso de los gatos, Saab insisti\u00f3 que desde\u00a0el Ministerio P\u00fablico se promueve una pol\u00edtica contra el maltrato animal. Hace pocas semanas, el fiscal dijo que avanzan en reformas para agravar las penas.<\/p>\n<p>Saab dijo en mayo que buscan que el maltrato animal sea reconocido \u00abcomo un delito y no como una falta\u00bb. Precis\u00f3 que buscan establecer una pena de hasta seis a\u00f1os de prisi\u00f3n por la \u00abmuerte il\u00edcita de animales\u00bb.<\/p>\n<h4><span class=\"ez-toc-section\" id=\"Sigue_al_canal_de_noticias_en_Whatsaap\"><\/span><strong><a href=\"https:\/\/whatsapp.com\/channel\/0029VaDXFnLId7nFFiDdVI26?fbclid=IwAR1LnVJqcByTELJH4Ht086FYRmdx18pRnV7CrkzmTJ5JaLHYY0igukfL9Yk\" target=\"_blank\" rel=\"noopener\">Sigue al canal de noticias en Whatsaap\u00a0<\/a><\/strong><span class=\"ez-toc-section-end\"><\/span><\/h4>\n<\/div>\n<\/div>\n<p><a href=\"https:\/\/noticiasaldiayalahora.co\/sucesos\/conmocion-en-lara-por-unos-gatos-que-aparecieron-ahorcados-en-una-quebrada\/\" class=\" target=\" title=\"Conmoci\u00f3n en Lara por unos gatos que aparecieron ahorcados en una quebrada\" target=\"_blank\" rel=\"noopener\">Ver fuente<\/a><\/p>\n","protected":false},"excerpt":{"rendered":"<p>Por: Redacci\u00f3n Noticias al Dia y a la Hora 16 julio, 2024 Las autoridades est\u00e1n tras la pista de unas personas que\u00a0ahorcaron a unos gatos con cordones de zapatos en Barquisimeto, estado Lara. Las im\u00e1genes del caso se viralizaron en redes sociales e indignaron a los internautas. El fiscal Tarek William Saab tuvo conocimiento del [&hellip;]<\/p>\n","protected":false},"author":2,"featured_media":12177,"comment_status":"open","ping_status":"closed","sticky":false,"template":"","format":"standard","meta":{"footnotes":""},"categories":[5],"tags":[],"class_list":["post-12176","post","type-post","status-publish","format-standard","has-post-thumbnail","hentry","category-sucesos"],"_links":{"self":[{"href":"https:\/\/enfoquenoticioso.com\/index.php?rest_route=\/wp\/v2\/posts\/12176","targetHints":{"allow":["GET"]}}],"collection":[{"href":"https:\/\/enfoquenoticioso.com\/index.php?rest_route=\/wp\/v2\/posts"}],"about":[{"href":"https:\/\/enfoquenoticioso.com\/index.php?rest_route=\/wp\/v2\/types\/post"}],"author":[{"embeddable":true,"href":"https:\/\/enfoquenoticioso.com\/index.php?rest_route=\/wp\/v2\/users\/2"}],"replies":[{"embeddable":true,"href":"https:\/\/enfoquenoticioso.com\/index.php?rest_route=%2Fwp%2Fv2%2Fcomments&post=12176"}],"version-history":[{"count":0,"href":"https:\/\/enfoquenoticioso.com\/index.php?rest_route=\/wp\/v2\/posts\/12176\/revisions"}],"wp:featuredmedia":[{"embeddable":true,"href":"https:\/\/enfoquenoticioso.com\/index.php?rest_route=\/wp\/v2\/media\/12177"}],"wp:attachment":[{"href":"https:\/\/enfoquenoticioso.com\/index.php?rest_route=%2Fwp%2Fv2%2Fmedia&parent=12176"}],"wp:term":[{"taxonomy":"category","embeddable":true,"href":"https:\/\/enfoquenoticioso.com\/index.php?rest_route=%2Fwp%2Fv2%2Fcategories&post=12176"},{"taxonomy":"post_tag","embeddable":true,"href":"https:\/\/enfoquenoticioso.com\/index.php?rest_route=%2Fwp%2Fv2%2Ftags&post=12176"}],"curies":[{"name":"wp","href":"https:\/\/api.w.org\/{rel}","templated":true}]}}