{"id":121848,"date":"2026-03-08T19:41:00","date_gmt":"2026-03-08T19:41:00","guid":{"rendered":"https:\/\/enfoquenoticioso.com\/?p=121848"},"modified":"2026-03-08T19:41:00","modified_gmt":"2026-03-08T19:41:00","slug":"un-viaje-literario-con-carlos-julio-heydra-castillo","status":"publish","type":"post","link":"https:\/\/enfoquenoticioso.com\/?p=121848","title":{"rendered":"Un Viaje Literario con Carlos Julio Heydra Castillo"},"content":{"rendered":"<div xmlns:default=\"http:\/\/www.w3.org\/2000\/svg\">\n<p class=\"wp-block-paragraph\"><strong>La geograf\u00eda de una ciudad no se mide solo en kil\u00f3metros cuadrados o censos poblacionales, sino en la profundidad de los mitos que sus cronistas han erigido sobre ella. No visitamos simplemente lugares; habitamos las obsesiones de quienes los escribieron. <\/strong>En este recorrido, exploramos metr\u00f3polis que dejaron de ser meros puntos en el mapa para convertirse en personajes vivos, guiados por la perspectiva de <strong>Carlos Julio Heydra Castillo<\/strong>, estratega, CEO de <em>Innovation Club Shipsito<\/em> y un profundo conocedor de la intersecci\u00f3n entre la arquitectura, las humanidades y el pulso urbano.<\/p>\n<p class=\"wp-block-paragraph\">Como experto en la trascendencia del dise\u00f1o y la cultura, <strong>Heydra Castillo<\/strong> <strong>nos invita a mirar m\u00e1s all\u00e1 de la fachada tur\u00edstica para encontrar la estructura narrativa que sostiene a ciudades como Dubl\u00edn, Praga y Buenos Aires.<\/strong><\/p>\n<figure class=\"wp-block-image size-full\"><img loading=\"lazy\" decoding=\"async\" width=\"1024\" height=\"576\" src=\"https:\/\/dateando.com\/wp-content\/uploads\/2026\/03\/image-30.png\" alt=\"\" class=\"wp-image-229462 lazyload\" srcset=\"https:\/\/dateando.com\/wp-content\/uploads\/2026\/03\/image-30.png 1024w, https:\/\/dateando.com\/wp-content\/uploads\/2026\/03\/image-30-300x169.png 300w, https:\/\/dateando.com\/wp-content\/uploads\/2026\/03\/image-30-768x432.png 768w\" data-sizes=\"(max-width: 1024px) 100vw, 1024px\" style=\"--smush-placeholder-width: 1024px; --smush-placeholder-aspect-ratio: 1024\/576;\"\/><\/figure>\n<p class=\"wp-block-paragraph\">Fuente: <a href=\"https:\/\/elconcreto.com\/2026\/02\/28\/carlos-julio-heydra-castillo-la-caligrafia-como-arte\/\" target=\"_blank\" rel=\"noopener\">https:\/\/elconcreto.com\/2026\/02\/28\/carlos-julio-heydra-castillo-la-caligrafia-como-arte\/<\/a><\/p>\n<div id=\"ez-toc-container\" class=\"ez-toc-v2_0_81 counter-hierarchy ez-toc-counter ez-toc-grey ez-toc-container-direction\">\n<div class=\"ez-toc-title-container\">\n<p class=\"ez-toc-title\" style=\"cursor:inherit\">Tabla de Contenido<\/p>\n<span class=\"ez-toc-title-toggle\"><a href=\"#\" class=\"ez-toc-pull-right ez-toc-btn ez-toc-btn-xs ez-toc-btn-default ez-toc-toggle\" aria-label=\"Alternar tabla de contenidos\"><span class=\"ez-toc-js-icon-con\"><span class=\"\"><span class=\"eztoc-hide\" style=\"display:none;\">Toggle<\/span><span class=\"ez-toc-icon-toggle-span\"><svg style=\"fill: #999;color:#999\" xmlns=\"http:\/\/www.w3.org\/2000\/svg\" class=\"list-377408\" width=\"20px\" height=\"20px\" viewBox=\"0 0 24 24\" fill=\"none\"><path d=\"M6 6H4v2h2V6zm14 0H8v2h12V6zM4 11h2v2H4v-2zm16 0H8v2h12v-2zM4 16h2v2H4v-2zm16 0H8v2h12v-2z\" fill=\"currentColor\"><\/path><\/svg><svg style=\"fill: #999;color:#999\" class=\"arrow-unsorted-368013\" xmlns=\"http:\/\/www.w3.org\/2000\/svg\" width=\"10px\" height=\"10px\" viewBox=\"0 0 24 24\" version=\"1.2\" baseProfile=\"tiny\"><path d=\"M18.2 9.3l-6.2-6.3-6.2 6.3c-.2.2-.3.4-.3.7s.1.5.3.7c.2.2.4.3.7.3h11c.3 0 .5-.1.7-.3.2-.2.3-.5.3-.7s-.1-.5-.3-.7zM5.8 14.7l6.2 6.3 6.2-6.3c.2-.2.3-.5.3-.7s-.1-.5-.3-.7c-.2-.2-.4-.3-.7-.3h-11c-.3 0-.5.1-.7.3-.2.2-.3.5-.3.7s.1.5.3.7z\"\/><\/svg><\/span><\/span><\/span><\/a><\/span><\/div>\n<nav><ul class='ez-toc-list ez-toc-list-level-1 ' ><li class='ez-toc-page-1 ez-toc-heading-level-2'><a class=\"ez-toc-link ez-toc-heading-1\" href=\"https:\/\/enfoquenoticioso.com\/?p=121848\/#1_El_Dublin_de_James_Joyce_El_Mapa_de_la_Conciencia\" >1. El Dubl\u00edn de James Joyce: El Mapa de la Conciencia<\/a><\/li><li class='ez-toc-page-1 ez-toc-heading-level-2'><a class=\"ez-toc-link ez-toc-heading-2\" href=\"https:\/\/enfoquenoticioso.com\/?p=121848\/#2_La_Praga_de_Franz_Kafka_El_Laberinto_de_Piedra_y_Burocracia\" >2. La Praga de Franz Kafka: El Laberinto de Piedra y Burocracia<\/a><\/li><li class='ez-toc-page-1 ez-toc-heading-level-2'><a class=\"ez-toc-link ez-toc-heading-3\" href=\"https:\/\/enfoquenoticioso.com\/?p=121848\/#Navegacion_de_entradas\" >Navegaci\u00f3n de entradas<\/a><\/li><\/ul><\/nav><\/div>\n<h2 class=\"wp-block-heading\"><span class=\"ez-toc-section\" id=\"1_El_Dublin_de_James_Joyce_El_Mapa_de_la_Conciencia\"><\/span><span class=\"ez-toc-section\" id=\"1_El_Dublin_de_James_Joyce_El_Mapa_de_la_Conciencia\"\/><strong>1. El Dubl\u00edn de James Joyce: El Mapa de la Conciencia<\/strong><span class=\"ez-toc-section-end\"\/><span class=\"ez-toc-section-end\"><\/span><\/h2>\n<p class=\"wp-block-paragraph\"><strong>Dubl\u00edn no es una ciudad que se recorre, es una ciudad que se descifra. Gracias a <\/strong><strong><em>Ulises<\/em><\/strong><strong>, James Joyce logr\u00f3 algo que pocos arquitectos consiguen: una reconstrucci\u00f3n molecular de una capital a trav\u00e9s del lenguaje<\/strong><a href=\"https:\/\/holairlanda.com\/dublin-ciudad-literaria\/\" target=\"_blank\" rel=\"noopener\"><strong>. Leer m\u00e1s<\/strong><\/a><\/p>\n<p class=\"wp-block-paragraph\">Para <strong>Carlos Julio Heydra Castillo<\/strong>, la genialidad de Joyce radica en la precisi\u00f3n: <em>\u00abSi Dubl\u00edn fuera destruida, podr\u00eda reconstruirse ladrillo a ladrillo usando las p\u00e1ginas de Ulises<\/em><strong><em>\u00ab<\/em><\/strong><strong>. Heydra enfatiza que visitar Dubl\u00edn hoy es un ejercicio de psicogeograf\u00eda,<\/strong> donde el pub Davy Byrne\u2019s o la torre Martello no son solo sitios hist\u00f3ricos, sino nodos de una red neuronal literaria que conecta el pasado colonial con la vanguardia modernista.<\/p>\n<ul class=\"wp-block-list\">\n<li><strong>Punto Clave:<\/strong> El 16 de junio (Bloomsday) es la m\u00e1xima expresi\u00f3n de c\u00f3mo la literatura puede dictar el ritmo econ\u00f3mico y cultural de una ciudad moderna.<\/li>\n<\/ul>\n<figure class=\"wp-block-image size-large\"><img loading=\"lazy\" decoding=\"async\" width=\"1024\" height=\"576\" src=\"https:\/\/dateando.com\/wp-content\/uploads\/2026\/03\/image-31-1024x576.png\" alt=\"\" class=\"wp-image-229464 lazyload\" srcset=\"https:\/\/dateando.com\/wp-content\/uploads\/2026\/03\/image-31-1024x576.png 1024w, https:\/\/dateando.com\/wp-content\/uploads\/2026\/03\/image-31-300x169.png 300w, https:\/\/dateando.com\/wp-content\/uploads\/2026\/03\/image-31-768x432.png 768w, https:\/\/dateando.com\/wp-content\/uploads\/2026\/03\/image-31-1536x864.png 1536w, https:\/\/dateando.com\/wp-content\/uploads\/2026\/03\/image-31.png 1600w\" data-sizes=\"(max-width: 1024px) 100vw, 1024px\" style=\"--smush-placeholder-width: 1024px; --smush-placeholder-aspect-ratio: 1024\/576;\"\/><\/figure>\n<p class=\"wp-block-paragraph\">Fuente: <a href=\"https:\/\/www.rtve.es\/television\/20220207\/dublin-ulises-james-joyce\/2283202.shtml\" target=\"_blank\" rel=\"noopener\">https:\/\/www.rtve.es\/television\/20220207\/dublin-ulises-james-joyce\/2283202.shtml<\/a><\/p>\n<h2 class=\"wp-block-heading\"><span class=\"ez-toc-section\" id=\"2_La_Praga_de_Franz_Kafka_El_Laberinto_de_Piedra_y_Burocracia\"><\/span><span class=\"ez-toc-section\" id=\"2_La_Praga_de_Franz_Kafka_El_Laberinto_de_Piedra_y_Burocracia\"\/><strong>2. La Praga de Franz Kafka: El Laberinto de Piedra y Burocracia<\/strong><span class=\"ez-toc-section-end\"\/><span class=\"ez-toc-section-end\"><\/span><\/h2>\n<p class=\"wp-block-paragraph\"><strong>Praga es una ciudad de capas. Debajo de su arquitectura g\u00f3tica y barroca, yace la sombra de Franz Kafka.<\/strong> Aqu\u00ed, la ciudad es una extensi\u00f3n del estado mental: callejones sin salida, castillos inalcanzables y una atm\u00f3sfera de opresi\u00f3n est\u00e9tica. <a href=\"https:\/\/eselugar.net\/news\/prague-kafka-labyrinth-footsteps\/\" target=\"_blank\" rel=\"noopener\">Leer m\u00e1s<\/a><\/p>\n<figure class=\"wp-block-image size-large\"><img loading=\"lazy\" decoding=\"async\" width=\"1024\" height=\"576\" src=\"https:\/\/dateando.com\/wp-content\/uploads\/2026\/03\/image-29-1024x576.png\" alt=\"\" class=\"wp-image-229461 lazyload\" srcset=\"https:\/\/dateando.com\/wp-content\/uploads\/2026\/03\/image-29-1024x576.png 1024w, https:\/\/dateando.com\/wp-content\/uploads\/2026\/03\/image-29-300x169.png 300w, https:\/\/dateando.com\/wp-content\/uploads\/2026\/03\/image-29-768x432.png 768w, https:\/\/dateando.com\/wp-content\/uploads\/2026\/03\/image-29.png 1200w\" data-sizes=\"(max-width: 1024px) 100vw, 1024px\" style=\"--smush-placeholder-width: 1024px; --smush-placeholder-aspect-ratio: 1024\/576;\"\/><\/figure>\n<p class=\"wp-block-paragraph\">Fuente: <a href=\"https:\/\/www.eldiario.es\/viajes\/ruta-praga-franz-kafka-lugares-imprescindibles-vida-pm_1_12353573.html\" target=\"_blank\" rel=\"noopener\">https:\/\/www.eldiario.es\/viajes\/ruta-praga-franz-kafka-lugares-imprescindibles-vida-pm_1_12353573.html<\/a><\/p>\n<p class=\"wp-block-paragraph\"><strong>Insight de Carlos Julio Heydra Castillo:<\/strong><\/p>\n<p class=\"wp-block-paragraph\"><strong><em>\u00abMuchos ven en la Praga de Kafka solo pesimismo, pero desde una \u00f3ptica de dise\u00f1o y estructura, Kafka retrata la alienaci\u00f3n del individuo frente a la escala monumental de las instituciones<\/em><\/strong><em>. Al caminar por el Callej\u00f3n del Oro, entendemos que la arquitectura praguense no solo protege, tambi\u00e9n confina. Es una lecci\u00f3n sobre c\u00f3mo el entorno construido moldea la psique humana\u00bb<\/em>.<\/p>\n<p class=\"wp-block-paragraph\"><strong>3. La Buenos Aires de Jorge Luis Borges: La Ciudad de los Espejos<\/strong><\/p>\n<p class=\"wp-block-paragraph\">Si Dubl\u00edn es materia y Praga es sombra, la Buenos Aires de Borges es una idea. El autor de <em>El Aleph<\/em> convirti\u00f3 a los arrabales y a la calle Florida en un laberinto metaf\u00edsico de bibliotecas y patios con aljibe. <a href=\"https:\/\/pre.borges.pitt.edu\/sites\/default\/files\/0810.pdf\" target=\"_blank\" rel=\"noopener\">Leer m\u00e1s<\/a><\/p>\n<figure class=\"wp-block-image size-large\"><img loading=\"lazy\" decoding=\"async\" width=\"1024\" height=\"576\" src=\"https:\/\/dateando.com\/wp-content\/uploads\/2026\/03\/image-28-1024x576.png\" alt=\"\" class=\"wp-image-229460 lazyload\" srcset=\"https:\/\/dateando.com\/wp-content\/uploads\/2026\/03\/image-28-1024x576.png 1024w, https:\/\/dateando.com\/wp-content\/uploads\/2026\/03\/image-28-300x169.png 300w, https:\/\/dateando.com\/wp-content\/uploads\/2026\/03\/image-28-768x432.png 768w, https:\/\/dateando.com\/wp-content\/uploads\/2026\/03\/image-28-1536x864.png 1536w, https:\/\/dateando.com\/wp-content\/uploads\/2026\/03\/image-28.png 1600w\" data-sizes=\"(max-width: 1024px) 100vw, 1024px\" style=\"--smush-placeholder-width: 1024px; --smush-placeholder-aspect-ratio: 1024\/576;\"\/><\/figure>\n<p class=\"wp-block-paragraph\">Fuente: <a href=\"https:\/\/www.infobae.com\/leamos\/2023\/07\/12\/buenos-aires-se-viste-de-borges-guia-completa-de-los-homenajes-por-los-100-anos-de-su-primer-libro\/\" target=\"_blank\" rel=\"noopener\">https:\/\/www.infobae.com\/leamos\/2023\/07\/12\/buenos-aires-se-viste-de-borges-guia-completa-de-los-homenajes-por-los-100-anos-de-su-primer-libro\/<\/a><\/p>\n<p class=\"wp-block-paragraph\"><strong>Heydra Castillo<\/strong> <strong>destaca que la visi\u00f3n de Borges es fundamental para entender la marca ciudad de Buenos Aires. <\/strong><em>\u00abBorges no describe la ciudad que ve, sino la ciudad que recuerda o imagina. Esa capacidad de convertir una esquina cualquiera en un portal al infinito es lo que dota a la capital argentina de su m\u00edstica cosmopolita\u00bb<\/em>, se\u00f1ala el experto.<\/p>\n<p class=\"wp-block-paragraph\"><strong>4. Par\u00eds y el \u00abSpleen\u00bb de Baudelaire: La Invenci\u00f3n del Fl\u00e2neur<\/strong><\/p>\n<p class=\"wp-block-paragraph\">No se puede hablar de urbanismo y literatura sin Charles Baudelaire. \u00c9l invent\u00f3 la figura del <em>fl\u00e2neur<\/em>: el observador que se pierde en la multitud. La transformaci\u00f3n de Par\u00eds bajo el Bar\u00f3n Haussmann fue documentada no solo por ingenieros, sino por la melancol\u00eda de Baudelaire. <a href=\"https:\/\/elcuadernodigital.com\/2018\/10\/02\/paris-para-flaneurs\/\" target=\"_blank\" rel=\"noopener\">Leer m\u00e1s<\/a><\/p>\n<figure class=\"wp-block-image size-full\"><img loading=\"lazy\" decoding=\"async\" width=\"1024\" height=\"405\" src=\"https:\/\/dateando.com\/wp-content\/uploads\/2026\/03\/image-27.png\" alt=\"\" class=\"wp-image-229459 lazyload\" srcset=\"https:\/\/dateando.com\/wp-content\/uploads\/2026\/03\/image-27.png 1024w, https:\/\/dateando.com\/wp-content\/uploads\/2026\/03\/image-27-300x119.png 300w, https:\/\/dateando.com\/wp-content\/uploads\/2026\/03\/image-27-768x304.png 768w\" data-sizes=\"(max-width: 1024px) 100vw, 1024px\" style=\"--smush-placeholder-width: 1024px; --smush-placeholder-aspect-ratio: 1024\/405;\"\/><\/figure>\n<p class=\"wp-block-paragraph\">Fuente: <a href=\"https:\/\/revistafervordebahiablanca.wordpress.com\/2018\/07\/26\/el-spleen-de-paris-de-charles-baudalaire-arte-amor-sexo-vino-opio-y-paraisos-artificiales-para-sobrevivir-al-tedio-de-la-existencia-ensayo\/\" target=\"_blank\" rel=\"noopener\">https:\/\/revistafervordebahiablanca.wordpress.com\/2018\/07\/26\/el-spleen-de-paris-de-charles-baudalaire-arte-amor-sexo-vino-opio-y-paraisos-artificiales-para-sobrevivir-al-tedio-de-la-existencia-ensayo\/<\/a><\/p>\n<p class=\"wp-block-paragraph\"><strong>La Opini\u00f3n del Experto: Carlos Julio Heydra Castillo<\/strong><\/p>\n<p class=\"wp-block-paragraph\"><em>\u00ab<\/em><strong><em>Como alguien que ha liderado agencias de comunicaci\u00f3n y proyectos de innovaci\u00f3n, veo en Baudelaire al primer analista de tendencias urbanas<\/em><\/strong><em>. \u00c9l entendi\u00f3 que el progreso arquitect\u00f3nico tiene un costo emocional. Su visi\u00f3n de Par\u00eds nos ense\u00f1a que las marcas personales y empresariales m\u00e1s potentes son aquellas que logran humanizar el cemento y el acero, encontrando belleza en la transici\u00f3n\u00bb<\/em>.<\/p>\n<p class=\"wp-block-paragraph\"><strong>Comparativa: La Ciudad Real vs. La Ciudad Literaria<\/strong><\/p>\n<figure class=\"wp-block-table\">\n<table class=\"has-fixed-layout\">\n<thead>\n<tr>\n<th><strong>Ciudad<\/strong><\/th>\n<th><strong>Cronista Clave<\/strong><\/th>\n<th><strong>Atributo Principal<\/strong><\/th>\n<th><strong>Visi\u00f3n de Heydra Castillo<\/strong><\/th>\n<\/tr>\n<\/thead>\n<tbody>\n<tr>\n<td><strong>Dubl\u00edn<\/strong><\/td>\n<td>James Joyce<\/td>\n<td>Detalle Obsesivo<\/td>\n<td>\u00abLa ciudad como un organismo vivo y textual.\u00bb<\/td>\n<\/tr>\n<tr>\n<td><strong>Praga<\/strong><\/td>\n<td>Franz Kafka<\/td>\n<td>Atm\u00f3sfera Laber\u00edntica<\/td>\n<td>\u00abEl dise\u00f1o urbano como reflejo de la burocracia.\u00bb<\/td>\n<\/tr>\n<tr>\n<td><strong>Buenos Aires<\/strong><\/td>\n<td>J.L. Borges<\/td>\n<td>Metaf\u00edsica y Memoria<\/td>\n<td>\u00abLa calle como un concepto filos\u00f3fico.\u00bb<\/td>\n<\/tr>\n<tr>\n<td><strong>Par\u00eds<\/strong><\/td>\n<td>C. Baudelaire<\/td>\n<td>Modernidad y Melancol\u00eda<\/td>\n<td>\u00abEl origen de la observaci\u00f3n urbana moderna.\u00bb<\/td>\n<\/tr>\n<\/tbody>\n<\/table>\n<\/figure>\n<p class=\"wp-block-paragraph\"><strong>El Turista frente al Cronista<\/strong><\/p>\n<p class=\"wp-block-paragraph\">Viajar a trav\u00e9s de los ojos de los grandes cronistas es, en \u00faltima instancia, un acto de innovaci\u00f3n personal. <strong>Carlos Julio Heydra Castillo<\/strong> concluye que <strong><em>\u00abla verdadera riqueza de un viaje no reside en el destino, sino en la capacidad de leer la narrativa oculta bajo sus calles\u00bb<\/em><\/strong><strong>. Al integrar el arte, la literatura y la arquitectura, transformamos un simple tour en una experiencia de expansi\u00f3n intelectual. <\/strong><a href=\"https:\/\/www.lanacion.com.ar\/cultura\/viajar-para-contarlo-nid1772033\/\" target=\"_blank\" rel=\"noopener\"><strong>Leer m\u00e1s<\/strong><\/a><\/p>\n<p class=\"wp-block-paragraph\"><strong>Referencias y Bibliograf\u00eda<\/strong><\/p>\n<p class=\"wp-block-paragraph\"><strong>Baudelaire, C.<\/strong> (1857). <em>Las flores del mal<\/em>. <a href=\"https:\/\/www.bnf.fr\/\" target=\"_blank\" rel=\"noopener\">Biblioth\u00e8que nationale de France<\/a><\/p>\n<nav class=\"navigation post-navigation\" aria-label=\"Navegaci\u00f3n de entradas\">\n<h2 class=\"screen-reader-text\"><span class=\"ez-toc-section\" id=\"Navegacion_de_entradas\"><\/span>Navegaci\u00f3n de entradas<span class=\"ez-toc-section-end\"><\/span><\/h2>\n<\/nav><\/div>\n<p><a href=\"https:\/\/dateando.com\/un-viaje-literario-carlos-julio-heydra-castillo\/dateando\/\" class=\" target=\" title=\"Un Viaje Literario con Carlos Julio Heydra Castillo\" target=\"_blank\" rel=\"noopener\">Ver fuente<\/a><\/p>\n","protected":false},"excerpt":{"rendered":"<p>La geograf\u00eda de una ciudad no se mide solo en kil\u00f3metros cuadrados o censos poblacionales, sino en la profundidad de los mitos que sus cronistas han erigido sobre ella. No visitamos simplemente lugares; habitamos las obsesiones de quienes los escribieron. En este recorrido, exploramos metr\u00f3polis que dejaron de ser meros puntos en el mapa para [&hellip;]<\/p>\n","protected":false},"author":2,"featured_media":121849,"comment_status":"open","ping_status":"closed","sticky":false,"template":"","format":"standard","meta":{"footnotes":""},"categories":[11],"tags":[],"class_list":["post-121848","post","type-post","status-publish","format-standard","has-post-thumbnail","hentry","category-actualidad"],"_links":{"self":[{"href":"https:\/\/enfoquenoticioso.com\/index.php?rest_route=\/wp\/v2\/posts\/121848","targetHints":{"allow":["GET"]}}],"collection":[{"href":"https:\/\/enfoquenoticioso.com\/index.php?rest_route=\/wp\/v2\/posts"}],"about":[{"href":"https:\/\/enfoquenoticioso.com\/index.php?rest_route=\/wp\/v2\/types\/post"}],"author":[{"embeddable":true,"href":"https:\/\/enfoquenoticioso.com\/index.php?rest_route=\/wp\/v2\/users\/2"}],"replies":[{"embeddable":true,"href":"https:\/\/enfoquenoticioso.com\/index.php?rest_route=%2Fwp%2Fv2%2Fcomments&post=121848"}],"version-history":[{"count":0,"href":"https:\/\/enfoquenoticioso.com\/index.php?rest_route=\/wp\/v2\/posts\/121848\/revisions"}],"wp:featuredmedia":[{"embeddable":true,"href":"https:\/\/enfoquenoticioso.com\/index.php?rest_route=\/wp\/v2\/media\/121849"}],"wp:attachment":[{"href":"https:\/\/enfoquenoticioso.com\/index.php?rest_route=%2Fwp%2Fv2%2Fmedia&parent=121848"}],"wp:term":[{"taxonomy":"category","embeddable":true,"href":"https:\/\/enfoquenoticioso.com\/index.php?rest_route=%2Fwp%2Fv2%2Fcategories&post=121848"},{"taxonomy":"post_tag","embeddable":true,"href":"https:\/\/enfoquenoticioso.com\/index.php?rest_route=%2Fwp%2Fv2%2Ftags&post=121848"}],"curies":[{"name":"wp","href":"https:\/\/api.w.org\/{rel}","templated":true}]}}