{"id":121878,"date":"2026-03-09T08:37:31","date_gmt":"2026-03-09T08:37:31","guid":{"rendered":"https:\/\/enfoquenoticioso.com\/?p=121878"},"modified":"2026-03-09T08:37:31","modified_gmt":"2026-03-09T08:37:31","slug":"antonio-chambra-brouri-fundacion-traki-conmemora-mes-de-la-mujer-tejiendo-red-de-impacto-con-17-lideres-sociales","status":"publish","type":"post","link":"https:\/\/enfoquenoticioso.com\/?p=121878","title":{"rendered":"Antonio Chambra Brouri | Fundaci\u00f3n Traki conmemora Mes de la Mujer tejiendo red de impacto con 17 l\u00edderes sociales"},"content":{"rendered":"<div xmlns:default=\"http:\/\/www.w3.org\/2000\/svg\" xmlns:default1=\"https:\/\/www.w3.org\/2000\/svg\">\n<p class=\"wp-block-paragraph\"><strong><em>DAT.-<\/em><\/strong> La transformaci\u00f3n social en Venezuela encuentra un motor fundamental en la colaboraci\u00f3n y el compromiso femenino. Bajo la premisa de que la verdadera evoluci\u00f3n no es un esfuerzo individual sino un tejido colectivo de voluntades, <a href=\"https:\/\/www.instagram.com\/trakifundacion\/\" data-type=\"link\" data-id=\"https:\/\/www.instagram.com\/trakifundacion\/\" target=\"_blank\" rel=\"noopener\">Fundaci\u00f3n Traki<\/a> entra de lleno al mes de la mujer destacando la labor de 17 lideresas que encabezan proyectos de alto impacto en el pa\u00eds. Estas figuras, cuyas historias de vida est\u00e1n marcadas por la dedicaci\u00f3n, representan el n\u00facleo de una red que busca redefinir la ayuda humanitaria y el desarrollo comunitario a trav\u00e9s de la solidaridad organizada.<\/p>\n<p class=\"wp-block-paragraph\">El reconocimiento a estas l\u00edderes surge de la convicci\u00f3n de Antonio Chambra Brouri, presidente del Grupo Traki, as\u00ed como de todo su equipo en la empresa, de que cada iniciativa impulsada cuenta con un respaldo humano inquebrantable. Estas mujeres no solo gestionan proyectos, sino que construyen puentes que permiten que lo extraordinario suceda en entornos desafiantes. Al darles un lugar central, la instituci\u00f3n busca visibilizar c\u00f3mo la resiliencia del ser humano y la creencia en las segundas oportunidades pueden marcar una diferencia tangible en la calidad de vida de los sectores m\u00e1s vulnerables.<\/p>\n<div id=\"ez-toc-container\" class=\"ez-toc-v2_0_81 counter-hierarchy ez-toc-counter ez-toc-grey ez-toc-container-direction\">\n<div class=\"ez-toc-title-container\">\n<p class=\"ez-toc-title\" style=\"cursor:inherit\">Tabla de Contenido<\/p>\n<span class=\"ez-toc-title-toggle\"><a href=\"#\" class=\"ez-toc-pull-right ez-toc-btn ez-toc-btn-xs ez-toc-btn-default ez-toc-toggle\" aria-label=\"Alternar tabla de contenidos\"><span class=\"ez-toc-js-icon-con\"><span class=\"\"><span class=\"eztoc-hide\" style=\"display:none;\">Toggle<\/span><span class=\"ez-toc-icon-toggle-span\"><svg style=\"fill: #999;color:#999\" xmlns=\"http:\/\/www.w3.org\/2000\/svg\" class=\"list-377408\" width=\"20px\" height=\"20px\" viewBox=\"0 0 24 24\" fill=\"none\"><path d=\"M6 6H4v2h2V6zm14 0H8v2h12V6zM4 11h2v2H4v-2zm16 0H8v2h12v-2zM4 16h2v2H4v-2zm16 0H8v2h12v-2z\" fill=\"currentColor\"><\/path><\/svg><svg style=\"fill: #999;color:#999\" class=\"arrow-unsorted-368013\" xmlns=\"http:\/\/www.w3.org\/2000\/svg\" width=\"10px\" height=\"10px\" viewBox=\"0 0 24 24\" version=\"1.2\" baseProfile=\"tiny\"><path d=\"M18.2 9.3l-6.2-6.3-6.2 6.3c-.2.2-.3.4-.3.7s.1.5.3.7c.2.2.4.3.7.3h11c.3 0 .5-.1.7-.3.2-.2.3-.5.3-.7s-.1-.5-.3-.7zM5.8 14.7l6.2 6.3 6.2-6.3c.2-.2.3-.5.3-.7s-.1-.5-.3-.7c-.2-.2-.4-.3-.7-.3h-11c-.3 0-.5.1-.7.3-.2.2-.3.5-.3.7s.1.5.3.7z\"\/><\/svg><\/span><\/span><\/span><\/a><\/span><\/div>\n<nav><ul class='ez-toc-list ez-toc-list-level-1 ' ><li class='ez-toc-page-1 ez-toc-heading-level-2'><a class=\"ez-toc-link ez-toc-heading-1\" href=\"https:\/\/enfoquenoticioso.com\/?p=121878\/#Una_vision_compartida_de_bienestar_colectivo\" >Una visi\u00f3n compartida de bienestar colectivo<\/a><ul class='ez-toc-list-level-4' ><li class='ez-toc-heading-level-4'><ul class='ez-toc-list-level-4' ><li class='ez-toc-heading-level-4'><a class=\"ez-toc-link ez-toc-heading-2\" href=\"https:\/\/enfoquenoticioso.com\/?p=121878\/#LEA_TAMBIEN_Antonio_Chambra_Brouri_Fundacion_Traki_con_%E2%80%98Un_Gesto_Solidario_impulsa_nuevas_alianzas_educativas_para_2026\" >LEA TAMBI\u00c9N | Antonio Chambra Brouri | Fundaci\u00f3n Traki, con \u2018Un Gesto Solidario\u2019, impulsa nuevas alianzas educativas para 2026<\/a><\/li><\/ul><\/li><\/ul><\/li><li class='ez-toc-page-1 ez-toc-heading-level-2'><a class=\"ez-toc-link ez-toc-heading-3\" href=\"https:\/\/enfoquenoticioso.com\/?p=121878\/#El_poder_de_la_accion_individual_y_colectiva\" >El poder de la acci\u00f3n individual y colectiva<\/a><\/li><li class='ez-toc-page-1 ez-toc-heading-level-2'><a class=\"ez-toc-link ez-toc-heading-4\" href=\"https:\/\/enfoquenoticioso.com\/?p=121878\/#Navegacion_de_entradas\" >Navegaci\u00f3n de entradas<\/a><\/li><\/ul><\/nav><\/div>\n<h2 class=\"wp-block-heading\"><span class=\"ez-toc-section\" id=\"Una_vision_compartida_de_bienestar_colectivo\"><\/span><span class=\"ez-toc-section\" id=\"Una_vision_compartida_de_bienestar_colectivo\"\/>Una visi\u00f3n compartida de bienestar colectivo<span class=\"ez-toc-section-end\"\/><span class=\"ez-toc-section-end\"><\/span><\/h2>\n<p class=\"wp-block-paragraph\">El trabajo en red se fundamenta en la capacidad de encontrar puntos de encuentro y reconexi\u00f3n entre diferentes actores sociales. En este sentido, la labor diaria de estas l\u00edderes demuestra que el \u00e9xito de los programas de responsabilidad social depende directamente de entender que el bienestar no es un objetivo individual, sino una meta compartida. Ayudarse mutuamente y transformar vidas requiere una visi\u00f3n donde el esfuerzo de uno se convierte en el triunfo de todos, potenciando as\u00ed el alcance de cada donaci\u00f3n o programa ejecutado.<\/p>\n<h4 class=\"wp-block-heading\"><span class=\"ez-toc-section\" id=\"LEA_TAMBIEN_Antonio_Chambra_Brouri_Fundacion_Traki_con_%E2%80%98Un_Gesto_Solidario_impulsa_nuevas_alianzas_educativas_para_2026\"><\/span><span class=\"ez-toc-section\" id=\"LEA_TAMBIEN_Antonio_Chambra_Brouri_Fundacion_Traki_con_%E2%80%98Un_Gesto_Solidario_impulsa_nuevas_alianzas_educativas_para_2026\"\/>LEA TAMBI\u00c9N | <a href=\"https:\/\/dateando.com\/antonio-chambra-brouri-fundacion-traki-con-un-gesto-solidario-impulsa-nuevas-alianzas-educativas-para-2026\/reportero-dateando\/\" target=\"_blank\" rel=\"noopener\">Antonio Chambra Brouri | Fundaci\u00f3n Traki, con \u2018Un Gesto Solidario\u2019, impulsa nuevas alianzas educativas para 2026<\/a><span class=\"ez-toc-section-end\"\/><span class=\"ez-toc-section-end\"><\/span><\/h4>\n<p class=\"wp-block-paragraph\">La solidaridad caracter\u00edstica del venezolano juega un papel crucial en este ecosistema de apoyo. Incluso entre distintas fundaciones, prevalece la disposici\u00f3n de dar la mano al otro, creando un entorno donde la competencia cede el paso a la cooperaci\u00f3n. Esta din\u00e1mica permite que, al ayudar, aunque sea a una sola persona con lo m\u00e1s m\u00ednimo, se genere una recompensa espiritual que impulsa a seguir adelante. Cada paso dado por estas mujeres suma y crea nuevas oportunidades para quienes m\u00e1s lo necesitan, alimentando la esperanza de un futuro m\u00e1s pr\u00f3spero.<\/p>\n<figure class=\"wp-block-image aligncenter size-full\"><img loading=\"lazy\" decoding=\"async\" width=\"800\" height=\"410\" src=\"https:\/\/dateando.com\/wp-content\/uploads\/2026\/03\/Dateando-Antonio-Chambra-Brouri-Fundacion-Traki-conmemora-Mes-de-la-Mujer-tejiendo-red-de-impacto-con-17-lideres-sociales-IMG.jpg\" alt=\"\" class=\"wp-image-229621 lazyload\" srcset=\"https:\/\/dateando.com\/wp-content\/uploads\/2026\/03\/Dateando-Antonio-Chambra-Brouri-Fundacion-Traki-conmemora-Mes-de-la-Mujer-tejiendo-red-de-impacto-con-17-lideres-sociales-IMG.jpg 800w, https:\/\/dateando.com\/wp-content\/uploads\/2026\/03\/Dateando-Antonio-Chambra-Brouri-Fundacion-Traki-conmemora-Mes-de-la-Mujer-tejiendo-red-de-impacto-con-17-lideres-sociales-IMG-300x154.jpg 300w, https:\/\/dateando.com\/wp-content\/uploads\/2026\/03\/Dateando-Antonio-Chambra-Brouri-Fundacion-Traki-conmemora-Mes-de-la-Mujer-tejiendo-red-de-impacto-con-17-lideres-sociales-IMG-768x394.jpg 768w\" data-sizes=\"(max-width: 800px) 100vw, 800px\" style=\"--smush-placeholder-width: 800px; --smush-placeholder-aspect-ratio: 800\/410;\"\/><\/figure>\n<h2 class=\"wp-block-heading\"><span class=\"ez-toc-section\" id=\"El_poder_de_la_accion_individual_y_colectiva\"><\/span><span class=\"ez-toc-section\" id=\"El_poder_de_la_accion_individual_y_colectiva\"\/>El poder de la acci\u00f3n individual y colectiva<span class=\"ez-toc-section-end\"\/><span class=\"ez-toc-section-end\"><\/span><\/h2>\n<p class=\"wp-block-paragraph\">Para la direcci\u00f3n de la Fundaci\u00f3n Traki, el impacto de estas 17 l\u00edderes es el testimonio vivo de que la responsabilidad y el compromiso son las herramientas m\u00e1s eficaces para construir un pa\u00eds con mayores niveles de felicidad. No se trata \u00fanicamente de grandes infraestructuras, sino de la constancia de quienes creen firmemente en que cada acci\u00f3n positiva, por peque\u00f1a que parezca, contribuye a la construcci\u00f3n de una naci\u00f3n mejor fundamentada en valores \u00e9ticos y sociales.<\/p>\n<p class=\"wp-block-paragraph\">Alexandra Butler de Chambra, directora ejecutiva de Fundaci\u00f3n Traki, enfatiza la importancia de la participaci\u00f3n activa de cada ciudadano en el engranaje social. \u201cTodos desde nuestro espacio, por m\u00e1s peque\u00f1o que sea, tenemos algo para dar y tenemos algo que aportar\u201d, afirma la directiva en el sentido video compartido en redes por la instituci\u00f3n, subrayando que la capacidad de contribuci\u00f3n es intr\u00ednseca a cada individuo, independientemente de su posici\u00f3n o recursos. Esta visi\u00f3n invita a la sociedad civil a reconocer su propio potencial como agente de cambio dentro de su entorno inmediato.<\/p>\n<p class=\"wp-block-paragraph\">Esta red de mujeres l\u00edderes contin\u00faa creciendo y fortaleci\u00e9ndose, inspirando a nuevas emprendedoras y activistas a sumarse a la causa. La conmemoraci\u00f3n de su impacto por parte del Grupo Empresarial Traki, encabezado por Antonio Chambra Brouri, no es solo un homenaje a sus trayectorias, sino un llamado a seguir tejiendo alianzas que sostengan el avance social. A trav\u00e9s de la risa, la fuerza y la resiliencia, estas protagonistas demuestran que la uni\u00f3n de voluntades es la fuerza m\u00e1s poderosa para generar transformaciones profundas y duraderas en la sociedad venezolana actual.<\/p>\n<blockquote class=\"instagram-media\" data-instgrm-permalink=\"https:\/\/www.instagram.com\/reel\/DVoEIVJDk1S\/?utm_source=ig_embed&amp;utm_campaign=loading\" data-instgrm-version=\"14\" style=\" background:#FFF; border:0; border-radius:3px; box-shadow:0 0 1px 0 rgba(0,0,0,0.5),0 1px 10px 0 rgba(0,0,0,0.15); margin: 1px; max-width:540px; min-width:326px; padding:0; width:99.375%; width:-webkit-calc(100% - 2px); width:calc(100% - 2px);\"\/>\n<p class=\"wp-block-paragraph\"><strong><em>(Con informaci\u00f3n de Antonio Chambra Brouri \/ Fundaci\u00f3n Traki)<\/em><\/strong><\/p>\n<nav class=\"navigation post-navigation\" aria-label=\"Navegaci\u00f3n de entradas\">\n<h2 class=\"screen-reader-text\"><span class=\"ez-toc-section\" id=\"Navegacion_de_entradas\"><\/span>Navegaci\u00f3n de entradas<span class=\"ez-toc-section-end\"><\/span><\/h2>\n<\/nav><\/div>\n<p><script async src=\"\/\/www.instagram.com\/embed.js\"><\/script><br \/>\n<br \/><a href=\"https:\/\/dateando.com\/antonio-chambra-brouri-fundacion-traki-mes-de-la-mujer-red-17-lideresas\/reportero-dateando\/\" class=\" target=\" title=\"Antonio Chambra Brouri | Fundaci\u00f3n Traki conmemora Mes de la Mujer tejiendo red de impacto con 17 l\u00edderes sociales\" target=\"_blank\" rel=\"noopener\">Ver fuente<\/a><\/p>\n","protected":false},"excerpt":{"rendered":"<p>DAT.- La transformaci\u00f3n social en Venezuela encuentra un motor fundamental en la colaboraci\u00f3n y el compromiso femenino. Bajo la premisa de que la verdadera evoluci\u00f3n no es un esfuerzo individual sino un tejido colectivo de voluntades, Fundaci\u00f3n Traki entra de lleno al mes de la mujer destacando la labor de 17 lideresas que encabezan proyectos [&hellip;]<\/p>\n","protected":false},"author":2,"featured_media":121879,"comment_status":"open","ping_status":"closed","sticky":false,"template":"","format":"standard","meta":{"footnotes":""},"categories":[11],"tags":[],"class_list":["post-121878","post","type-post","status-publish","format-standard","has-post-thumbnail","hentry","category-actualidad"],"_links":{"self":[{"href":"https:\/\/enfoquenoticioso.com\/index.php?rest_route=\/wp\/v2\/posts\/121878","targetHints":{"allow":["GET"]}}],"collection":[{"href":"https:\/\/enfoquenoticioso.com\/index.php?rest_route=\/wp\/v2\/posts"}],"about":[{"href":"https:\/\/enfoquenoticioso.com\/index.php?rest_route=\/wp\/v2\/types\/post"}],"author":[{"embeddable":true,"href":"https:\/\/enfoquenoticioso.com\/index.php?rest_route=\/wp\/v2\/users\/2"}],"replies":[{"embeddable":true,"href":"https:\/\/enfoquenoticioso.com\/index.php?rest_route=%2Fwp%2Fv2%2Fcomments&post=121878"}],"version-history":[{"count":0,"href":"https:\/\/enfoquenoticioso.com\/index.php?rest_route=\/wp\/v2\/posts\/121878\/revisions"}],"wp:featuredmedia":[{"embeddable":true,"href":"https:\/\/enfoquenoticioso.com\/index.php?rest_route=\/wp\/v2\/media\/121879"}],"wp:attachment":[{"href":"https:\/\/enfoquenoticioso.com\/index.php?rest_route=%2Fwp%2Fv2%2Fmedia&parent=121878"}],"wp:term":[{"taxonomy":"category","embeddable":true,"href":"https:\/\/enfoquenoticioso.com\/index.php?rest_route=%2Fwp%2Fv2%2Fcategories&post=121878"},{"taxonomy":"post_tag","embeddable":true,"href":"https:\/\/enfoquenoticioso.com\/index.php?rest_route=%2Fwp%2Fv2%2Ftags&post=121878"}],"curies":[{"name":"wp","href":"https:\/\/api.w.org\/{rel}","templated":true}]}}