{"id":121880,"date":"2026-03-09T09:08:02","date_gmt":"2026-03-09T09:08:02","guid":{"rendered":"https:\/\/enfoquenoticioso.com\/?p=121880"},"modified":"2026-03-09T09:08:02","modified_gmt":"2026-03-09T09:08:02","slug":"la-palabra-como-escudo-y-destino","status":"publish","type":"post","link":"https:\/\/enfoquenoticioso.com\/?p=121880","title":{"rendered":"\u00a1La palabra como escudo y destino!"},"content":{"rendered":"<div xmlns:default=\"http:\/\/www.w3.org\/2000\/svg\">\n<p class=\"wp-block-paragraph\"><strong><em>DAT.-<\/em><\/strong> La trayectoria literaria de Tarek William Saab se consolida como uno de los ejercicios de coherencia m\u00e1s notables en la escena cultural venezolana contempor\u00e1nea. M\u00e1s all\u00e1 de sus responsabilidades p\u00fablicas, su faceta como escritor revela a un creador que ha sabido preservar la sensibilidad frente a las complejidades del entorno, transformando la vivencia cotidiana en un testimonio art\u00edstico de largo alance. El reciente <a href=\"https:\/\/ultimasnoticias.com.ve\/cultura\/tarek-william-saab-y-su-perenne-legado\/\" data-type=\"link\" data-id=\"https:\/\/ultimasnoticias.com.ve\/cultura\/tarek-william-saab-y-su-perenne-legado\/\" target=\"_blank\" rel=\"noopener\">an\u00e1lisis del ensayista C\u00e9sar Burguera<\/a> pone bajo la lupa esta producci\u00f3n, rescatando la esencia de un autor que entiende la poes\u00eda no como un refugio de cristal, sino como una herramienta de transformaci\u00f3n y resistencia social.<\/p>\n<p class=\"wp-block-paragraph\">Esta mirada cr\u00edtica propone un recorrido por una est\u00e9tica que nace en la vibrante \u2018poes\u00eda de calle\u2019 de las d\u00e9cadas finales del siglo XX. Burguera sostiene que la escritura de Saab es inseparable de su biograf\u00eda, configurando un corpus literario donde la palabra act\u00faa como una extensi\u00f3n de su compromiso con los derechos humanos y la dignidad. Para el analista, no existe una frontera divisoria entre el hombre que acciona y el hombre que escribe; por el contrario, ambos se nutren en un di\u00e1logo constante que otorga a sus versos una autenticidad dif\u00edcil de hallar en las corrientes puramente acad\u00e9micas o distantes de la realidad popular.<\/p>\n<div id=\"ez-toc-container\" class=\"ez-toc-v2_0_81 counter-hierarchy ez-toc-counter ez-toc-grey ez-toc-container-direction\">\n<div class=\"ez-toc-title-container\">\n<p class=\"ez-toc-title\" style=\"cursor:inherit\">Tabla de Contenido<\/p>\n<span class=\"ez-toc-title-toggle\"><a href=\"#\" class=\"ez-toc-pull-right ez-toc-btn ez-toc-btn-xs ez-toc-btn-default ez-toc-toggle\" aria-label=\"Alternar tabla de contenidos\"><span class=\"ez-toc-js-icon-con\"><span class=\"\"><span class=\"eztoc-hide\" style=\"display:none;\">Toggle<\/span><span class=\"ez-toc-icon-toggle-span\"><svg style=\"fill: #999;color:#999\" xmlns=\"http:\/\/www.w3.org\/2000\/svg\" class=\"list-377408\" width=\"20px\" height=\"20px\" viewBox=\"0 0 24 24\" fill=\"none\"><path d=\"M6 6H4v2h2V6zm14 0H8v2h12V6zM4 11h2v2H4v-2zm16 0H8v2h12v-2zM4 16h2v2H4v-2zm16 0H8v2h12v-2z\" fill=\"currentColor\"><\/path><\/svg><svg style=\"fill: #999;color:#999\" class=\"arrow-unsorted-368013\" xmlns=\"http:\/\/www.w3.org\/2000\/svg\" width=\"10px\" height=\"10px\" viewBox=\"0 0 24 24\" version=\"1.2\" baseProfile=\"tiny\"><path d=\"M18.2 9.3l-6.2-6.3-6.2 6.3c-.2.2-.3.4-.3.7s.1.5.3.7c.2.2.4.3.7.3h11c.3 0 .5-.1.7-.3.2-.2.3-.5.3-.7s-.1-.5-.3-.7zM5.8 14.7l6.2 6.3 6.2-6.3c.2-.2.3-.5.3-.7s-.1-.5-.3-.7c-.2-.2-.4-.3-.7-.3h-11c-.3 0-.5.1-.7.3-.2.2-.3.5-.3.7s.1.5.3.7z\"\/><\/svg><\/span><\/span><\/span><\/a><\/span><\/div>\n<nav><ul class='ez-toc-list ez-toc-list-level-1 ' ><li class='ez-toc-page-1 ez-toc-heading-level-2'><a class=\"ez-toc-link ez-toc-heading-1\" href=\"https:\/\/enfoquenoticioso.com\/?p=121880\/#El_misticismo_de_la_tierra_y_la_voz_de_los_olvidados\" >El misticismo de la tierra y la voz de los olvidados<\/a><\/li><li class='ez-toc-page-1 ez-toc-heading-level-2'><a class=\"ez-toc-link ez-toc-heading-2\" href=\"https:\/\/enfoquenoticioso.com\/?p=121880\/#Una_sintesis_estetica_entre_el_rigor_y_la_vanguardia\" >Una s\u00edntesis est\u00e9tica entre el rigor y la vanguardia<\/a><ul class='ez-toc-list-level-4' ><li class='ez-toc-heading-level-4'><ul class='ez-toc-list-level-4' ><li class='ez-toc-heading-level-4'><a class=\"ez-toc-link ez-toc-heading-3\" href=\"https:\/\/enfoquenoticioso.com\/?p=121880\/#LEA_TAMBIEN_Tarek_William_Saab_y_la_herencia_de_la_poesia_comprometida\" >LEA TAMBI\u00c9N | Tarek William Saab y la herencia de la poes\u00eda comprometida<\/a><\/li><\/ul><\/li><\/ul><\/li><li class='ez-toc-page-1 ez-toc-heading-level-2'><a class=\"ez-toc-link ez-toc-heading-4\" href=\"https:\/\/enfoquenoticioso.com\/?p=121880\/#Navegacion_de_entradas\" >Navegaci\u00f3n de entradas<\/a><\/li><\/ul><\/nav><\/div>\n<h2 class=\"wp-block-heading\"><span class=\"ez-toc-section\" id=\"El_misticismo_de_la_tierra_y_la_voz_de_los_olvidados\"><\/span><span class=\"ez-toc-section\" id=\"El_misticismo_de_la_tierra_y_la_voz_de_los_olvidados\"\/>El misticismo de la tierra y la voz de los olvidados<span class=\"ez-toc-section-end\"\/><span class=\"ez-toc-section-end\"><\/span><\/h2>\n<p class=\"wp-block-paragraph\">Uno de los pilares fundamentales que resalta el ensayo es la conexi\u00f3n tel\u00farica presente en poemarios emblem\u00e1ticos como \u2018Los Ni\u00f1os del Infortunio\u2019 o \u2018El Grito de la Noche\u2019. Saab logra establecer un v\u00ednculo m\u00edstico con su geograf\u00eda natal, convirtiendo al Oriente venezolano y a la ciudad de El Tigre en personajes vivos que respiran a trav\u00e9s de sus estrofas. Burguera observa que esta relaci\u00f3n con el paisaje no es meramente descriptiva, sino purificadora. La tierra aparece como el origen y el destino, un elemento que permite al lector conectar con una identidad nacional profunda y, al mismo tiempo, universal en sus planteamientos sobre la existencia y el retorno a las ra\u00edces.<\/p>\n<p class=\"wp-block-paragraph\">En este escenario, la poes\u00eda de Saab funciona como un archivo emocional que rescata las historias de aquellos que suelen ser invisibilizados por la gran narrativa hist\u00f3rica. El an\u00e1lisis subraya c\u00f3mo el autor transmuta el sufrimiento ajeno en una belleza literaria cargada de esperanza, logrando que el dolor se convierta en una denuncia elegante pero firme. Esta capacidad de capturar el \u201cesp\u00edritu de la \u00e9poca\u201d permite que su obra mantenga una atemporalidad necesaria, posicion\u00e1ndose como una referencia para las nuevas generaciones de poetas que buscan en la l\u00edrica un sentido de justicia y memoria colectiva.<\/p>\n<h2 class=\"wp-block-heading\"><span class=\"ez-toc-section\" id=\"Una_sintesis_estetica_entre_el_rigor_y_la_vanguardia\"><\/span><span class=\"ez-toc-section\" id=\"Una_sintesis_estetica_entre_el_rigor_y_la_vanguardia\"\/>Una s\u00edntesis est\u00e9tica entre el rigor y la vanguardia<span class=\"ez-toc-section-end\"\/><span class=\"ez-toc-section-end\"><\/span><\/h2>\n<figure class=\"wp-block-image alignleft size-full\"><img loading=\"lazy\" decoding=\"async\" width=\"450\" height=\"450\" src=\"https:\/\/dateando.com\/wp-content\/uploads\/2026\/03\/Dateando-Tarek-William-Saab-\u00a1La-palabra-como-escudo-y-destino-IMG.jpg\" alt=\"\" class=\"wp-image-229630 lazyload\" srcset=\"https:\/\/dateando.com\/wp-content\/uploads\/2026\/03\/Dateando-Tarek-William-Saab-\u00a1La-palabra-como-escudo-y-destino-IMG.jpg 450w, https:\/\/dateando.com\/wp-content\/uploads\/2026\/03\/Dateando-Tarek-William-Saab-\u00a1La-palabra-como-escudo-y-destino-IMG-300x300.jpg 300w, https:\/\/dateando.com\/wp-content\/uploads\/2026\/03\/Dateando-Tarek-William-Saab-\u00a1La-palabra-como-escudo-y-destino-IMG-150x150.jpg 150w\" data-sizes=\"(max-width: 450px) 100vw, 450px\" style=\"--smush-placeholder-width: 450px; --smush-placeholder-aspect-ratio: 450\/450;\"\/><\/figure>\n<p class=\"wp-block-paragraph\">La t\u00e9cnica de Tarek William Saab tambi\u00e9n recibe una atenci\u00f3n especial en el estudio de Burguera, quien elogia la notable econom\u00eda del lenguaje del autor. En un tiempo donde abunda la ornamentaci\u00f3n excesiva, Saab apuesta por la precisi\u00f3n y la palabra desnuda. Esta elecci\u00f3n consciente permite que el mensaje social y emocional llegue al lector sin intermediarios, golpeando con la fuerza de lo directo. Es una \u201cest\u00e9tica de la brevedad\u201d que no sacrifica la profundidad, sino que la potencia a trav\u00e9s de un ritmo cortante y una estructura t\u00e9cnica depurada que delata a\u00f1os de lectura y formaci\u00f3n constante.<\/p>\n<h4 class=\"wp-block-heading\"><span class=\"ez-toc-section\" id=\"LEA_TAMBIEN_Tarek_William_Saab_y_la_herencia_de_la_poesia_comprometida\"><\/span><span class=\"ez-toc-section\" id=\"LEA_TAMBIEN_Tarek_William_Saab_y_la_herencia_de_la_poesia_comprometida\"\/>LEA TAMBI\u00c9N | <a href=\"https:\/\/dateando.com\/tarek-william-saab-herencia-poesia-comprometida\/reportero-dateando\/\" target=\"_blank\" rel=\"noopener\">Tarek William Saab y la herencia de la poes\u00eda comprometida<\/a><span class=\"ez-toc-section-end\"\/><span class=\"ez-toc-section-end\"><\/span><\/h4>\n<p class=\"wp-block-paragraph\">Finalmente, el an\u00e1lisis destaca la capacidad del escritor para dialogar con influencias tan diversas como la Generaci\u00f3n Beat y los m\u00edsticos orientales, integr\u00e1ndolas en una voz genuinamente latinoamericana. Esta amalgama de corrientes otorga a su obra una dimensi\u00f3n cosmopolita que, sin embargo, nunca pierde su arraigo en las luchas populares. La obra de Saab representa as\u00ed una s\u00edntesis \u00e9tica y est\u00e9tica, demostrando que la belleza literaria puede, y debe, caminar de la mano con la verdad y la defensa de la vida.<\/p>\n<p class=\"wp-block-paragraph\"><strong><em>(Con informaci\u00f3n de Tarek William Saab)<\/em><\/strong><\/p>\n<nav class=\"navigation post-navigation\" aria-label=\"Navegaci\u00f3n de entradas\">\n<h2 class=\"screen-reader-text\"><span class=\"ez-toc-section\" id=\"Navegacion_de_entradas\"><\/span>Navegaci\u00f3n de entradas<span class=\"ez-toc-section-end\"><\/span><\/h2>\n<\/nav><\/div>\n<p><a href=\"https:\/\/dateando.com\/tarek-william-saab-la-palabra-como-escudo-y-destino\/reportero-dateando\/\" class=\" target=\" title=\"\u00a1La palabra como escudo y destino!\" target=\"_blank\" rel=\"noopener\">Ver fuente<\/a><\/p>\n","protected":false},"excerpt":{"rendered":"<p>DAT.- La trayectoria literaria de Tarek William Saab se consolida como uno de los ejercicios de coherencia m\u00e1s notables en la escena cultural venezolana contempor\u00e1nea. M\u00e1s all\u00e1 de sus responsabilidades p\u00fablicas, su faceta como escritor revela a un creador que ha sabido preservar la sensibilidad frente a las complejidades del entorno, transformando la vivencia cotidiana [&hellip;]<\/p>\n","protected":false},"author":2,"featured_media":121881,"comment_status":"open","ping_status":"closed","sticky":false,"template":"","format":"standard","meta":{"footnotes":""},"categories":[11],"tags":[],"class_list":["post-121880","post","type-post","status-publish","format-standard","has-post-thumbnail","hentry","category-actualidad"],"_links":{"self":[{"href":"https:\/\/enfoquenoticioso.com\/index.php?rest_route=\/wp\/v2\/posts\/121880","targetHints":{"allow":["GET"]}}],"collection":[{"href":"https:\/\/enfoquenoticioso.com\/index.php?rest_route=\/wp\/v2\/posts"}],"about":[{"href":"https:\/\/enfoquenoticioso.com\/index.php?rest_route=\/wp\/v2\/types\/post"}],"author":[{"embeddable":true,"href":"https:\/\/enfoquenoticioso.com\/index.php?rest_route=\/wp\/v2\/users\/2"}],"replies":[{"embeddable":true,"href":"https:\/\/enfoquenoticioso.com\/index.php?rest_route=%2Fwp%2Fv2%2Fcomments&post=121880"}],"version-history":[{"count":0,"href":"https:\/\/enfoquenoticioso.com\/index.php?rest_route=\/wp\/v2\/posts\/121880\/revisions"}],"wp:featuredmedia":[{"embeddable":true,"href":"https:\/\/enfoquenoticioso.com\/index.php?rest_route=\/wp\/v2\/media\/121881"}],"wp:attachment":[{"href":"https:\/\/enfoquenoticioso.com\/index.php?rest_route=%2Fwp%2Fv2%2Fmedia&parent=121880"}],"wp:term":[{"taxonomy":"category","embeddable":true,"href":"https:\/\/enfoquenoticioso.com\/index.php?rest_route=%2Fwp%2Fv2%2Fcategories&post=121880"},{"taxonomy":"post_tag","embeddable":true,"href":"https:\/\/enfoquenoticioso.com\/index.php?rest_route=%2Fwp%2Fv2%2Ftags&post=121880"}],"curies":[{"name":"wp","href":"https:\/\/api.w.org\/{rel}","templated":true}]}}