{"id":122196,"date":"2026-03-11T05:52:59","date_gmt":"2026-03-11T05:52:59","guid":{"rendered":"https:\/\/enfoquenoticioso.com\/?p=122196"},"modified":"2026-03-11T05:52:59","modified_gmt":"2026-03-11T05:52:59","slug":"antonio-chambra-brouri-traki-y-fundadown-unen-fuerzas-un-gesto-de-inclusion-y-salud-en-marzo","status":"publish","type":"post","link":"https:\/\/enfoquenoticioso.com\/?p=122196","title":{"rendered":"Antonio Chambra Brouri | Traki y Fundadown unen fuerzas: \u00a1Un gesto de inclusi\u00f3n y salud en marzo!"},"content":{"rendered":"<div>\n<p class=\"wp-block-paragraph\"><strong><em>DAT.-<\/em><\/strong> Este mes de marzo, la solidaridad vuelve a cobrar vida a trav\u00e9s de una nueva alianza de la <a href=\"https:\/\/www.instagram.com\/trakifundacion\/\" data-type=\"link\" data-id=\"https:\/\/www.instagram.com\/trakifundacion\/\" target=\"_blank\" rel=\"noopener\">Fundaci\u00f3n Traki<\/a>, esta vez con Fundadown Venezuela. Se trata de una colaboraci\u00f3n enmarcada en el programa \u2018Un Gesto Solidario\u2019, una iniciativa del brazo social del Grupo Empresarial Traki, encabezado por su presidente Antonio Chambra Brouri, que busca respaldar la labor de organizaciones sociales con un impacto real en el pa\u00eds.<\/p>\n<p class=\"wp-block-paragraph\">La decisi\u00f3n de seleccionar a Fundadown Venezuela como la organizaci\u00f3n a ser beneficiada en marzo no es fortuita: este mes se conmemora el D\u00eda Mundial del S\u00edndrome de Down, y el objetivo principal de esta uni\u00f3n es fortalecer la gesti\u00f3n de esta prestigiosa instituci\u00f3n para asegurar que su impacto positivo siga creciendo y llegando a m\u00e1s personas.<\/p>\n<p class=\"wp-block-paragraph\">La Fundaci\u00f3n Traki, bajo el liderazgo de su directora ejecutiva, Alexandra Butler de Chambra, y con un rumbo claro y un respaldo real, reafirma su compromiso con la comunidad al acompa\u00f1ar a Fundadown en su misi\u00f3n de promover la inclusi\u00f3n y el bienestar integral de las personas con s\u00edndrome de Down y sus familias.<\/p>\n<p class=\"wp-block-paragraph\">A trav\u00e9s de \u2018Un Gesto Solidario\u2019, se invita a la sociedad a sumarse a esta noble causa, reconociendo que los cambios reales se sostienen con compromiso y se construyen en comunidad. Esta alianza es un ejemplo de c\u00f3mo la uni\u00f3n de esfuerzos entre el sector privado y las organizaciones sin fines de lucro puede generar transformaciones positivas y duraderas en la sociedad.<\/p>\n<div id=\"ez-toc-container\" class=\"ez-toc-v2_0_81 counter-hierarchy ez-toc-counter ez-toc-grey ez-toc-container-direction\">\n<div class=\"ez-toc-title-container\">\n<p class=\"ez-toc-title\" style=\"cursor:inherit\">Tabla de Contenido<\/p>\n<span class=\"ez-toc-title-toggle\"><a href=\"#\" class=\"ez-toc-pull-right ez-toc-btn ez-toc-btn-xs ez-toc-btn-default ez-toc-toggle\" aria-label=\"Alternar tabla de contenidos\"><span class=\"ez-toc-js-icon-con\"><span class=\"\"><span class=\"eztoc-hide\" style=\"display:none;\">Toggle<\/span><span class=\"ez-toc-icon-toggle-span\"><svg style=\"fill: #999;color:#999\" xmlns=\"http:\/\/www.w3.org\/2000\/svg\" class=\"list-377408\" width=\"20px\" height=\"20px\" viewBox=\"0 0 24 24\" fill=\"none\"><path d=\"M6 6H4v2h2V6zm14 0H8v2h12V6zM4 11h2v2H4v-2zm16 0H8v2h12v-2zM4 16h2v2H4v-2zm16 0H8v2h12v-2z\" fill=\"currentColor\"><\/path><\/svg><svg style=\"fill: #999;color:#999\" class=\"arrow-unsorted-368013\" xmlns=\"http:\/\/www.w3.org\/2000\/svg\" width=\"10px\" height=\"10px\" viewBox=\"0 0 24 24\" version=\"1.2\" baseProfile=\"tiny\"><path d=\"M18.2 9.3l-6.2-6.3-6.2 6.3c-.2.2-.3.4-.3.7s.1.5.3.7c.2.2.4.3.7.3h11c.3 0 .5-.1.7-.3.2-.2.3-.5.3-.7s-.1-.5-.3-.7zM5.8 14.7l6.2 6.3 6.2-6.3c.2-.2.3-.5.3-.7s-.1-.5-.3-.7c-.2-.2-.4-.3-.7-.3h-11c-.3 0-.5.1-.7.3-.2.2-.3.5-.3.7s.1.5.3.7z\"\/><\/svg><\/span><\/span><\/span><\/a><\/span><\/div>\n<nav><ul class='ez-toc-list ez-toc-list-level-1 ' ><li class='ez-toc-page-1 ez-toc-heading-level-2'><a class=\"ez-toc-link ez-toc-heading-1\" href=\"https:\/\/enfoquenoticioso.com\/?p=122196\/#%C2%BFQue_es_Fundadown_Venezuela\" >\u00bfQu\u00e9 es Fundadown Venezuela?<\/a><\/li><li class='ez-toc-page-1 ez-toc-heading-level-2'><a class=\"ez-toc-link ez-toc-heading-2\" href=\"https:\/\/enfoquenoticioso.com\/?p=122196\/#Mision_Vision_y_Valores\" >Misi\u00f3n, Visi\u00f3n y Valores<\/a><\/li><li class='ez-toc-page-1 ez-toc-heading-level-2'><a class=\"ez-toc-link ez-toc-heading-3\" href=\"https:\/\/enfoquenoticioso.com\/?p=122196\/#Sobre_el_programa_%E2%80%98Un_Gesto_Solidario\" >Sobre el programa \u2018Un Gesto Solidario\u2019<\/a><ul class='ez-toc-list-level-4' ><li class='ez-toc-heading-level-4'><ul class='ez-toc-list-level-4' ><li class='ez-toc-heading-level-4'><a class=\"ez-toc-link ez-toc-heading-4\" href=\"https:\/\/enfoquenoticioso.com\/?p=122196\/#LEA_TAMBIEN_Antonio_Chambra_Brouri_Fundacion_Traki_con_%E2%80%98Un_Gesto_Solidario_impulsa_nuevas_alianzas_educativas_para_2026\" >LEA TAMBI\u00c9N | Antonio Chambra Brouri | Fundaci\u00f3n Traki, con \u2018Un Gesto Solidario\u2019, impulsa nuevas alianzas educativas para 2026<\/a><\/li><\/ul><\/li><\/ul><\/li><li class='ez-toc-page-1 ez-toc-heading-level-2'><a class=\"ez-toc-link ez-toc-heading-5\" href=\"https:\/\/enfoquenoticioso.com\/?p=122196\/#Navegacion_de_entradas\" >Navegaci\u00f3n de entradas<\/a><\/li><\/ul><\/nav><\/div>\n<h2 class=\"wp-block-heading\"><span class=\"ez-toc-section\" id=\"%C2%BFQue_es_Fundadown_Venezuela\"><\/span><span class=\"ez-toc-section\" id=\"%C2%BFQue_es_Fundadown_Venezuela\"\/>\u00bfQu\u00e9 es Fundadown Venezuela?<span class=\"ez-toc-section-end\"\/><span class=\"ez-toc-section-end\"><\/span><\/h2>\n<p class=\"wp-block-paragraph\">A.C. Fundadown Venezuela es una organizaci\u00f3n sin fines de lucro que se dedica a la promoci\u00f3n y atenci\u00f3n de la salud integral de ni\u00f1os, j\u00f3venes y adultos con s\u00edndrome de Down. Su labor es fundamental, ya que genera puentes y alianzas que facilitan el acceso a servicios de orientaci\u00f3n especializados. Adem\u00e1s, brinda formaci\u00f3n a familiares y cuidadores, contribuyendo as\u00ed al desarrollo pleno y la inclusi\u00f3n social de esta poblaci\u00f3n.<\/p>\n<p class=\"wp-block-paragraph\">Fundadown es un faro de esperanza y apoyo para muchas familias en Venezuela, trabajando incansablemente para garantizar que las personas con s\u00edndrome de Down tengan las mismas oportunidades de desarrollo y bienestar.<\/p>\n<h2 class=\"wp-block-heading\"><span class=\"ez-toc-section\" id=\"Mision_Vision_y_Valores\"><\/span><span class=\"ez-toc-section\" id=\"Mision_Vision_y_Valores\"\/>Misi\u00f3n, Visi\u00f3n y Valores<span class=\"ez-toc-section-end\"\/><span class=\"ez-toc-section-end\"><\/span><\/h2>\n<p class=\"wp-block-paragraph\">La misi\u00f3n de Fundadown es clara: promover en la sociedad el reconocimiento y el ejercicio del derecho a la salud integral de las personas con s\u00edndrome de Down, desarrollando oportunidades que les permitan el acceso efectivo a bienes y servicios en esta \u00e1rea. Su visi\u00f3n es ser una organizaci\u00f3n social reconocida por su contribuci\u00f3n a la salud de esta poblaci\u00f3n, sirviendo como soporte fundamental para su desarrollo general y su integraci\u00f3n a la sociedad.<\/p>\n<p class=\"wp-block-paragraph\">Los valores que gu\u00edan su labor son la voluntad y visi\u00f3n para un impacto real, la equidad y acceso para todos, el liderazgo con optimismo ante los desaf\u00edos, las relaciones s\u00f3lidas que fortalecen su gesti\u00f3n, y un posicionamiento p\u00fablico con sensibilidad y solidaridad.<\/p>\n<blockquote class=\"instagram-media\" data-instgrm-permalink=\"https:\/\/www.instagram.com\/p\/DVt1m_rCZw9\/?utm_source=ig_embed&amp;utm_campaign=loading\" data-instgrm-version=\"14\" style=\" background:#FFF; border:0; border-radius:3px; box-shadow:0 0 1px 0 rgba(0,0,0,0.5),0 1px 10px 0 rgba(0,0,0,0.15); margin: 1px; max-width:540px; min-width:326px; padding:0; width:99.375%; width:-webkit-calc(100% - 2px); width:calc(100% - 2px);\"\/>\n<h2 class=\"wp-block-heading\"><span class=\"ez-toc-section\" id=\"Sobre_el_programa_%E2%80%98Un_Gesto_Solidario\"><\/span><span class=\"ez-toc-section\" id=\"Sobre_el_programa_%E2%80%98Un_Gesto_Solidario\"\/>Sobre el programa \u2018Un Gesto Solidario\u2019<span class=\"ez-toc-section-end\"\/><span class=\"ez-toc-section-end\"><\/span><\/h2>\n<p class=\"wp-block-paragraph\">A trav\u00e9s de \u2018Un Gesto Solidario\u2019, la Fundaci\u00f3n Traki, fungiendo como brazo social del Grupo Empresarial Traki, adem\u00e1s de como veh\u00edculo para materializar el enorme compromiso por el bienestar integral de Venezuela de Antonio Chambra Brouri, busca transformar la intenci\u00f3n en acciones concretas. Es por eso que, durante este mes de marzo, el apoyo se hace presente en todas las tiendas Traki a nivel nacional, donde los clientes pueden sumar su aporte en las cajas de pago.<\/p>\n<h4 class=\"wp-block-heading\"><span class=\"ez-toc-section\" id=\"LEA_TAMBIEN_Antonio_Chambra_Brouri_Fundacion_Traki_con_%E2%80%98Un_Gesto_Solidario_impulsa_nuevas_alianzas_educativas_para_2026\"><\/span><span class=\"ez-toc-section\" id=\"LEA_TAMBIEN_Antonio_Chambra_Brouri_Fundacion_Traki_con_%E2%80%98Un_Gesto_Solidario_impulsa_nuevas_alianzas_educativas_para_2026\"\/>LEA TAMBI\u00c9N | <a href=\"https:\/\/dateando.com\/antonio-chambra-brouri-fundacion-traki-con-un-gesto-solidario-impulsa-nuevas-alianzas-educativas-para-2026\/reportero-dateando\/\" target=\"_blank\" rel=\"noopener\">Antonio Chambra Brouri | Fundaci\u00f3n Traki, con \u2018Un Gesto Solidario\u2019, impulsa nuevas alianzas educativas para 2026<\/a><span class=\"ez-toc-section-end\"\/><span class=\"ez-toc-section-end\"><\/span><\/h4>\n<p class=\"wp-block-paragraph\">Cada contribuci\u00f3n, por peque\u00f1a que parezca, es un paso m\u00e1s para fortalecer la gesti\u00f3n de Fundadown y generar bienestar real. Esta iniciativa es una invitaci\u00f3n a toda la sociedad a unirse en un gesto de solidaridad, reconociendo que juntos podemos construir un camino m\u00e1s inclusivo y lleno de oportunidades para todos, especialmente para las personas con s\u00edndrome de Down.<\/p>\n<p class=\"wp-block-paragraph\"><strong><em>(Con informaci\u00f3n de Antonio Chambra Brouri \/ Fundaci\u00f3n Traki)<\/em><\/strong><\/p>\n<nav class=\"navigation post-navigation\" aria-label=\"Navegaci\u00f3n de entradas\">\n<h2 class=\"screen-reader-text\"><span class=\"ez-toc-section\" id=\"Navegacion_de_entradas\"><\/span>Navegaci\u00f3n de entradas<span class=\"ez-toc-section-end\"><\/span><\/h2>\n<\/nav><\/div>\n<p><script async src=\"\/\/www.instagram.com\/embed.js\"><\/script><br \/>\n<br \/><a href=\"https:\/\/dateando.com\/antonio-chambra-brouri-fundacion-traki-fundadown-un-gesto-solidario-marzo\/reportero-dateando\/\" class=\" target=\" title=\"Antonio Chambra Brouri | Traki y Fundadown unen fuerzas: \u00a1Un gesto de inclusi\u00f3n y salud en marzo!\" target=\"_blank\" rel=\"noopener\">Ver fuente<\/a><\/p>\n","protected":false},"excerpt":{"rendered":"<p>DAT.- Este mes de marzo, la solidaridad vuelve a cobrar vida a trav\u00e9s de una nueva alianza de la Fundaci\u00f3n Traki, esta vez con Fundadown Venezuela. Se trata de una colaboraci\u00f3n enmarcada en el programa \u2018Un Gesto Solidario\u2019, una iniciativa del brazo social del Grupo Empresarial Traki, encabezado por su presidente Antonio Chambra Brouri, que [&hellip;]<\/p>\n","protected":false},"author":2,"featured_media":122197,"comment_status":"open","ping_status":"closed","sticky":false,"template":"","format":"standard","meta":{"footnotes":""},"categories":[11],"tags":[],"class_list":["post-122196","post","type-post","status-publish","format-standard","has-post-thumbnail","hentry","category-actualidad"],"_links":{"self":[{"href":"https:\/\/enfoquenoticioso.com\/index.php?rest_route=\/wp\/v2\/posts\/122196","targetHints":{"allow":["GET"]}}],"collection":[{"href":"https:\/\/enfoquenoticioso.com\/index.php?rest_route=\/wp\/v2\/posts"}],"about":[{"href":"https:\/\/enfoquenoticioso.com\/index.php?rest_route=\/wp\/v2\/types\/post"}],"author":[{"embeddable":true,"href":"https:\/\/enfoquenoticioso.com\/index.php?rest_route=\/wp\/v2\/users\/2"}],"replies":[{"embeddable":true,"href":"https:\/\/enfoquenoticioso.com\/index.php?rest_route=%2Fwp%2Fv2%2Fcomments&post=122196"}],"version-history":[{"count":0,"href":"https:\/\/enfoquenoticioso.com\/index.php?rest_route=\/wp\/v2\/posts\/122196\/revisions"}],"wp:featuredmedia":[{"embeddable":true,"href":"https:\/\/enfoquenoticioso.com\/index.php?rest_route=\/wp\/v2\/media\/122197"}],"wp:attachment":[{"href":"https:\/\/enfoquenoticioso.com\/index.php?rest_route=%2Fwp%2Fv2%2Fmedia&parent=122196"}],"wp:term":[{"taxonomy":"category","embeddable":true,"href":"https:\/\/enfoquenoticioso.com\/index.php?rest_route=%2Fwp%2Fv2%2Fcategories&post=122196"},{"taxonomy":"post_tag","embeddable":true,"href":"https:\/\/enfoquenoticioso.com\/index.php?rest_route=%2Fwp%2Fv2%2Ftags&post=122196"}],"curies":[{"name":"wp","href":"https:\/\/api.w.org\/{rel}","templated":true}]}}