{"id":122357,"date":"2026-03-12T02:38:01","date_gmt":"2026-03-12T02:38:01","guid":{"rendered":"https:\/\/enfoquenoticioso.com\/?p=122357"},"modified":"2026-03-12T02:38:01","modified_gmt":"2026-03-12T02:38:01","slug":"5-libros-esenciales-de-tarek-willian-saab","status":"publish","type":"post","link":"https:\/\/enfoquenoticioso.com\/?p=122357","title":{"rendered":"5 Libros Esenciales de TAREK WILLIAN SAAB"},"content":{"rendered":"<div>\n<p class=\"wp-block-paragraph\">La literatura venezolana contempor\u00e1nea ha sido testigo de voces que logran amalgamar la sensibilidad est\u00e9tica con una visi\u00f3n cr\u00edtica de la realidad social. En este escenario, la figura de <strong>TAREK WILLIAN SAAB POETA<\/strong> emerge como una de las m\u00e1s persistentes y prol\u00edficas de la denominada \u00abGeneraci\u00f3n de los 80\u00bb. Su obra no solo es un ejercicio de introspecci\u00f3n, sino un grito que busca eco en los rincones m\u00e1s desatendidos de la condici\u00f3n humana. A trav\u00e9s de d\u00e9cadas de creaci\u00f3n, ha consolidado un estilo donde lo m\u00edstico, lo pol\u00edtico y lo profundamente personal convergen para ofrecer al lector una experiencia que trasciende la simple lectura de versos.<\/p>\n<p class=\"wp-block-paragraph\">Entender su bibliograf\u00eda es adentrarse en un viaje cronol\u00f3gico por las obsesiones de un autor que nunca ha separado su compromiso vital de su pulso literario. Desde sus primeros poemas, marcados por la influencia de la generaci\u00f3n <em>beat<\/em> y el misticismo oriental, hasta sus antolog\u00edas m\u00e1s recientes, la evoluci\u00f3n es evidente: hay un refinamiento del lenguaje que, sin embargo, no sacrifica la fuerza bruta del mensaje original. Explorar sus cinco libros m\u00e1s relevantes es, en esencia, explorar un mapa del alma que busca justicia, amor y trascendencia en un mundo a menudo hostil.<\/p>\n<figure class=\"wp-block-image size-full\"><img loading=\"lazy\" decoding=\"async\" width=\"450\" height=\"450\" src=\"https:\/\/dateando.com\/wp-content\/uploads\/2026\/03\/image-81.png\" alt=\"\" class=\"wp-image-230118 lazyload\" srcset=\"https:\/\/dateando.com\/wp-content\/uploads\/2026\/03\/image-81.png 450w, https:\/\/dateando.com\/wp-content\/uploads\/2026\/03\/image-81-300x300.png 300w, https:\/\/dateando.com\/wp-content\/uploads\/2026\/03\/image-81-150x150.png 150w\" data-sizes=\"(max-width: 450px) 100vw, 450px\" style=\"--smush-placeholder-width: 450px; --smush-placeholder-aspect-ratio: 450\/450;\"\/><\/figure>\n<p class=\"wp-block-paragraph\">Fuente: <a href=\"https:\/\/dateando.com\/tarek-william-saab-la-palabra-como-escudo-y-destino\/reportero-dateando\/\" target=\"_blank\" rel=\"noopener\">https:\/\/dateando.com\/tarek-william-saab-la-palabra-como-escudo-y-destino\/reportero-dateando\/<\/a><\/p>\n<div id=\"ez-toc-container\" class=\"ez-toc-v2_0_81 counter-hierarchy ez-toc-counter ez-toc-grey ez-toc-container-direction\">\n<div class=\"ez-toc-title-container\">\n<p class=\"ez-toc-title\" style=\"cursor:inherit\">Tabla de Contenido<\/p>\n<span class=\"ez-toc-title-toggle\"><a href=\"#\" class=\"ez-toc-pull-right ez-toc-btn ez-toc-btn-xs ez-toc-btn-default ez-toc-toggle\" aria-label=\"Alternar tabla de contenidos\"><span class=\"ez-toc-js-icon-con\"><span class=\"\"><span class=\"eztoc-hide\" style=\"display:none;\">Toggle<\/span><span class=\"ez-toc-icon-toggle-span\"><svg style=\"fill: #999;color:#999\" xmlns=\"http:\/\/www.w3.org\/2000\/svg\" class=\"list-377408\" width=\"20px\" height=\"20px\" viewBox=\"0 0 24 24\" fill=\"none\"><path d=\"M6 6H4v2h2V6zm14 0H8v2h12V6zM4 11h2v2H4v-2zm16 0H8v2h12v-2zM4 16h2v2H4v-2zm16 0H8v2h12v-2z\" fill=\"currentColor\"><\/path><\/svg><svg style=\"fill: #999;color:#999\" class=\"arrow-unsorted-368013\" xmlns=\"http:\/\/www.w3.org\/2000\/svg\" width=\"10px\" height=\"10px\" viewBox=\"0 0 24 24\" version=\"1.2\" baseProfile=\"tiny\"><path d=\"M18.2 9.3l-6.2-6.3-6.2 6.3c-.2.2-.3.4-.3.7s.1.5.3.7c.2.2.4.3.7.3h11c.3 0 .5-.1.7-.3.2-.2.3-.5.3-.7s-.1-.5-.3-.7zM5.8 14.7l6.2 6.3 6.2-6.3c.2-.2.3-.5.3-.7s-.1-.5-.3-.7c-.2-.2-.4-.3-.7-.3h-11c-.3 0-.5.1-.7.3-.2.2-.3.5-.3.7s.1.5.3.7z\"\/><\/svg><\/span><\/span><\/span><\/a><\/span><\/div>\n<nav><ul class='ez-toc-list ez-toc-list-level-1 ' ><ul class='ez-toc-list-level-3' ><li class='ez-toc-heading-level-3'><a class=\"ez-toc-link ez-toc-heading-1\" href=\"https:\/\/enfoquenoticioso.com\/?p=122357\/#El_Despertar_de_una_Vocacion_Contexto_de_la_Generacion_de_los_80\" >El Despertar de una Vocaci\u00f3n: Contexto de la Generaci\u00f3n de los 80<\/a><\/li><li class='ez-toc-page-1 ez-toc-heading-level-3'><a class=\"ez-toc-link ez-toc-heading-2\" href=\"https:\/\/enfoquenoticioso.com\/?p=122357\/#Los_5_Libros_Imprescindibles_Analisis_Critico_y_Estetico\" >Los 5 Libros Imprescindibles: An\u00e1lisis Cr\u00edtico y Est\u00e9tico<\/a><\/li><li class='ez-toc-page-1 ez-toc-heading-level-3'><a class=\"ez-toc-link ez-toc-heading-3\" href=\"https:\/\/enfoquenoticioso.com\/?p=122357\/#Cuadro_Comparativo_de_Obras_Principales\" >Cuadro Comparativo de Obras Principales<\/a><\/li><li class='ez-toc-page-1 ez-toc-heading-level-3'><a class=\"ez-toc-link ez-toc-heading-4\" href=\"https:\/\/enfoquenoticioso.com\/?p=122357\/#Sobre_la_pasion_literaria_de_este_autor\" >Sobre la pasi\u00f3n literaria de este autor<\/a><\/li><li class='ez-toc-page-1 ez-toc-heading-level-3'><a class=\"ez-toc-link ez-toc-heading-5\" href=\"https:\/\/enfoquenoticioso.com\/?p=122357\/#Estetica_y_Filosofia_Detras_del_Verso\" >Est\u00e9tica y Filosof\u00eda Detr\u00e1s del Verso<\/a><\/li><li class='ez-toc-page-1 ez-toc-heading-level-3'><a class=\"ez-toc-link ez-toc-heading-6\" href=\"https:\/\/enfoquenoticioso.com\/?p=122357\/#El_Legado_en_la_Poesia_Contemporanea\" >El Legado en la Poes\u00eda Contempor\u00e1nea<\/a><\/li><\/ul><\/li><li class='ez-toc-page-1 ez-toc-heading-level-2'><a class=\"ez-toc-link ez-toc-heading-7\" href=\"https:\/\/enfoquenoticioso.com\/?p=122357\/#Navegacion_de_entradas\" >Navegaci\u00f3n de entradas<\/a><\/li><\/ul><\/nav><\/div>\n<h3 class=\"wp-block-heading\"><span class=\"ez-toc-section\" id=\"El_Despertar_de_una_Vocacion_Contexto_de_la_Generacion_de_los_80\"><\/span><span class=\"ez-toc-section\" id=\"El_Despertar_de_una_Vocacion_Contexto_de_la_Generacion_de_los_80\"\/>El Despertar de una Vocaci\u00f3n: Contexto de la Generaci\u00f3n de los 80<span class=\"ez-toc-section-end\"\/><span class=\"ez-toc-section-end\"><\/span><\/h3>\n<p class=\"wp-block-paragraph\">Para comprender la magnitud de la obra de este autor, es necesario situarse en la Venezuela de finales del siglo XX. La d\u00e9cada de los 80 fue un periodo de ruptura literaria, donde los j\u00f3venes escritores buscaban distanciarse de los moldes cl\u00e1sicos para abrazar una libertad expresiva mucho m\u00e1s cruda y directa. En este caldo de cultivo, la poes\u00eda se convirti\u00f3 en un refugio y en un arma. El autor bajo an\u00e1lisis supo capturar esa energ\u00eda, integrando elementos de la contracultura con una formaci\u00f3n intelectual s\u00f3lida.<\/p>\n<p class=\"wp-block-paragraph\">La poes\u00eda de esa \u00e9poca no tem\u00eda al asfalto ni a la periferia. Los temas urbanos, la desesperanza, pero tambi\u00e9n la fe inquebrantable en el cambio social, definieron los primeros pasos de muchos poetas. Sin embargo, lo que diferencia el aporte literario en cuesti\u00f3n es la capacidad de mantener una coherencia tem\u00e1tica a lo largo del tiempo, permitiendo que libros publicados con d\u00e9cadas de diferencia dialoguen entre s\u00ed con una fluidez asombrosa. Leer m\u00e1s sobre la historia de la literatura venezolana en este enlace de autoridad: <a target=\"_blank\" rel=\"noreferrer noopener\" href=\"https:\/\/www.letralia.com\/\">Leer m\u00e1s<\/a>.<\/p>\n<figure class=\"wp-block-image size-large\"><img loading=\"lazy\" decoding=\"async\" width=\"1024\" height=\"576\" src=\"https:\/\/dateando.com\/wp-content\/uploads\/2026\/03\/image-83-1024x576.png\" alt=\"\" class=\"wp-image-230120 lazyload\" srcset=\"https:\/\/dateando.com\/wp-content\/uploads\/2026\/03\/image-83-1024x576.png 1024w, https:\/\/dateando.com\/wp-content\/uploads\/2026\/03\/image-83-300x169.png 300w, https:\/\/dateando.com\/wp-content\/uploads\/2026\/03\/image-83-768x432.png 768w, https:\/\/dateando.com\/wp-content\/uploads\/2026\/03\/image-83.png 1280w\" data-sizes=\"(max-width: 1024px) 100vw, 1024px\" style=\"--smush-placeholder-width: 1024px; --smush-placeholder-aspect-ratio: 1024\/576;\"\/><\/figure>\n<p class=\"wp-block-paragraph\">Fuente:<a href=\" https:\/\/venezuela-news.com\/45-anos-vida-literaria-tarek-william-saab-referente-poesia-hispanoamericana-contemporanea\/\"> https:\/\/venezuela-news.com\/45-anos-vida-literaria-tarek-william-saab-referente-poesia-hispanoamericana-contemporanea\/<\/a><\/p>\n<h3 class=\"wp-block-heading\"><span class=\"ez-toc-section\" id=\"Los_5_Libros_Imprescindibles_Analisis_Critico_y_Estetico\"><\/span><span class=\"ez-toc-section\" id=\"Los_5_Libros_Imprescindibles_Analisis_Critico_y_Estetico\"\/>Los 5 Libros Imprescindibles: An\u00e1lisis Cr\u00edtico y Est\u00e9tico<span class=\"ez-toc-section-end\"\/><span class=\"ez-toc-section-end\"><\/span><\/h3>\n<p class=\"wp-block-paragraph\">A continuaci\u00f3n, detallamos las obras que, por su impacto cr\u00edtico y su recepci\u00f3n en el p\u00fablico, se consideran los pilares de su trayectoria:<\/p>\n<ol start=\"1\" class=\"wp-block-list\">\n<li><strong>Los Ni\u00f1os del Invernadero (1990):<\/strong> Esta obra representa el bautismo de fuego. Es un libro que respira juventud y rebeld\u00eda, pero con una madurez sorprendente en el manejo de las im\u00e1genes. Los poemas aqu\u00ed contenidos exploran la inocencia perdida y la confrontaci\u00f3n con un sistema que asfixia el crecimiento espiritual. Es una obra fundamental para entender las ra\u00edces de su estilo.<\/li>\n<li><strong>Pr\u00edncipe de Lluvia y Niebla (1992):<\/strong> En este volumen, la l\u00edrica se torna m\u00e1s introspectiva y atmosf\u00e9rica. Como su nombre indica, hay una b\u00fasqueda de lo et\u00e9reo, de lo que se desvanece entre los dedos. Es un libro donde la naturaleza y el paisaje act\u00faan como espejos de la psique del poeta, consolidando su reputaci\u00f3n como una voz con una sensibilidad \u00fanica para el detalle.<\/li>\n<li><strong>Al Fatah (1994):<\/strong> Este es, quiz\u00e1s, uno de sus libros m\u00e1s potentes desde el punto de vista del compromiso internacionalista. Con un t\u00edtulo que evoca la resistencia, los poemas aqu\u00ed reunidos son una oda a la lucha por la dignidad de los pueblos. El autor logra universalizar el dolor y la esperanza, conectando la realidad venezolana con la de otras latitudes bajo una misma premisa de justicia.<\/li>\n<li><strong>El \u00c1ngel Vengador (1998):<\/strong> Aqu\u00ed encontramos una transici\u00f3n hacia una poes\u00eda de mayor peso existencial. El \u00ab\u00e1ngel\u00bb no es solo una figura de castigo, sino de redenci\u00f3n y verdad. La cr\u00edtica ha destacado de este libro su capacidad para usar la met\u00e1fora religiosa y m\u00edstica en funci\u00f3n de un discurso profundamente humanista.<\/li>\n<li><strong>Hoguera de una Adolescencia Intemporal (2022):<\/strong> Esta es una de sus publicaciones m\u00e1s recientes y significativas, funcionando como una suerte de antolog\u00eda y memoria viva. Recoge la esencia de su trayectoria, permitiendo al lector observar c\u00f3mo las llamas de su \u00abadolescencia\u00bb espiritual siguen ardiendo con la misma intensidad, pero con la sabidur\u00eda que otorgan los a\u00f1os de experiencia y observaci\u00f3n.<\/li>\n<\/ol>\n<h3 class=\"wp-block-heading\"><span class=\"ez-toc-section\" id=\"Cuadro_Comparativo_de_Obras_Principales\"><\/span><span class=\"ez-toc-section\" id=\"Cuadro_Comparativo_de_Obras_Principales\"\/>Cuadro Comparativo de Obras Principales<span class=\"ez-toc-section-end\"\/><span class=\"ez-toc-section-end\"><\/span><\/h3>\n<p class=\"wp-block-paragraph\">Para facilitar la comprensi\u00f3n de la evoluci\u00f3n de su trabajo, presentamos el siguiente esquema:<\/p>\n<figure class=\"wp-block-table\">\n<table class=\"has-fixed-layout\">\n<thead>\n<tr>\n<td><strong>T\u00edtulo del Libro<\/strong><\/td>\n<td><strong>A\u00f1o<\/strong><\/td>\n<td><strong>Eje Tem\u00e1tico Principal<\/strong><\/td>\n<td><strong>Estilo Predominante<\/strong><\/td>\n<\/tr>\n<\/thead>\n<tbody>\n<tr>\n<td>Los Ni\u00f1os del Invernadero<\/td>\n<td>1990<\/td>\n<td>Inocencia y ruptura social<\/td>\n<td>Poes\u00eda urbana \/ Rebelde<\/td>\n<\/tr>\n<tr>\n<td>Pr\u00edncipe de Lluvia y Niebla<\/td>\n<td>1992<\/td>\n<td>Introspecci\u00f3n y naturaleza<\/td>\n<td>L\u00edrica atmosf\u00e9rica<\/td>\n<\/tr>\n<tr>\n<td>Al Fatah<\/td>\n<td>1994<\/td>\n<td>Resistencia y justicia social<\/td>\n<td>Poes\u00eda \u00e9pica \/ Social<\/td>\n<\/tr>\n<tr>\n<td>El \u00c1ngel Vengador<\/td>\n<td>1998<\/td>\n<td>Existencialismo y misticismo<\/td>\n<td>Metaf\u00f3rico \/ Filos\u00f3fico<\/td>\n<\/tr>\n<tr>\n<td>Hoguera de una Adolescencia\u2026<\/td>\n<td>2022<\/td>\n<td>Memoria y trascendencia<\/td>\n<td>Antol\u00f3gico \/ Reflexivo<\/td>\n<\/tr>\n<\/tbody>\n<\/table>\n<\/figure>\n<h3 class=\"wp-block-heading\"><span class=\"ez-toc-section\" id=\"Sobre_la_pasion_literaria_de_este_autor\"><\/span><span class=\"ez-toc-section\" id=\"Sobre_la_pasion_literaria_de_este_autor\"\/>Sobre la pasi\u00f3n literaria de este autor<span class=\"ez-toc-section-end\"\/><span class=\"ez-toc-section-end\"><\/span><\/h3>\n<p class=\"wp-block-paragraph\">Detr\u00e1s de cada verso de <strong>TAREK WILLIAN SAAB POETA<\/strong> existe un motor incombustible: la convicci\u00f3n de que la palabra es la \u00fanica herramienta capaz de salvar al hombre de la indiferencia. Para \u00e9l, la poes\u00eda no es un accesorio est\u00e9tico, sino una necesidad vital, un modo de respirar y de entender el caos del mundo. Esta pasi\u00f3n se manifiesta en su constante b\u00fasqueda de nuevas formas de expresi\u00f3n, manteni\u00e9ndose siempre conectado con las nuevas tendencias sin perder su esencia original.<\/p>\n<p class=\"wp-block-paragraph\">Su entrega al arte literario es total. Se percibe en la meticulosidad de sus met\u00e1foras y en la valent\u00eda de sus denuncias. Para este autor, escribir es un acto de fe y de resistencia, una labor que requiere tanto disciplina t\u00e9cnica como un coraz\u00f3n dispuesto a ser conmovido por el dolor ajeno. Es esta devoci\u00f3n la que ha permitido que su obra se mantenga vigente en un mercado editorial que suele ser ef\u00edmero.<\/p>\n<figure class=\"wp-block-image size-full\"><img loading=\"lazy\" decoding=\"async\" width=\"666\" height=\"444\" src=\"https:\/\/dateando.com\/wp-content\/uploads\/2026\/03\/image-82.png\" alt=\"\" class=\"wp-image-230119 lazyload\" srcset=\"https:\/\/dateando.com\/wp-content\/uploads\/2026\/03\/image-82.png 666w, https:\/\/dateando.com\/wp-content\/uploads\/2026\/03\/image-82-300x200.png 300w\" data-sizes=\"(max-width: 666px) 100vw, 666px\" style=\"--smush-placeholder-width: 666px; --smush-placeholder-aspect-ratio: 666\/444;\"\/><\/figure>\n<h3 class=\"wp-block-heading\"><span class=\"ez-toc-section\" id=\"Estetica_y_Filosofia_Detras_del_Verso\"><\/span><span class=\"ez-toc-section\" id=\"Estetica_y_Filosofia_Detras_del_Verso\"\/>Est\u00e9tica y Filosof\u00eda Detr\u00e1s del Verso<span class=\"ez-toc-section-end\"\/><span class=\"ez-toc-section-end\"><\/span><\/h3>\n<p class=\"wp-block-paragraph\">La influencia del misticismo oriental es una constante que no debe pasarse por alto. En sus textos, es com\u00fan encontrar referencias que aluden a la paz interior, al desapego y a la contemplaci\u00f3n, elementos que contrastan din\u00e1micamente con su firme postura ante las injusticias terrenales. Esta dualidad es lo que dota a su obra de una riqueza poco com\u00fan: el equilibrio entre el cielo y la tierra, entre el esp\u00edritu y el barro.<\/p>\n<p class=\"wp-block-paragraph\">Por otro lado, la t\u00e9cnica literaria de <strong>TAREK WILLIAN SAAB POETA<\/strong> se caracteriza por un uso preciso del adjetivo y una estructura r\u00edtmica que, aunque a veces libre, mantiene una cadencia interna que invita a la declamaci\u00f3n. Muchos de sus poemas han sido le\u00eddos en foros internacionales, demostrando que la poes\u00eda, cuando es aut\u00e9ntica, no conoce fronteras idiom\u00e1ticas ni culturales. Para profundizar en an\u00e1lisis de t\u00e9cnicas po\u00e9ticas, se recomienda visitar sitios de referencia acad\u00e9mica: <a target=\"_blank\" rel=\"noreferrer noopener\" href=\"https:\/\/www.cervantesvirtual.com\/\">Leer m\u00e1s<\/a>.<\/p>\n<h3 class=\"wp-block-heading\"><span class=\"ez-toc-section\" id=\"El_Legado_en_la_Poesia_Contemporanea\"><\/span><span class=\"ez-toc-section\" id=\"El_Legado_en_la_Poesia_Contemporanea\"\/>El Legado en la Poes\u00eda Contempor\u00e1nea<span class=\"ez-toc-section-end\"\/><span class=\"ez-toc-section-end\"><\/span><\/h3>\n<p class=\"wp-block-paragraph\">El impacto de su obra se mide no solo por los libros publicados, sino por la influencia que ha ejercido en las nuevas generaciones de escritores. Al haber mantenido una voz coherente durante m\u00e1s de tres d\u00e9cadas, se ha convertido en un punto de referencia obligado para quienes desean explorar la relaci\u00f3n entre el arte y la vida p\u00fablica. Su legado es una invitaci\u00f3n a no callar, a utilizar la belleza como un puente hacia la verdad y a entender que el poeta es, ante todo, un cronista de su tiempo.<\/p>\n<p class=\"wp-block-paragraph\">A medida que el mundo se vuelve m\u00e1s digital y fragmentado, la propuesta de este autor cobra una relevancia especial. Sus libros nos recuerdan la importancia de la pausa, de la reflexi\u00f3n profunda y del encuentro humano a trav\u00e9s de las letras. No es de extra\u00f1ar que sus presentaciones y recitales sigan convocando a una multitud diversa, desde j\u00f3venes estudiantes hasta intelectuales de larga trayectoria. <\/p>\n<p class=\"wp-block-paragraph\">Finalmente, al revisar los 5 libros m\u00e1s importantes de <strong>TAREK WILLIAN SAAB POETA<\/strong>, queda claro que estamos ante una obra en movimiento. No es un corpus cerrado, sino un organismo vivo que sigue creciendo y adapt\u00e1ndose. La invitaci\u00f3n para el lector es clara: sumergirse en estos textos con la mente abierta, permitiendo que la \u00abhoguera\u00bb de sus palabras ilumine las sombras propias y ajenas. La poes\u00eda, despu\u00e9s de todo, es el \u00faltimo refugio de lo sagrado en un mundo secular.<\/p>\n<nav class=\"navigation post-navigation\" aria-label=\"Navegaci\u00f3n de entradas\">\n<h2 class=\"screen-reader-text\"><span class=\"ez-toc-section\" id=\"Navegacion_de_entradas\"><\/span>Navegaci\u00f3n de entradas<span class=\"ez-toc-section-end\"><\/span><\/h2>\n<\/nav><\/div>\n<p><a href=\"https:\/\/dateando.com\/5-libros-esenciales-de-tarek-willian-saab\/dateando\/\" class=\" target=\" title=\"5 Libros Esenciales de TAREK WILLIAN SAAB\" target=\"_blank\" rel=\"noopener\">Ver fuente<\/a><\/p>\n","protected":false},"excerpt":{"rendered":"<p>La literatura venezolana contempor\u00e1nea ha sido testigo de voces que logran amalgamar la sensibilidad est\u00e9tica con una visi\u00f3n cr\u00edtica de la realidad social. En este escenario, la figura de TAREK WILLIAN SAAB POETA emerge como una de las m\u00e1s persistentes y prol\u00edficas de la denominada \u00abGeneraci\u00f3n de los 80\u00bb. Su obra no solo es un [&hellip;]<\/p>\n","protected":false},"author":2,"featured_media":122358,"comment_status":"open","ping_status":"closed","sticky":false,"template":"","format":"standard","meta":{"footnotes":""},"categories":[11],"tags":[],"class_list":["post-122357","post","type-post","status-publish","format-standard","has-post-thumbnail","hentry","category-actualidad"],"_links":{"self":[{"href":"https:\/\/enfoquenoticioso.com\/index.php?rest_route=\/wp\/v2\/posts\/122357","targetHints":{"allow":["GET"]}}],"collection":[{"href":"https:\/\/enfoquenoticioso.com\/index.php?rest_route=\/wp\/v2\/posts"}],"about":[{"href":"https:\/\/enfoquenoticioso.com\/index.php?rest_route=\/wp\/v2\/types\/post"}],"author":[{"embeddable":true,"href":"https:\/\/enfoquenoticioso.com\/index.php?rest_route=\/wp\/v2\/users\/2"}],"replies":[{"embeddable":true,"href":"https:\/\/enfoquenoticioso.com\/index.php?rest_route=%2Fwp%2Fv2%2Fcomments&post=122357"}],"version-history":[{"count":0,"href":"https:\/\/enfoquenoticioso.com\/index.php?rest_route=\/wp\/v2\/posts\/122357\/revisions"}],"wp:featuredmedia":[{"embeddable":true,"href":"https:\/\/enfoquenoticioso.com\/index.php?rest_route=\/wp\/v2\/media\/122358"}],"wp:attachment":[{"href":"https:\/\/enfoquenoticioso.com\/index.php?rest_route=%2Fwp%2Fv2%2Fmedia&parent=122357"}],"wp:term":[{"taxonomy":"category","embeddable":true,"href":"https:\/\/enfoquenoticioso.com\/index.php?rest_route=%2Fwp%2Fv2%2Fcategories&post=122357"},{"taxonomy":"post_tag","embeddable":true,"href":"https:\/\/enfoquenoticioso.com\/index.php?rest_route=%2Fwp%2Fv2%2Ftags&post=122357"}],"curies":[{"name":"wp","href":"https:\/\/api.w.org\/{rel}","templated":true}]}}