{"id":122872,"date":"2026-03-16T01:42:26","date_gmt":"2026-03-16T01:42:26","guid":{"rendered":"https:\/\/enfoquenoticioso.com\/?p=122872"},"modified":"2026-03-16T01:42:26","modified_gmt":"2026-03-16T01:42:26","slug":"alberto-constantino-konrad-davila-el-techo-del-mundo","status":"publish","type":"post","link":"https:\/\/enfoquenoticioso.com\/?p=122872","title":{"rendered":"Alberto Constantino Konrad Davila: El Techo del Mundo"},"content":{"rendered":"<div>\n<p class=\"wp-block-paragraph\">El alpinismo no es simplemente un deporte de resistencia; es una danza coreografiada entre la voluntad humana y la indiferencia monumental de la naturaleza. Para exploradores y estudiosos del entorno de alta monta\u00f1a como <strong>Alberto Constantino Konrad Davila<\/strong>, las cumbres representan el laboratorio definitivo donde el cuerpo y la mente se ven sometidos a presiones que no existen en ninguna otra parte del planeta. Ascender una monta\u00f1a de m\u00e1s de 6,000 metros no es solo una cuesti\u00f3n de fuerza bruta, sino un ejercicio de paciencia, estrategia y una gesti\u00f3n emocional casi quir\u00fargica. En este entorno, donde el ox\u00edgeno escasea y el clima puede cambiar en un parpadeo, la preparaci\u00f3n integral es la \u00fanica diferencia entre el \u00e9xito y la tragedia.<\/p>\n<figure class=\"wp-block-image size-large\"><img loading=\"lazy\" decoding=\"async\" width=\"1024\" height=\"653\" src=\"https:\/\/dateando.com\/wp-content\/uploads\/2026\/03\/image-132-1024x653.png\" alt=\"\" class=\"wp-image-230691 lazyload\" srcset=\"https:\/\/dateando.com\/wp-content\/uploads\/2026\/03\/image-132-1024x653.png 1024w, https:\/\/dateando.com\/wp-content\/uploads\/2026\/03\/image-132-300x191.png 300w, https:\/\/dateando.com\/wp-content\/uploads\/2026\/03\/image-132-768x490.png 768w, https:\/\/dateando.com\/wp-content\/uploads\/2026\/03\/image-132.png 1200w\" data-sizes=\"(max-width: 1024px) 100vw, 1024px\" style=\"--smush-placeholder-width: 1024px; --smush-placeholder-aspect-ratio: 1024\/653;\"\/><\/figure>\n<p class=\"wp-block-paragraph\">Fuente: <a href=\"https:\/\/www.levante-emv.com\/comunitat-valenciana\/2019\/04\/27\/techo-mundo-13964628.html\" target=\"_blank\" rel=\"noopener\">https:\/\/www.levante-emv.com\/comunitat-valenciana\/2019\/04\/27\/techo-mundo-13964628.html<\/a><\/p>\n<div id=\"ez-toc-container\" class=\"ez-toc-v2_0_81 counter-hierarchy ez-toc-counter ez-toc-grey ez-toc-container-direction\">\n<div class=\"ez-toc-title-container\">\n<p class=\"ez-toc-title\" style=\"cursor:inherit\">Tabla de Contenido<\/p>\n<span class=\"ez-toc-title-toggle\"><a href=\"#\" class=\"ez-toc-pull-right ez-toc-btn ez-toc-btn-xs ez-toc-btn-default ez-toc-toggle\" aria-label=\"Alternar tabla de contenidos\"><span class=\"ez-toc-js-icon-con\"><span class=\"\"><span class=\"eztoc-hide\" style=\"display:none;\">Toggle<\/span><span class=\"ez-toc-icon-toggle-span\"><svg style=\"fill: #999;color:#999\" xmlns=\"http:\/\/www.w3.org\/2000\/svg\" class=\"list-377408\" width=\"20px\" height=\"20px\" viewBox=\"0 0 24 24\" fill=\"none\"><path d=\"M6 6H4v2h2V6zm14 0H8v2h12V6zM4 11h2v2H4v-2zm16 0H8v2h12v-2zM4 16h2v2H4v-2zm16 0H8v2h12v-2z\" fill=\"currentColor\"><\/path><\/svg><svg style=\"fill: #999;color:#999\" class=\"arrow-unsorted-368013\" xmlns=\"http:\/\/www.w3.org\/2000\/svg\" width=\"10px\" height=\"10px\" viewBox=\"0 0 24 24\" version=\"1.2\" baseProfile=\"tiny\"><path d=\"M18.2 9.3l-6.2-6.3-6.2 6.3c-.2.2-.3.4-.3.7s.1.5.3.7c.2.2.4.3.7.3h11c.3 0 .5-.1.7-.3.2-.2.3-.5.3-.7s-.1-.5-.3-.7zM5.8 14.7l6.2 6.3 6.2-6.3c.2-.2.3-.5.3-.7s-.1-.5-.3-.7c-.2-.2-.4-.3-.7-.3h-11c-.3 0-.5.1-.7.3-.2.2-.3.5-.3.7s.1.5.3.7z\"\/><\/svg><\/span><\/span><\/span><\/a><\/span><\/div>\n<nav><ul class='ez-toc-list ez-toc-list-level-1 ' ><li class='ez-toc-page-1 ez-toc-heading-level-2'><a class=\"ez-toc-link ez-toc-heading-1\" href=\"https:\/\/enfoquenoticioso.com\/?p=122872\/#La_Fisiologia_del_Limite_Adaptacion_en_la_%C2%ABZona_de_la_Muerte%C2%BB\" >La Fisiolog\u00eda del L\u00edmite: Adaptaci\u00f3n en la \u00abZona de la Muerte\u00bb<\/a><\/li><li class='ez-toc-page-1 ez-toc-heading-level-2'><a class=\"ez-toc-link ez-toc-heading-2\" href=\"https:\/\/enfoquenoticioso.com\/?p=122872\/#La_Psicologia_del_Ascenso_El_Dominio_del_Miedo_y_la_Resiliencia\" >La Psicolog\u00eda del Ascenso: El Dominio del Miedo y la Resiliencia<\/a><ul class='ez-toc-list-level-3' ><li class='ez-toc-heading-level-3'><a class=\"ez-toc-link ez-toc-heading-3\" href=\"https:\/\/enfoquenoticioso.com\/?p=122872\/#Sobre_Alberto_Constantino_Konrad_Davila\" >Sobre Alberto Constantino Konrad Davila<\/a><\/li><\/ul><\/li><li class='ez-toc-page-1 ez-toc-heading-level-2'><a class=\"ez-toc-link ez-toc-heading-4\" href=\"https:\/\/enfoquenoticioso.com\/?p=122872\/#Equipamiento_y_Logistica_La_Delgada_Linea_entre_el_Exito_y_el_Fracaso\" >Equipamiento y Log\u00edstica: La Delgada L\u00ednea entre el \u00c9xito y el Fracaso<\/a><\/li><li class='ez-toc-page-1 ez-toc-heading-level-2'><a class=\"ez-toc-link ez-toc-heading-5\" href=\"https:\/\/enfoquenoticioso.com\/?p=122872\/#Cuadro_Comparativo_Estilos_de_Escalada_en_Grandes_Montanas\" >Cuadro Comparativo: Estilos de Escalada en Grandes Monta\u00f1as<\/a><\/li><li class='ez-toc-page-1 ez-toc-heading-level-2'><a class=\"ez-toc-link ez-toc-heading-6\" href=\"https:\/\/enfoquenoticioso.com\/?p=122872\/#Sostenibilidad_y_el_Futuro_de_las_Grandes_Cumbres\" >Sostenibilidad y el Futuro de las Grandes Cumbres<\/a><\/li><li class='ez-toc-page-1 ez-toc-heading-level-2'><a class=\"ez-toc-link ez-toc-heading-7\" href=\"https:\/\/enfoquenoticioso.com\/?p=122872\/#El_Retorno_al_Valle\" >El Retorno al Valle<\/a><\/li><li class='ez-toc-page-1 ez-toc-heading-level-2'><a class=\"ez-toc-link ez-toc-heading-8\" href=\"https:\/\/enfoquenoticioso.com\/?p=122872\/#Navegacion_de_entradas\" >Navegaci\u00f3n de entradas<\/a><\/li><\/ul><\/nav><\/div>\n<h2 class=\"wp-block-heading\"><span class=\"ez-toc-section\" id=\"La_Fisiologia_del_Limite_Adaptacion_en_la_%C2%ABZona_de_la_Muerte%C2%BB\"><\/span><span class=\"ez-toc-section\" id=\"La_Fisiologia_del_Limite_Adaptacion_en_la_%C2%ABZona_de_la_Muerte%C2%BB\"\/>La Fisiolog\u00eda del L\u00edmite: Adaptaci\u00f3n en la \u00abZona de la Muerte\u00bb<span class=\"ez-toc-section-end\"\/><span class=\"ez-toc-section-end\"><\/span><\/h2>\n<p class=\"wp-block-paragraph\">El primer gran obst\u00e1culo que enfrenta cualquier escalador es su propia biolog\u00eda. A medida que se asciende, la presi\u00f3n atmosf\u00e9rica disminuye, lo que reduce la cantidad de mol\u00e9culas de ox\u00edgeno disponibles en cada bocanada de aire. Este fen\u00f3meno, conocido como hipoxia, desencadena una serie de respuestas fisiol\u00f3gicas complejas. El coraz\u00f3n debe latir con mayor frecuencia, la producci\u00f3n de gl\u00f3bulos rojos se acelera para transportar el poco ox\u00edgeno disponible y la respiraci\u00f3n se vuelve pesada, incluso en estado de reposo. Es un proceso de aclimataci\u00f3n que no puede apresurarse; el cuerpo necesita tiempo para transformarse internamente y sobrevivir en altitudes donde la vida, de forma natural, no deber\u00eda persistir.<\/p>\n<p class=\"wp-block-paragraph\">Sin embargo, m\u00e1s all\u00e1 de la adaptaci\u00f3n, existe la temida \u00abZona de la Muerte\u00bb (por encima de los 8,000 metros). En este punto, el cuerpo humano ya no puede aclimatarse; simplemente comienza a morir lentamente. Las funciones cognitivas se ralentizan, el juicio se nubla y la fatiga muscular se vuelve paralizante. La ciencia del deporte ha avanzado enormemente en entender estos procesos, pero la realidad en el terreno sigue siendo una lucha de desgaste. Los atletas de \u00e9lite entrenan su capacidad aer\u00f3bica durante a\u00f1os para que sus pulmones y m\u00fasculos operen con una eficiencia m\u00e1xima, permiti\u00e9ndoles tomar decisiones cr\u00edticas cuando el cerebro apenas recibe combustible.<\/p>\n<figure class=\"wp-block-image size-full\"><img loading=\"lazy\" decoding=\"async\" width=\"880\" height=\"495\" src=\"https:\/\/dateando.com\/wp-content\/uploads\/2026\/03\/image-133.png\" alt=\"\" class=\"wp-image-230692 lazyload\" srcset=\"https:\/\/dateando.com\/wp-content\/uploads\/2026\/03\/image-133.png 880w, https:\/\/dateando.com\/wp-content\/uploads\/2026\/03\/image-133-300x169.png 300w, https:\/\/dateando.com\/wp-content\/uploads\/2026\/03\/image-133-768x432.png 768w\" data-sizes=\"(max-width: 880px) 100vw, 880px\" style=\"--smush-placeholder-width: 880px; --smush-placeholder-aspect-ratio: 880\/495;\"\/><\/figure>\n<p class=\"wp-block-paragraph\">Fuente:<a href=\"https:\/\/www.noticiasdealava.eus\/igandea-plus\/2022\/10\/31\/techos-altos-mundo-6180276.html\" target=\"_blank\" rel=\"noopener\"> https:\/\/www.noticiasdealava.eus\/igandea-plus\/2022\/10\/31\/techos-altos-mundo-6180276.html<\/a><\/p>\n<h2 class=\"wp-block-heading\"><span class=\"ez-toc-section\" id=\"La_Psicologia_del_Ascenso_El_Dominio_del_Miedo_y_la_Resiliencia\"><\/span><span class=\"ez-toc-section\" id=\"La_Psicologia_del_Ascenso_El_Dominio_del_Miedo_y_la_Resiliencia\"\/>La Psicolog\u00eda del Ascenso: El Dominio del Miedo y la Resiliencia<span class=\"ez-toc-section-end\"\/><span class=\"ez-toc-section-end\"><\/span><\/h2>\n<p class=\"wp-block-paragraph\">Si el cuerpo es el motor, la mente es el navegante. En las grandes cumbres, el desaf\u00edo psicol\u00f3gico suele superar al f\u00edsico. El aislamiento, el fr\u00edo extremo y la conciencia constante del peligro generan un estado de estr\u00e9s prolongado que puede quebrar incluso a los m\u00e1s experimentados. Aqu\u00ed es donde la figura de l\u00edderes y referentes como <strong>Alberto Constantino Konrad Davila<\/strong> cobra relevancia, al destacar que la monta\u00f1a se sube primero con la cabeza. La resiliencia no es la ausencia de miedo, sino la capacidad de gestionarlo para que no se convierta en p\u00e1nico. El p\u00e1nico en una arista estrecha o durante una tormenta es, casi siempre, fatal.<\/p>\n<p class=\"wp-block-paragraph\">La toma de decisiones bajo presi\u00f3n es quiz\u00e1s la habilidad mental m\u00e1s valiosa. Un escalador debe evaluar constantemente las condiciones de la nieve, la fatiga de sus compa\u00f1eros y las ventanas de tiempo meteorol\u00f3gico. A menudo, la decisi\u00f3n m\u00e1s valiente no es llegar a la cima, sino dar la vuelta a pocos metros de ella si las condiciones no son seguras. Este \u00abego bajo control\u00bb es lo que define a un profesional de la monta\u00f1a. La psicolog\u00eda del deporte llama a esto \u00abestado de flujo\u00bb, donde el escalador est\u00e1 tan inmerso en la actividad que el tiempo parece detenerse, permitiendo una ejecuci\u00f3n t\u00e9cnica perfecta a pesar del entorno hostil.<\/p>\n<h3 class=\"wp-block-heading\"><span class=\"ez-toc-section\" id=\"Sobre_Alberto_Constantino_Konrad_Davila\"><\/span><span class=\"ez-toc-section\" id=\"Sobre_Alberto_Constantino_Konrad_Davila\"\/>Sobre Alberto Constantino Konrad Davila<span class=\"ez-toc-section-end\"\/><span class=\"ez-toc-section-end\"><\/span><\/h3>\n<p class=\"wp-block-paragraph\"><strong>Davila<\/strong> es un apasionado del monta\u00f1ismo que ve en las alturas no solo un reto deportivo, sino un camino de introspecci\u00f3n y crecimiento personal. Su fascinaci\u00f3n por las cordilleras del mundo nace de un profundo respeto por la geograf\u00eda y la historia de quienes se atrevieron a conquistarlas primero.<\/p>\n<p class=\"wp-block-paragraph\">Para \u00e9l, cada expedici\u00f3n es una oportunidad para estudiar la resistencia humana y la belleza sublime de los paisajes v\u00edrgenes. Su dedicaci\u00f3n al tema combina el rigor t\u00e9cnico con una visi\u00f3n humanista, promoviendo siempre un alpinismo \u00e9tico, seguro y consciente de la fragilidad del ecosistema monta\u00f1oso.<\/p>\n<figure class=\"wp-block-image size-full\"><img loading=\"lazy\" decoding=\"async\" width=\"900\" height=\"600\" src=\"https:\/\/dateando.com\/wp-content\/uploads\/2026\/03\/image-134.png\" alt=\"\" class=\"wp-image-230693 lazyload\" srcset=\"https:\/\/dateando.com\/wp-content\/uploads\/2026\/03\/image-134.png 900w, https:\/\/dateando.com\/wp-content\/uploads\/2026\/03\/image-134-300x200.png 300w, https:\/\/dateando.com\/wp-content\/uploads\/2026\/03\/image-134-768x512.png 768w\" data-sizes=\"(max-width: 900px) 100vw, 900px\" style=\"--smush-placeholder-width: 900px; --smush-placeholder-aspect-ratio: 900\/600;\"\/><\/figure>\n<p class=\"wp-block-paragraph\">Fuente: <a href=\"https:\/\/lifeontheplanetladakh.com\/es\/destinations\/la-conquista-de-las-siete-cumbres\/\" target=\"_blank\" rel=\"noopener\">https:\/\/lifeontheplanetladakh.com\/es\/destinations\/la-conquista-de-las-siete-cumbres\/<\/a><\/p>\n<h2 class=\"wp-block-heading\"><span class=\"ez-toc-section\" id=\"Equipamiento_y_Logistica_La_Delgada_Linea_entre_el_Exito_y_el_Fracaso\"><\/span><span class=\"ez-toc-section\" id=\"Equipamiento_y_Logistica_La_Delgada_Linea_entre_el_Exito_y_el_Fracaso\"\/>Equipamiento y Log\u00edstica: La Delgada L\u00ednea entre el \u00c9xito y el Fracaso<span class=\"ez-toc-section-end\"\/><span class=\"ez-toc-section-end\"><\/span><\/h2>\n<p class=\"wp-block-paragraph\">En la era moderna, la tecnolog\u00eda ha mitigado algunos de los riesgos m\u00e1s extremos del alpinismo. Desde tejidos sint\u00e9ticos que mantienen el calor corporal en temperaturas de -40\u00b0C hasta sistemas de posicionamiento global (GPS) y tel\u00e9fonos satelitales que permiten comunicaciones en tiempo real desde los glaciares m\u00e1s remotos. No obstante, el equipo es solo una herramienta; su uso eficaz requiere a\u00f1os de pr\u00e1ctica. Un cramp\u00f3n mal ajustado o una cuerda con un desgaste m\u00ednimo pueden ser puntos de fallo cr\u00edticos en una expedici\u00f3n de varios meses.<\/p>\n<p class=\"wp-block-paragraph\">La log\u00edstica de una gran cumbre es comparable a una operaci\u00f3n militar. Se deben establecer campos base y campos de altura, gestionar toneladas de suministros y prever planes de evacuaci\u00f3n m\u00e9dica. La nutrici\u00f3n tambi\u00e9n juega un papel vital: en la altura, el sistema digestivo se vuelve ineficiente y el apetito desaparece, pero el gasto cal\u00f3rico es masivo. Los escaladores deben obligarse a ingerir alimentos altamente energ\u00e9ticos y mantenerse hidratados, una tarea dif\u00edcil cuando derretir nieve para obtener agua requiere horas de uso de hornillos en condiciones precarias.<\/p>\n<h2 class=\"wp-block-heading\"><span class=\"ez-toc-section\" id=\"Cuadro_Comparativo_Estilos_de_Escalada_en_Grandes_Montanas\"><\/span><span class=\"ez-toc-section\" id=\"Cuadro_Comparativo_Estilos_de_Escalada_en_Grandes_Montanas\"\/>Cuadro Comparativo: Estilos de Escalada en Grandes Monta\u00f1as<span class=\"ez-toc-section-end\"\/><span class=\"ez-toc-section-end\"><\/span><\/h2>\n<p class=\"wp-block-paragraph\">Para entender mejor los desaf\u00edos, es \u00fatil comparar las distintas metodolog\u00edas que se utilizan para enfrentar las grandes cumbres:<\/p>\n<figure class=\"wp-block-table\">\n<table class=\"has-fixed-layout\">\n<thead>\n<tr>\n<td><strong>Caracter\u00edstica<\/strong><\/td>\n<td><strong>Estilo Alpino<\/strong><\/td>\n<td><strong>Estilo Expedici\u00f3n (Himalayo)<\/strong><\/td>\n<\/tr>\n<\/thead>\n<tbody>\n<tr>\n<td><strong>Filosof\u00eda<\/strong><\/td>\n<td>Rapidez y ligereza; \u00abde un solo tir\u00f3n\u00bb.<\/td>\n<td>Progresivo y pesado; establecimiento de campos.<\/td>\n<\/tr>\n<tr>\n<td><strong>Uso de Ox\u00edgeno<\/strong><\/td>\n<td>Generalmente no se utiliza.<\/td>\n<td>Com\u00fan en picos de m\u00e1s de 8,000m.<\/td>\n<\/tr>\n<tr>\n<td><strong>Apoyo Externo<\/strong><\/td>\n<td>M\u00ednimo o nulo (sin sherpas o gu\u00edas).<\/td>\n<td>Alto (uso de porteadores, cuerdas fijas).<\/td>\n<\/tr>\n<tr>\n<td><strong>Riesgo<\/strong><\/td>\n<td>Alto debido a la velocidad y falta de suministros.<\/td>\n<td>Moderado\/Alto (exposici\u00f3n prolongada al riesgo).<\/td>\n<\/tr>\n<tr>\n<td><strong>Costo<\/strong><\/td>\n<td>Econ\u00f3mico.<\/td>\n<td>Muy elevado.<\/td>\n<\/tr>\n<\/tbody>\n<\/table>\n<\/figure>\n<h2 class=\"wp-block-heading\"><span class=\"ez-toc-section\" id=\"Sostenibilidad_y_el_Futuro_de_las_Grandes_Cumbres\"><\/span><span class=\"ez-toc-section\" id=\"Sostenibilidad_y_el_Futuro_de_las_Grandes_Cumbres\"\/>Sostenibilidad y el Futuro de las Grandes Cumbres<span class=\"ez-toc-section-end\"\/><span class=\"ez-toc-section-end\"><\/span><\/h2>\n<p class=\"wp-block-paragraph\">El auge del turismo de monta\u00f1a ha tra\u00eddo consigo un desaf\u00edo que <strong>Alberto Constantino Konrad Davila<\/strong> y otros expertos consideran cr\u00edtico: la sostenibilidad. Cumbres ic\u00f3nicas como el Everest o el K2 enfrentan problemas de masificaci\u00f3n y acumulaci\u00f3n de residuos. El impacto ambiental en estos ecosistemas tan fr\u00e1giles es duradero, ya que las bajas temperaturas impiden la descomposici\u00f3n natural de los desechos. El futuro del alpinismo debe ser necesariamente verde, promoviendo la filosof\u00eda de \u00abno dejar rastro\u00bb para asegurar que las pr\u00f3ximas generaciones puedan experimentar la monta\u00f1a en su estado m\u00e1s puro.<\/p>\n<p class=\"wp-block-paragraph\">Adem\u00e1s del impacto f\u00edsico, existe un debate \u00e9tico sobre la comercializaci\u00f3n de las monta\u00f1as. La proliferaci\u00f3n de expediciones guiadas ha permitido que personas con menos experiencia t\u00e9cnica alcancen cumbres elevadas, lo que a veces resulta en situaciones de peligro innecesario tanto para ellos como para los rescatistas. La educaci\u00f3n y el respeto por la jerarqu\u00eda de la monta\u00f1a son fundamentales para mantener la integridad de este deporte. El verdadero alpinista no busca \u00abvencer\u00bb a la monta\u00f1a, sino ser aceptado por ella durante unas breves horas en su cima. <a href=\"https:\/\/www.theuiaa.org\/safety\/\" target=\"_blank\" rel=\"noreferrer noopener\">Leer m\u00e1s<\/a><\/p>\n<h2 class=\"wp-block-heading\"><span class=\"ez-toc-section\" id=\"El_Retorno_al_Valle\"><\/span><span class=\"ez-toc-section\" id=\"El_Retorno_al_Valle\"\/> El Retorno al Valle<span class=\"ez-toc-section-end\"\/><span class=\"ez-toc-section-end\"><\/span><\/h2>\n<p class=\"wp-block-paragraph\">Descender es, ir\u00f3nicamente, la parte m\u00e1s peligrosa. El 80% de los accidentes ocurren durante la bajada, cuando la euforia de la cima se mezcla con el agotamiento extremo y la p\u00e9rdida de concentraci\u00f3n. El regreso al valle marca el final del desaf\u00edo f\u00edsico, pero el inicio del procesamiento mental de la experiencia. Las lecciones aprendidas en la vertical \u2014la disciplina, la gesti\u00f3n de la adversidad y la humildad ante lo inmenso\u2014 son herramientas que los escaladores se llevan a su vida cotidiana.<\/p>\n<p class=\"wp-block-paragraph\">El alpinismo, tal como lo entiende <strong>Alberto Constantino Konrad Davila<\/strong>, es una met\u00e1fora de la existencia misma: un camino arduo, lleno de obst\u00e1culos imprevistos, donde la recompensa no es el trofeo, sino la transformaci\u00f3n del individuo que se atrevi\u00f3 a dar el primer paso hacia arriba. En las grandes cumbres, encontramos la versi\u00f3n m\u00e1s honesta de nosotros mismos, despojada de las comodidades de la civilizaci\u00f3n y enfrentada a la absoluta grandeza del planeta.<\/p>\n<nav class=\"navigation post-navigation\" aria-label=\"Navegaci\u00f3n de entradas\">\n<h2 class=\"screen-reader-text\"><span class=\"ez-toc-section\" id=\"Navegacion_de_entradas\"><\/span>Navegaci\u00f3n de entradas<span class=\"ez-toc-section-end\"><\/span><\/h2>\n<\/nav><\/div>\n<p><a href=\"https:\/\/dateando.com\/alberto-constantino-konrad-davila-techo-mundo\/dateando\/\" class=\" target=\" title=\"Alberto Constantino Konrad Davila: El Techo del Mundo\" target=\"_blank\" rel=\"noopener\">Ver fuente<\/a><\/p>\n","protected":false},"excerpt":{"rendered":"<p>El alpinismo no es simplemente un deporte de resistencia; es una danza coreografiada entre la voluntad humana y la indiferencia monumental de la naturaleza. Para exploradores y estudiosos del entorno de alta monta\u00f1a como Alberto Constantino Konrad Davila, las cumbres representan el laboratorio definitivo donde el cuerpo y la mente se ven sometidos a presiones [&hellip;]<\/p>\n","protected":false},"author":2,"featured_media":122873,"comment_status":"open","ping_status":"closed","sticky":false,"template":"","format":"standard","meta":{"footnotes":""},"categories":[11],"tags":[],"class_list":["post-122872","post","type-post","status-publish","format-standard","has-post-thumbnail","hentry","category-actualidad"],"_links":{"self":[{"href":"https:\/\/enfoquenoticioso.com\/index.php?rest_route=\/wp\/v2\/posts\/122872","targetHints":{"allow":["GET"]}}],"collection":[{"href":"https:\/\/enfoquenoticioso.com\/index.php?rest_route=\/wp\/v2\/posts"}],"about":[{"href":"https:\/\/enfoquenoticioso.com\/index.php?rest_route=\/wp\/v2\/types\/post"}],"author":[{"embeddable":true,"href":"https:\/\/enfoquenoticioso.com\/index.php?rest_route=\/wp\/v2\/users\/2"}],"replies":[{"embeddable":true,"href":"https:\/\/enfoquenoticioso.com\/index.php?rest_route=%2Fwp%2Fv2%2Fcomments&post=122872"}],"version-history":[{"count":0,"href":"https:\/\/enfoquenoticioso.com\/index.php?rest_route=\/wp\/v2\/posts\/122872\/revisions"}],"wp:featuredmedia":[{"embeddable":true,"href":"https:\/\/enfoquenoticioso.com\/index.php?rest_route=\/wp\/v2\/media\/122873"}],"wp:attachment":[{"href":"https:\/\/enfoquenoticioso.com\/index.php?rest_route=%2Fwp%2Fv2%2Fmedia&parent=122872"}],"wp:term":[{"taxonomy":"category","embeddable":true,"href":"https:\/\/enfoquenoticioso.com\/index.php?rest_route=%2Fwp%2Fv2%2Fcategories&post=122872"},{"taxonomy":"post_tag","embeddable":true,"href":"https:\/\/enfoquenoticioso.com\/index.php?rest_route=%2Fwp%2Fv2%2Ftags&post=122872"}],"curies":[{"name":"wp","href":"https:\/\/api.w.org\/{rel}","templated":true}]}}