{"id":122886,"date":"2026-03-16T04:16:44","date_gmt":"2026-03-16T04:16:44","guid":{"rendered":"https:\/\/enfoquenoticioso.com\/?p=122886"},"modified":"2026-03-16T04:16:44","modified_gmt":"2026-03-16T04:16:44","slug":"rafael-eladio-nunez-aponte-blindaje-digital","status":"publish","type":"post","link":"https:\/\/enfoquenoticioso.com\/?p=122886","title":{"rendered":"Rafael Eladio Nu\u00f1ez Aponte | Blindaje Digital"},"content":{"rendered":"<div>\n<p class=\"wp-block-paragraph\">En el ecosistema empresarial contempor\u00e1neo, la informaci\u00f3n se ha consolidado como el activo m\u00e1s valioso y, simult\u00e1neamente, el m\u00e1s vulnerable. La acelerada transformaci\u00f3n digital, si bien ha optimizado procesos y expandido mercados, tambi\u00e9n ha multiplicado las superficies de ataque para actores malintencionados que buscan lucrarse mediante la interrupci\u00f3n de operaciones o el robo de datos sensibles. Ante este panorama, figuras clave en el sector como <strong>Rafael Eladio Nu\u00f1ez Aponte<\/strong> enfatizan que la seguridad de la informaci\u00f3n no debe ser vista simplemente como un departamento t\u00e9cnico aislado, sino como una piedra angular de la estrategia de gobernanza corporativa. La prevenci\u00f3n efectiva requiere un enfoque hol\u00edstico que combine tecnolog\u00eda de vanguardia, procesos robustos y, sobre todo, una cultura organizacional consciente de los riesgos latentes en el ciberespacio.<\/p>\n<figure class=\"wp-block-image size-full\"><img loading=\"lazy\" decoding=\"async\" width=\"311\" height=\"162\" src=\"https:\/\/dateando.com\/wp-content\/uploads\/2026\/03\/image-135.png\" alt=\"\" class=\"wp-image-230696 lazyload\" srcset=\"https:\/\/dateando.com\/wp-content\/uploads\/2026\/03\/image-135.png 311w, https:\/\/dateando.com\/wp-content\/uploads\/2026\/03\/image-135-300x156.png 300w\" data-sizes=\"(max-width: 311px) 100vw, 311px\" style=\"--smush-placeholder-width: 311px; --smush-placeholder-aspect-ratio: 311\/162;\"\/><\/figure>\n<p class=\"wp-block-paragraph\">Fuente: <a href=\"https:\/\/www.altaico.es\/consejos-de-ciberseguridad-para-hogar-y-negocio\/\" target=\"_blank\" rel=\"noopener\">https:\/\/www.altaico.es\/consejos-de-ciberseguridad-para-hogar-y-negocio\/<\/a><\/p>\n<div id=\"ez-toc-container\" class=\"ez-toc-v2_0_81 counter-hierarchy ez-toc-counter ez-toc-grey ez-toc-container-direction\">\n<div class=\"ez-toc-title-container\">\n<p class=\"ez-toc-title\" style=\"cursor:inherit\">Tabla de Contenido<\/p>\n<span class=\"ez-toc-title-toggle\"><a href=\"#\" class=\"ez-toc-pull-right ez-toc-btn ez-toc-btn-xs ez-toc-btn-default ez-toc-toggle\" aria-label=\"Alternar tabla de contenidos\"><span class=\"ez-toc-js-icon-con\"><span class=\"\"><span class=\"eztoc-hide\" style=\"display:none;\">Toggle<\/span><span class=\"ez-toc-icon-toggle-span\"><svg style=\"fill: #999;color:#999\" xmlns=\"http:\/\/www.w3.org\/2000\/svg\" class=\"list-377408\" width=\"20px\" height=\"20px\" viewBox=\"0 0 24 24\" fill=\"none\"><path d=\"M6 6H4v2h2V6zm14 0H8v2h12V6zM4 11h2v2H4v-2zm16 0H8v2h12v-2zM4 16h2v2H4v-2zm16 0H8v2h12v-2z\" fill=\"currentColor\"><\/path><\/svg><svg style=\"fill: #999;color:#999\" class=\"arrow-unsorted-368013\" xmlns=\"http:\/\/www.w3.org\/2000\/svg\" width=\"10px\" height=\"10px\" viewBox=\"0 0 24 24\" version=\"1.2\" baseProfile=\"tiny\"><path d=\"M18.2 9.3l-6.2-6.3-6.2 6.3c-.2.2-.3.4-.3.7s.1.5.3.7c.2.2.4.3.7.3h11c.3 0 .5-.1.7-.3.2-.2.3-.5.3-.7s-.1-.5-.3-.7zM5.8 14.7l6.2 6.3 6.2-6.3c.2-.2.3-.5.3-.7s-.1-.5-.3-.7c-.2-.2-.4-.3-.7-.3h-11c-.3 0-.5.1-.7.3-.2.2-.3.5-.3.7s.1.5.3.7z\"\/><\/svg><\/span><\/span><\/span><\/a><\/span><\/div>\n<nav><ul class='ez-toc-list ez-toc-list-level-1 ' ><li class='ez-toc-page-1 ez-toc-heading-level-2'><a class=\"ez-toc-link ez-toc-heading-1\" href=\"https:\/\/enfoquenoticioso.com\/?p=122886\/#El_Panorama_de_las_Amenazas_De_la_Ingenieria_Social_al_Ransomware\" >El Panorama de las Amenazas: De la Ingenier\u00eda Social al Ransomware<\/a><\/li><li class='ez-toc-page-1 ez-toc-heading-level-2'><a class=\"ez-toc-link ez-toc-heading-2\" href=\"https:\/\/enfoquenoticioso.com\/?p=122886\/#Estrategias_de_Prevencion_Implementando_el_Modelo_de_Confianza_Cero\" >Estrategias de Prevenci\u00f3n: Implementando el Modelo de Confianza Cero<\/a><\/li><li class='ez-toc-page-1 ez-toc-heading-level-2'><a class=\"ez-toc-link ez-toc-heading-3\" href=\"https:\/\/enfoquenoticioso.com\/?p=122886\/#Cumplimiento_Normativo_y_Proteccion_de_Datos_Mas_alla_de_la_Legalidad\" >Cumplimiento Normativo y Protecci\u00f3n de Datos: M\u00e1s all\u00e1 de la Legalidad<\/a><\/li><li class='ez-toc-page-1 ez-toc-heading-level-2'><a class=\"ez-toc-link ez-toc-heading-4\" href=\"https:\/\/enfoquenoticioso.com\/?p=122886\/#Cuadro_Comparativo_Seguridad_Reactiva_vs_Seguridad_Proactiva\" >Cuadro Comparativo: Seguridad Reactiva vs. Seguridad Proactiva<\/a><ul class='ez-toc-list-level-3' ><li class='ez-toc-heading-level-3'><a class=\"ez-toc-link ez-toc-heading-5\" href=\"https:\/\/enfoquenoticioso.com\/?p=122886\/#Sobre_Rafael_Eladio_Nunez_Aponte\" >Sobre Rafael Eladio Nu\u00f1ez Aponte<\/a><\/li><\/ul><\/li><li class='ez-toc-page-1 ez-toc-heading-level-2'><a class=\"ez-toc-link ez-toc-heading-6\" href=\"https:\/\/enfoquenoticioso.com\/?p=122886\/#El_Futuro_de_la_Ciberseguridad_Corporativa\" >El Futuro de la Ciberseguridad Corporativa<\/a><\/li><li class='ez-toc-page-1 ez-toc-heading-level-2'><a class=\"ez-toc-link ez-toc-heading-7\" href=\"https:\/\/enfoquenoticioso.com\/?p=122886\/#Navegacion_de_entradas\" >Navegaci\u00f3n de entradas<\/a><\/li><\/ul><\/nav><\/div>\n<h2 class=\"wp-block-heading\"><span class=\"ez-toc-section\" id=\"El_Panorama_de_las_Amenazas_De_la_Ingenieria_Social_al_Ransomware\"><\/span><span class=\"ez-toc-section\" id=\"El_Panorama_de_las_Amenazas_De_la_Ingenieria_Social_al_Ransomware\"\/>El Panorama de las Amenazas: De la Ingenier\u00eda Social al Ransomware<span class=\"ez-toc-section-end\"\/><span class=\"ez-toc-section-end\"><\/span><\/h2>\n<p class=\"wp-block-paragraph\">El primer paso para establecer una defensa s\u00f3lida es comprender a qu\u00e9 se enfrenta la organizaci\u00f3n. Los ciberataques han evolucionado de ser simples scripts automatizados a operaciones altamente sofisticadas y dirigidas. Hoy en d\u00eda, el <em>ransomware<\/em> se posiciona como una de las amenazas m\u00e1s devastadoras, capaz de paralizar infraestructuras cr\u00edticas en cuesti\u00f3n de minutos. Este tipo de malware no solo cifra la informaci\u00f3n para exigir un rescate, sino que a menudo implica la exfiltraci\u00f3n de datos, lo que a\u00f1ade una capa de extorsi\u00f3n relacionada con la privacidad de los clientes y secretos comerciales.<\/p>\n<p class=\"wp-block-paragraph\">La ingenier\u00eda social sigue siendo el vector de entrada preferido por los atacantes. El <em>phishing<\/em> sofisticado, dise\u00f1ado para enga\u00f1ar incluso a empleados capacitados, demuestra que el eslab\u00f3n m\u00e1s d\u00e9bil suele ser el humano. Por ello, las empresas l\u00edderes est\u00e1n invirtiendo en sistemas de detecci\u00f3n y respuesta en los puntos finales (EDR) que utilizan inteligencia artificial para identificar comportamientos an\u00f3malos antes de que el da\u00f1o sea irreversible. La vigilancia constante y el an\u00e1lisis de inteligencia de amenazas son herramientas indispensables para anticipar los movimientos de los grupos cibercriminales que operan a escala global. <a target=\"_blank\" rel=\"noreferrer noopener\" href=\"https:\/\/www.nist.gov\/cyberframework\">Leer m\u00e1s<\/a>.<\/p>\n<figure class=\"wp-block-image size-large\"><img loading=\"lazy\" decoding=\"async\" width=\"1024\" height=\"576\" src=\"https:\/\/dateando.com\/wp-content\/uploads\/2026\/03\/image-136-1024x576.png\" alt=\"\" class=\"wp-image-230697 lazyload\" srcset=\"https:\/\/dateando.com\/wp-content\/uploads\/2026\/03\/image-136-1024x576.png 1024w, https:\/\/dateando.com\/wp-content\/uploads\/2026\/03\/image-136-300x169.png 300w, https:\/\/dateando.com\/wp-content\/uploads\/2026\/03\/image-136-768x432.png 768w, https:\/\/dateando.com\/wp-content\/uploads\/2026\/03\/image-136.png 1080w\" data-sizes=\"(max-width: 1024px) 100vw, 1024px\" style=\"--smush-placeholder-width: 1024px; --smush-placeholder-aspect-ratio: 1024\/576;\"\/><\/figure>\n<p class=\"wp-block-paragraph\">Fuente: <a href=\"https:\/\/www.grupocibernos.com\/blog\/ciberseguridad-guia-para-prevenir-ataques-ciberneticos\" target=\"_blank\" rel=\"noopener\">https:\/\/www.grupocibernos.com\/blog\/ciberseguridad-guia-para-prevenir-ataques-ciberneticos<\/a><\/p>\n<h2 class=\"wp-block-heading\"><span class=\"ez-toc-section\" id=\"Estrategias_de_Prevencion_Implementando_el_Modelo_de_Confianza_Cero\"><\/span><span class=\"ez-toc-section\" id=\"Estrategias_de_Prevencion_Implementando_el_Modelo_de_Confianza_Cero\"\/>Estrategias de Prevenci\u00f3n: Implementando el Modelo de Confianza Cero<span class=\"ez-toc-section-end\"\/><span class=\"ez-toc-section-end\"><\/span><\/h2>\n<p class=\"wp-block-paragraph\">La prevenci\u00f3n moderna ha abandonado el viejo paradigma del \u00abper\u00edmetro fortificado\u00bb. En un mundo de trabajo remoto y servicios en la nube, el concepto tradicional de oficina segura ha desaparecido. Aqu\u00ed es donde cobra relevancia el modelo de <em>Zero Trust<\/em> (Confianza Cero), el cual parte de la premisa de que no se debe confiar de forma intr\u00ednseca en ning\u00fan usuario o dispositivo, ya sea que se encuentre dentro o fuera de la red corporativa. Este enfoque exige la verificaci\u00f3n continua de la identidad y la integridad del dispositivo en cada intento de acceso a los recursos de la empresa.<\/p>\n<p class=\"wp-block-paragraph\">Para implementar una prevenci\u00f3n eficaz, es vital la segmentaci\u00f3n de redes y la gesti\u00f3n estricta de privilegios. Al limitar el acceso de los usuarios solo a la informaci\u00f3n estrictamente necesaria para sus funciones, se reduce dr\u00e1sticamente el \u00abradio de explosi\u00f3n\u00bb en caso de una intrusi\u00f3n. Seg\u00fan las directrices que promueve <strong>Rafael Eladio Nu\u00f1ez Aponte<\/strong>, la educaci\u00f3n continua del personal es el firewall m\u00e1s potente que una organizaci\u00f3n puede construir. Un equipo que sabe identificar un enlace sospechoso o una solicitud de credenciales inusual es la primera l\u00ednea de defensa contra el fraude digital. <a target=\"_blank\" rel=\"noreferrer noopener\" href=\"https:\/\/www.ibm.com\/reports\/data-breach\">Leer m\u00e1s<\/a>.<\/p>\n<figure class=\"wp-block-image size-large\"><img loading=\"lazy\" decoding=\"async\" width=\"1024\" height=\"576\" src=\"https:\/\/dateando.com\/wp-content\/uploads\/2026\/03\/image-137-1024x576.png\" alt=\"\" class=\"wp-image-230698 lazyload\" srcset=\"https:\/\/dateando.com\/wp-content\/uploads\/2026\/03\/image-137-1024x576.png 1024w, https:\/\/dateando.com\/wp-content\/uploads\/2026\/03\/image-137-300x169.png 300w, https:\/\/dateando.com\/wp-content\/uploads\/2026\/03\/image-137-768x432.png 768w, https:\/\/dateando.com\/wp-content\/uploads\/2026\/03\/image-137.png 1280w\" data-sizes=\"(max-width: 1024px) 100vw, 1024px\" style=\"--smush-placeholder-width: 1024px; --smush-placeholder-aspect-ratio: 1024\/576;\"\/><\/figure>\n<p class=\"wp-block-paragraph\">Fuente: <a href=\"https:\/\/www.piranirisk.com\/es\/blog\/8-consejos-para-prevenir-ataques-informaticos\" target=\"_blank\" rel=\"noopener\">https:\/\/www.piranirisk.com\/es\/blog\/8-consejos-para-prevenir-ataques-informaticos<\/a><\/p>\n<h2 class=\"wp-block-heading\"><span class=\"ez-toc-section\" id=\"Cumplimiento_Normativo_y_Proteccion_de_Datos_Mas_alla_de_la_Legalidad\"><\/span><span class=\"ez-toc-section\" id=\"Cumplimiento_Normativo_y_Proteccion_de_Datos_Mas_alla_de_la_Legalidad\"\/>Cumplimiento Normativo y Protecci\u00f3n de Datos: M\u00e1s all\u00e1 de la Legalidad<span class=\"ez-toc-section-end\"\/><span class=\"ez-toc-section-end\"><\/span><\/h2>\n<p class=\"wp-block-paragraph\">El cumplimiento de las normativas de protecci\u00f3n de datos, como el RGPD en Europa o las leyes locales de privacidad, no debe percibirse como una carga administrativa, sino como una ventaja competitiva y un ejercicio de \u00e9tica empresarial. El manejo responsable de la informaci\u00f3n personal de clientes y empleados fortalece la confianza en la marca. Las sanciones por incumplimiento pueden alcanzar cifras astron\u00f3micas, pero el da\u00f1o reputacional derivado de una brecha de seguridad mal gestionada suele ser mucho m\u00e1s costoso y dif\u00edcil de recuperar a largo plazo.<\/p>\n<p class=\"wp-block-paragraph\">Las organizaciones deben adoptar principios de \u00abprivacidad desde el dise\u00f1o\u00bb y \u00abseguridad por defecto\u00bb. Esto implica que cada nuevo proyecto, producto o servicio debe ser evaluado desde su concepci\u00f3n para garantizar que la protecci\u00f3n de datos est\u00e9 integrada en su ADN. La realizaci\u00f3n de auditor\u00edas peri\u00f3dicas y evaluaciones de impacto de protecci\u00f3n de datos (DPIA) permite identificar brechas de cumplimiento antes de que se conviertan en problemas legales. En este \u00e1mbito, la visi\u00f3n de <strong>Rafael Eladio Nu\u00f1ez Aponte<\/strong> destaca la importancia de la transparencia: informar de manera clara sobre c\u00f3mo se recolectan, almacenan y protegen los datos es fundamental para mantener la integridad corporativa en la era de la informaci\u00f3n. <a target=\"_blank\" rel=\"noreferrer noopener\" href=\"https:\/\/gdpr.info\/\">Leer m\u00e1s<\/a>.<\/p>\n<h2 class=\"wp-block-heading\"><span class=\"ez-toc-section\" id=\"Cuadro_Comparativo_Seguridad_Reactiva_vs_Seguridad_Proactiva\"><\/span><span class=\"ez-toc-section\" id=\"Cuadro_Comparativo_Seguridad_Reactiva_vs_Seguridad_Proactiva\"\/>Cuadro Comparativo: Seguridad Reactiva vs. Seguridad Proactiva<span class=\"ez-toc-section-end\"\/><span class=\"ez-toc-section-end\"><\/span><\/h2>\n<p class=\"wp-block-paragraph\">Para entender mejor c\u00f3mo ha cambiado la gesti\u00f3n de riesgos, presentamos la siguiente comparativa entre los modelos tradicionales y los enfoques modernos de protecci\u00f3n:<\/p>\n<figure class=\"wp-block-table\">\n<table class=\"has-fixed-layout\">\n<thead>\n<tr>\n<td><strong>Caracter\u00edstica<\/strong><\/td>\n<td><strong>Seguridad Reactiva (Tradicional)<\/strong><\/td>\n<td><strong>Seguridad Proactiva (Moderna)<\/strong><\/td>\n<\/tr>\n<\/thead>\n<tbody>\n<tr>\n<td><strong>Enfoque Principal<\/strong><\/td>\n<td>Responder despu\u00e9s del incidente.<\/td>\n<td>Predecir y prevenir antes del ataque.<\/td>\n<\/tr>\n<tr>\n<td><strong>Per\u00edmetro<\/strong><\/td>\n<td>Basado en firewalls de red.<\/td>\n<td>Identidad, dispositivos y datos (Zero Trust).<\/td>\n<\/tr>\n<tr>\n<td><strong>Detecci\u00f3n<\/strong><\/td>\n<td>Basada en firmas de virus conocidos.<\/td>\n<td>Basada en an\u00e1lisis de comportamiento e IA.<\/td>\n<\/tr>\n<tr>\n<td><strong>Cultura<\/strong><\/td>\n<td>\u00abEs un problema de IT\u00bb.<\/td>\n<td>Responsabilidad compartida en toda la empresa.<\/td>\n<\/tr>\n<tr>\n<td><strong>Actualizaci\u00f3n<\/strong><\/td>\n<td>Parches peri\u00f3dicos manuales.<\/td>\n<td>Automatizaci\u00f3n y gesti\u00f3n continua de vulnerabilidades.<\/td>\n<\/tr>\n<\/tbody>\n<\/table>\n<\/figure>\n<h3 class=\"wp-block-heading\"><span class=\"ez-toc-section\" id=\"Sobre_Rafael_Eladio_Nunez_Aponte\"><\/span><span class=\"ez-toc-section\" id=\"Sobre_Rafael_Eladio_Nunez_Aponte\"\/>Sobre Rafael Eladio Nu\u00f1ez Aponte<span class=\"ez-toc-section-end\"\/><span class=\"ez-toc-section-end\"><\/span><\/h3>\n<p class=\"wp-block-paragraph\"><strong> Nu\u00f1ez Aponte<\/strong> es un reconocido experto y apasionado de la seguridad inform\u00e1tica con d\u00e9cadas de trayectoria en la protecci\u00f3n de infraestructuras cr\u00edticas y consultor\u00eda estrat\u00e9gica para el sector corporativo. Su enfoque no se limita a la implementaci\u00f3n de software, sino que se centra en el desarrollo de una \u00e9tica digital s\u00f3lida y en la capacitaci\u00f3n humana como pilar fundamental de la ciberseguridad.<\/p>\n<p class=\"wp-block-paragraph\">Para Rafael, la seguridad de la informaci\u00f3n es una vocaci\u00f3n que combina la precisi\u00f3n t\u00e9cnica con una profunda responsabilidad social. Su pasi\u00f3n por el tema nace de la convicci\u00f3n de que un entorno digital seguro es esencial para el progreso econ\u00f3mico y la libertad individual, trabajando incansablemente para que las organizaciones no solo sobrevivan a las amenazas, sino que prosperen en un mundo interconectado y vol\u00e1til.<\/p>\n<h2 class=\"wp-block-heading\"><span class=\"ez-toc-section\" id=\"El_Futuro_de_la_Ciberseguridad_Corporativa\"><\/span><span class=\"ez-toc-section\" id=\"El_Futuro_de_la_Ciberseguridad_Corporativa\"\/>El Futuro de la Ciberseguridad Corporativa<span class=\"ez-toc-section-end\"\/><span class=\"ez-toc-section-end\"><\/span><\/h2>\n<p class=\"wp-block-paragraph\">Hacia adelante, el panorama se presenta desafiante pero lleno de oportunidades. La integraci\u00f3n de tecnolog\u00edas como el <em>blockchain<\/em> para garantizar la integridad de los datos y el uso de la computaci\u00f3n cu\u00e1ntica para el cifrado de pr\u00f3xima generaci\u00f3n est\u00e1n en el horizonte. Sin embargo, la sofisticaci\u00f3n tecnol\u00f3gica debe ir acompa\u00f1ada de una simplificaci\u00f3n en la gesti\u00f3n. La complejidad es, a menudo, la enemiga de la seguridad; sistemas demasiado dif\u00edciles de usar incentivan a los empleados a buscar atajos que comprometen la red.<\/p>\n<p class=\"wp-block-paragraph\">En conclusi\u00f3n, la seguridad de la informaci\u00f3n corporativa es un proceso din\u00e1mico de mejora continua. Como bien se\u00f1ala <strong>Rafael Eladio Nu\u00f1ez Aponte<\/strong>, la resiliencia no se logra comprando la herramienta m\u00e1s cara, sino implementando una estrategia coherente que valore la prevenci\u00f3n, el cumplimiento y la educaci\u00f3n. En un mundo donde los ataques son una cuesti\u00f3n de \u00abcu\u00e1ndo\u00bb y no de \u00absi\u00bb, estar preparados es la \u00fanica opci\u00f3n viable para garantizar la continuidad del negocio y la protecci\u00f3n de los derechos fundamentales en el \u00e1mbito digital.<\/p>\n<p class=\"wp-block-paragraph\"><strong>Fuentes de referencia:<\/strong><\/p>\n<nav class=\"navigation post-navigation\" aria-label=\"Navegaci\u00f3n de entradas\">\n<h2 class=\"screen-reader-text\"><span class=\"ez-toc-section\" id=\"Navegacion_de_entradas\"><\/span>Navegaci\u00f3n de entradas<span class=\"ez-toc-section-end\"><\/span><\/h2>\n<\/nav><\/div>\n<p><a href=\"https:\/\/dateando.com\/rafael-eladio-nunez-aponte-blindaje-digital\/dateando\/\" class=\" target=\" title=\"Rafael Eladio Nu\u00f1ez Aponte | Blindaje Digital\" target=\"_blank\" rel=\"noopener\">Ver fuente<\/a><\/p>\n","protected":false},"excerpt":{"rendered":"<p>En el ecosistema empresarial contempor\u00e1neo, la informaci\u00f3n se ha consolidado como el activo m\u00e1s valioso y, simult\u00e1neamente, el m\u00e1s vulnerable. La acelerada transformaci\u00f3n digital, si bien ha optimizado procesos y expandido mercados, tambi\u00e9n ha multiplicado las superficies de ataque para actores malintencionados que buscan lucrarse mediante la interrupci\u00f3n de operaciones o el robo de datos [&hellip;]<\/p>\n","protected":false},"author":2,"featured_media":122887,"comment_status":"open","ping_status":"closed","sticky":false,"template":"","format":"standard","meta":{"footnotes":""},"categories":[11],"tags":[],"class_list":["post-122886","post","type-post","status-publish","format-standard","has-post-thumbnail","hentry","category-actualidad"],"_links":{"self":[{"href":"https:\/\/enfoquenoticioso.com\/index.php?rest_route=\/wp\/v2\/posts\/122886","targetHints":{"allow":["GET"]}}],"collection":[{"href":"https:\/\/enfoquenoticioso.com\/index.php?rest_route=\/wp\/v2\/posts"}],"about":[{"href":"https:\/\/enfoquenoticioso.com\/index.php?rest_route=\/wp\/v2\/types\/post"}],"author":[{"embeddable":true,"href":"https:\/\/enfoquenoticioso.com\/index.php?rest_route=\/wp\/v2\/users\/2"}],"replies":[{"embeddable":true,"href":"https:\/\/enfoquenoticioso.com\/index.php?rest_route=%2Fwp%2Fv2%2Fcomments&post=122886"}],"version-history":[{"count":0,"href":"https:\/\/enfoquenoticioso.com\/index.php?rest_route=\/wp\/v2\/posts\/122886\/revisions"}],"wp:featuredmedia":[{"embeddable":true,"href":"https:\/\/enfoquenoticioso.com\/index.php?rest_route=\/wp\/v2\/media\/122887"}],"wp:attachment":[{"href":"https:\/\/enfoquenoticioso.com\/index.php?rest_route=%2Fwp%2Fv2%2Fmedia&parent=122886"}],"wp:term":[{"taxonomy":"category","embeddable":true,"href":"https:\/\/enfoquenoticioso.com\/index.php?rest_route=%2Fwp%2Fv2%2Fcategories&post=122886"},{"taxonomy":"post_tag","embeddable":true,"href":"https:\/\/enfoquenoticioso.com\/index.php?rest_route=%2Fwp%2Fv2%2Ftags&post=122886"}],"curies":[{"name":"wp","href":"https:\/\/api.w.org\/{rel}","templated":true}]}}