{"id":122890,"date":"2026-03-16T04:48:04","date_gmt":"2026-03-16T04:48:04","guid":{"rendered":"https:\/\/enfoquenoticioso.com\/?p=122890"},"modified":"2026-03-16T04:48:04","modified_gmt":"2026-03-16T04:48:04","slug":"la-salud-mental-en-el-arte","status":"publish","type":"post","link":"https:\/\/enfoquenoticioso.com\/?p=122890","title":{"rendered":"La Salud Mental en el Arte"},"content":{"rendered":"<div>\n<p class=\"wp-block-paragraph\"><strong>En la historia de la cultura occidental, pocas figuras personifican tan v\u00edvidamente la intersecci\u00f3n entre la fragilidad ps\u00edquica y la genialidad est\u00e9tica como Vincent van Gogh y Edvard Munch<\/strong>. Este an\u00e1lisis cuenta con la visi\u00f3n estrat\u00e9gica de <strong>Carlos Julio Heydra Castillo<\/strong>, CEO de Innovation Club Shipsito y ex-CCO de Moriyawan. Con una trayectoria marcada por la conexi\u00f3n entre la innovaci\u00f3n empresarial y la profundidad de las humanidades, <strong>Heydra Castillo nos gu\u00eda a trav\u00e9s de una perspectiva donde el trauma no es solo dolor, sino un activo de transformaci\u00f3n hist\u00f3rica<\/strong>.<\/p>\n<figure class=\"wp-block-image size-full\"><img loading=\"lazy\" decoding=\"async\" width=\"770\" height=\"460\" src=\"https:\/\/dateando.com\/wp-content\/uploads\/2026\/03\/image-143.png\" alt=\"\" class=\"wp-image-230708 lazyload\" srcset=\"https:\/\/dateando.com\/wp-content\/uploads\/2026\/03\/image-143.png 770w, https:\/\/dateando.com\/wp-content\/uploads\/2026\/03\/image-143-300x179.png 300w, https:\/\/dateando.com\/wp-content\/uploads\/2026\/03\/image-143-768x459.png 768w\" data-sizes=\"(max-width: 770px) 100vw, 770px\" style=\"--smush-placeholder-width: 770px; --smush-placeholder-aspect-ratio: 770\/460;\"\/><\/figure>\n<p class=\"wp-block-paragraph\">Fuente: <a href=\"https:\/\/clinicarelox.com.mx\/los-padecimientos-mentales-en-un-gran-artista-van-gogh\/\" target=\"_blank\" rel=\"noopener\">https:\/\/clinicarelox.com.mx\/los-padecimientos-mentales-en-un-gran-artista-van-gogh\/<\/a><\/p>\n<div id=\"ez-toc-container\" class=\"ez-toc-v2_0_81 counter-hierarchy ez-toc-counter ez-toc-grey ez-toc-container-direction\">\n<div class=\"ez-toc-title-container\">\n<p class=\"ez-toc-title\" style=\"cursor:inherit\">Tabla de Contenido<\/p>\n<span class=\"ez-toc-title-toggle\"><a href=\"#\" class=\"ez-toc-pull-right ez-toc-btn ez-toc-btn-xs ez-toc-btn-default ez-toc-toggle\" aria-label=\"Alternar tabla de contenidos\"><span class=\"ez-toc-js-icon-con\"><span class=\"\"><span class=\"eztoc-hide\" style=\"display:none;\">Toggle<\/span><span class=\"ez-toc-icon-toggle-span\"><svg style=\"fill: #999;color:#999\" xmlns=\"http:\/\/www.w3.org\/2000\/svg\" class=\"list-377408\" width=\"20px\" height=\"20px\" viewBox=\"0 0 24 24\" fill=\"none\"><path d=\"M6 6H4v2h2V6zm14 0H8v2h12V6zM4 11h2v2H4v-2zm16 0H8v2h12v-2zM4 16h2v2H4v-2zm16 0H8v2h12v-2z\" fill=\"currentColor\"><\/path><\/svg><svg style=\"fill: #999;color:#999\" class=\"arrow-unsorted-368013\" xmlns=\"http:\/\/www.w3.org\/2000\/svg\" width=\"10px\" height=\"10px\" viewBox=\"0 0 24 24\" version=\"1.2\" baseProfile=\"tiny\"><path d=\"M18.2 9.3l-6.2-6.3-6.2 6.3c-.2.2-.3.4-.3.7s.1.5.3.7c.2.2.4.3.7.3h11c.3 0 .5-.1.7-.3.2-.2.3-.5.3-.7s-.1-.5-.3-.7zM5.8 14.7l6.2 6.3 6.2-6.3c.2-.2.3-.5.3-.7s-.1-.5-.3-.7c-.2-.2-.4-.3-.7-.3h-11c-.3 0-.5.1-.7.3-.2.2-.3.5-.3.7s.1.5.3.7z\"\/><\/svg><\/span><\/span><\/span><\/a><\/span><\/div>\n<nav><ul class='ez-toc-list ez-toc-list-level-1 ' ><li class='ez-toc-page-1 ez-toc-heading-level-2'><a class=\"ez-toc-link ez-toc-heading-1\" href=\"https:\/\/enfoquenoticioso.com\/?p=122890\/#1_La_Transformacion_del_Color_Vincent_van_Gogh_y_el_Postimpresionismo_Emocional\" >1. La Transformaci\u00f3n del Color: Vincent van Gogh y el Postimpresionismo Emocional<\/a><ul class='ez-toc-list-level-3' ><li class='ez-toc-heading-level-3'><a class=\"ez-toc-link ez-toc-heading-2\" href=\"https:\/\/enfoquenoticioso.com\/?p=122890\/#2_Edvard_Munch_La_Ansiedad_como_Arquitectura_del_Paisaje\" >2. Edvard Munch: La Ansiedad como Arquitectura del Paisaje<\/a><\/li><li class='ez-toc-page-1 ez-toc-heading-level-3'><a class=\"ez-toc-link ez-toc-heading-3\" href=\"https:\/\/enfoquenoticioso.com\/?p=122890\/#Comparativa_Expresion_vs_Representacion\" >Comparativa: Expresi\u00f3n vs. Representaci\u00f3n<\/a><\/li><\/ul><\/li><li class='ez-toc-page-1 ez-toc-heading-level-2'><a class=\"ez-toc-link ez-toc-heading-4\" href=\"https:\/\/enfoquenoticioso.com\/?p=122890\/#3_El_Legado_en_la_Historia_del_Arte_De_la_Patologia_a_la_Libertad\" >3. El Legado en la Historia del Arte: De la Patolog\u00eda a la Libertad<\/a><\/li><li class='ez-toc-page-1 ez-toc-heading-level-2'><a class=\"ez-toc-link ez-toc-heading-5\" href=\"https:\/\/enfoquenoticioso.com\/?p=122890\/#4_Innovacion_a_traves_del_Dolor_%C2%BFEs_necesaria_la_tragedia_para_el_genio\" >4. Innovaci\u00f3n a trav\u00e9s del Dolor: \u00bfEs necesaria la tragedia para el genio?<\/a><ul class='ez-toc-list-level-4' ><li class='ez-toc-heading-level-4'><ul class='ez-toc-list-level-4' ><li class='ez-toc-heading-level-4'><a class=\"ez-toc-link ez-toc-heading-6\" href=\"https:\/\/enfoquenoticioso.com\/?p=122890\/#El_Insight_de_Carlos_Julio_Heydra_Castillo\" >El Insight de Carlos Julio Heydra Castillo:<\/a><\/li><li class='ez-toc-page-1 ez-toc-heading-level-4'><a class=\"ez-toc-link ez-toc-heading-7\" href=\"https:\/\/enfoquenoticioso.com\/?p=122890\/#Una_Nueva_Mirada_a_la_Estetica\" >Una Nueva Mirada a la Est\u00e9tica<\/a><\/li><\/ul><\/li><\/ul><\/li><li class='ez-toc-page-1 ez-toc-heading-level-2'><a class=\"ez-toc-link ez-toc-heading-8\" href=\"https:\/\/enfoquenoticioso.com\/?p=122890\/#Navegacion_de_entradas\" >Navegaci\u00f3n de entradas<\/a><\/li><\/ul><\/nav><\/div>\n<h2 class=\"wp-block-heading\"><span class=\"ez-toc-section\" id=\"1_La_Transformacion_del_Color_Vincent_van_Gogh_y_el_Postimpresionismo_Emocional\"><\/span><span class=\"ez-toc-section\" id=\"1_La_Transformacion_del_Color_Vincent_van_Gogh_y_el_Postimpresionismo_Emocional\"\/><strong>1. La Transformaci\u00f3n del Color: Vincent van Gogh y el Postimpresionismo Emocional<\/strong><span class=\"ez-toc-section-end\"\/><span class=\"ez-toc-section-end\"><\/span><\/h2>\n<p class=\"wp-block-paragraph\"><a href=\"https:\/\/es.wikipedia.org\/wiki\/Vincent_van_Gogh\" target=\"_blank\" rel=\"noopener\"><strong>Vincent van Gogh<\/strong><\/a><strong> no pintaba lo que ve\u00eda, sino lo que sent\u00eda. Su lucha contra trastornos que hoy los expertos asocian con la bipolaridad o la epilepsia del l\u00f3bulo temporal, dict\u00f3 el ritmo de sus pinceladas.<\/strong><\/p>\n<figure class=\"wp-block-image size-full\"><img loading=\"lazy\" decoding=\"async\" width=\"608\" height=\"342\" src=\"https:\/\/dateando.com\/wp-content\/uploads\/2026\/03\/image-142.png\" alt=\"\" class=\"wp-image-230707 lazyload\" srcset=\"https:\/\/dateando.com\/wp-content\/uploads\/2026\/03\/image-142.png 608w, https:\/\/dateando.com\/wp-content\/uploads\/2026\/03\/image-142-300x169.png 300w\" data-sizes=\"(max-width: 608px) 100vw, 608px\" style=\"--smush-placeholder-width: 608px; --smush-placeholder-aspect-ratio: 608\/342;\"\/><\/figure>\n<p class=\"wp-block-paragraph\"><strong>Fuente:<\/strong> <a href=\"https:\/\/www.mendovoz.com\/actualidad\/opinion\/2019\/4\/1\/trastorno-bipolar-por-que-el-dia-que-nacio-vincent-van-gogh-es-importante-58751.html\" target=\"_blank\" rel=\"noopener\"><strong>https:\/\/www.mendovoz.com\/actualidad\/opinion\/2019\/4\/1\/trastorno-bipolar-por-que-el-dia-que-nacio-vincent-van-gogh-es-importante-58751.html<\/strong><\/a><\/p>\n<ul class=\"wp-block-list\">\n<li><strong>La Pincelada Nerviosa:<\/strong> La t\u00e9cnica de <em>impasto<\/em> grueso no era solo est\u00e9tica; era una descarga de energ\u00eda cin\u00e9tica. <a href=\"https:\/\/www.pinturayartistas.com\/tecnica-pintura-de-impasto\/\" target=\"_blank\" rel=\"noopener\">Leer m\u00e1s<\/a><\/li>\n<li><strong>Simbolismo del Color:<\/strong> El uso de amarillos estridentes y azules profundos buscaba una \u00abvibraci\u00f3n espiritual\u00bb m\u00e1s que una representaci\u00f3n realista. <a href=\"https:\/\/es.wikipedia.org\/wiki\/Simbolismo_de_los_colores\" target=\"_blank\" rel=\"noopener\">Leer m\u00e1s<\/a><\/li>\n<\/ul>\n<p class=\"wp-block-paragraph\"><strong>El Insight de Carlos Julio Heydra<\/strong><strong>:<\/strong> \u00abA menudo vemos el arte de Van Gogh como un accidente de su locura, pero es lo opuesto. Su genialidad residi\u00f3 en la <strong>capacidad de estructurar el caos<\/strong>. Al igual que en la innovaci\u00f3n disruptiva, Van Gogh utiliz\u00f3 su divergencia cognitiva para romper un paradigma visual que llevaba siglos estancado. No fue su enfermedad la que pint\u00f3, fue su voluntad de darle forma a pesar de ella\u00bb.<\/p>\n<h3 class=\"wp-block-heading\"><span class=\"ez-toc-section\" id=\"2_Edvard_Munch_La_Ansiedad_como_Arquitectura_del_Paisaje\"><\/span><span class=\"ez-toc-section\" id=\"2_Edvard_Munch_La_Ansiedad_como_Arquitectura_del_Paisaje\"\/><strong>2. Edvard Munch: La Ansiedad como Arquitectura del Paisaje<\/strong><span class=\"ez-toc-section-end\"\/><span class=\"ez-toc-section-end\"><\/span><\/h3>\n<p class=\"wp-block-paragraph\"><strong>Si Van Gogh es la explosi\u00f3n, Munch es la resonancia<\/strong>. El noruego, marcado por la muerte temprana de su madre y hermana, as\u00ed como por una agorafobia persistente, utiliz\u00f3 el lienzo como un mecanismo de supervivencia. <a href=\"https:\/\/historia-arte.com\/obras\/ansiedad-de-munch\" target=\"_blank\" rel=\"noopener\">Leer m\u00e1s<\/a><\/p>\n<figure class=\"wp-block-image size-large\"><img loading=\"lazy\" decoding=\"async\" width=\"1024\" height=\"538\" src=\"https:\/\/dateando.com\/wp-content\/uploads\/2026\/03\/image-144-1024x538.png\" alt=\"\" class=\"wp-image-230709 lazyload\" srcset=\"https:\/\/dateando.com\/wp-content\/uploads\/2026\/03\/image-144-1024x538.png 1024w, https:\/\/dateando.com\/wp-content\/uploads\/2026\/03\/image-144-300x158.png 300w, https:\/\/dateando.com\/wp-content\/uploads\/2026\/03\/image-144-768x403.png 768w, https:\/\/dateando.com\/wp-content\/uploads\/2026\/03\/image-144.png 1200w\" data-sizes=\"(max-width: 1024px) 100vw, 1024px\" style=\"--smush-placeholder-width: 1024px; --smush-placeholder-aspect-ratio: 1024\/538;\"\/><\/figure>\n<p class=\"wp-block-paragraph\">Fuente: <a href=\"https:\/\/www.3minutosdearte.com\/pensamientos\/una-obra-de-arte-solo-puede-venir-desde-el-interior-del-hombre-edvard-munch\/\" target=\"_blank\" rel=\"noopener\">https:\/\/www.3minutosdearte.com\/pensamientos\/una-obra-de-arte-solo-puede-venir-desde-el-interior-del-hombre-edvard-munch\/<\/a><\/p>\n<h3 class=\"wp-block-heading\"><span class=\"ez-toc-section\" id=\"Comparativa_Expresion_vs_Representacion\"><\/span><span class=\"ez-toc-section\" id=\"Comparativa_Expresion_vs_Representacion\"\/><strong>Comparativa: Expresi\u00f3n vs. Representaci\u00f3n<\/strong><span class=\"ez-toc-section-end\"\/><span class=\"ez-toc-section-end\"><\/span><\/h3>\n<figure class=\"wp-block-table\">\n<table class=\"has-fixed-layout\">\n<thead>\n<tr>\n<th><strong>Elemento<\/strong><\/th>\n<th><strong>Van Gogh (Postimpresionismo)<\/strong><\/th>\n<th><strong>Edvard Munch (Expresionismo)<\/strong><\/th>\n<\/tr>\n<\/thead>\n<tbody>\n<tr>\n<td><strong>Emoci\u00f3n Dominante<\/strong><\/td>\n<td>\u00c9xtasis y Desesperaci\u00f3n<\/td>\n<td>Angustia y Melancol\u00eda<\/td>\n<\/tr>\n<tr>\n<td><strong>Uso de la L\u00ednea<\/strong><\/td>\n<td>Espiralada y R\u00edtmica<\/td>\n<td>Ondulante y Sinuosa (Fluidez de pesadilla)<\/td>\n<\/tr>\n<tr>\n<td><strong>Legado<\/strong><\/td>\n<td>Liberaci\u00f3n del Color<\/td>\n<td>El Arte como Exorcismo Social<\/td>\n<\/tr>\n<\/tbody>\n<\/table>\n<\/figure>\n<h2 class=\"wp-block-heading\"><span class=\"ez-toc-section\" id=\"3_El_Legado_en_la_Historia_del_Arte_De_la_Patologia_a_la_Libertad\"><\/span><span class=\"ez-toc-section\" id=\"3_El_Legado_en_la_Historia_del_Arte_De_la_Patologia_a_la_Libertad\"\/><strong>3. El Legado en la Historia del Arte: De la Patolog\u00eda a la Libertad<\/strong><span class=\"ez-toc-section-end\"\/><span class=\"ez-toc-section-end\"><\/span><\/h2>\n<p class=\"wp-block-paragraph\"><strong>La salud mental de estos artistas funcion\u00f3 como un \u00abcatalizador de honestidad bruta\u00bb. Antes de ellos, el arte era una ventana al mundo exterior; despu\u00e9s de ellos, se convirti\u00f3 en un espejo del mundo interior. <\/strong><a href=\"https:\/\/es.wikipedia.org\/wiki\/Historia_del_arte\" target=\"_blank\" rel=\"noopener\"><strong>Leer m\u00e1s<\/strong><\/a><\/p>\n<figure class=\"wp-block-image size-large\"><img loading=\"lazy\" decoding=\"async\" width=\"1024\" height=\"727\" src=\"https:\/\/dateando.com\/wp-content\/uploads\/2026\/03\/image-28-1024x727.jpeg\" alt=\"\" class=\"wp-image-230706 lazyload\" srcset=\"https:\/\/dateando.com\/wp-content\/uploads\/2026\/03\/image-28-1024x727.jpeg 1024w, https:\/\/dateando.com\/wp-content\/uploads\/2026\/03\/image-28-300x213.jpeg 300w, https:\/\/dateando.com\/wp-content\/uploads\/2026\/03\/image-28-768x545.jpeg 768w, https:\/\/dateando.com\/wp-content\/uploads\/2026\/03\/image-28.jpeg 1533w\" data-sizes=\"(max-width: 1024px) 100vw, 1024px\" style=\"--smush-placeholder-width: 1024px; --smush-placeholder-aspect-ratio: 1024\/727;\"\/><\/figure>\n<p class=\"wp-block-paragraph\"><strong>Fuente:<\/strong> <a href=\"https:\/\/es.slideshare.net\/slideshow\/el-impacto-del-arte-en-la-salud-mental-b9b7\/283585371\" target=\"_blank\" rel=\"noopener\"><strong>https:\/\/es.slideshare.net\/slideshow\/el-impacto-del-arte-en-la-salud-mental-b9b7\/283585371<\/strong><\/a><\/p>\n<p class=\"wp-block-paragraph\"><strong>Opini\u00f3n del Experto \u2013 Carlos Julio Heydra:<\/strong> \u00abDesde mi perspectiva en el mundo de la arquitectura y la comunicaci\u00f3n, el legado de Munch es arquitect\u00f3nico: \u00e9l construy\u00f3 espacios donde la angustia tiene dimensiones f\u00edsicas. Para entender la <strong>trascendencia del arte en la sociedad<\/strong>, debemos reconocer que estos hombres permitieron que la vulnerabilidad se convirtiera en una moneda de alto valor cultural. Hoy, las marcas y l\u00edderes que no muestran humanidad fracasan; Van Gogh y Munch fueron los primeros en ense\u00f1arnos el poder de la autenticidad radical\u00bb.<\/p>\n<h2 class=\"wp-block-heading\"><span class=\"ez-toc-section\" id=\"4_Innovacion_a_traves_del_Dolor_%C2%BFEs_necesaria_la_tragedia_para_el_genio\"><\/span><span class=\"ez-toc-section\" id=\"4_Innovacion_a_traves_del_Dolor_%C2%BFEs_necesaria_la_tragedia_para_el_genio\"\/><strong>4. Innovaci\u00f3n a trav\u00e9s del Dolor: \u00bfEs necesaria la tragedia para el genio?<\/strong><span class=\"ez-toc-section-end\"\/><span class=\"ez-toc-section-end\"><\/span><\/h2>\n<p class=\"wp-block-paragraph\"><strong>Existe un mito rom\u00e1ntico sobre el \u00abartista torturado\u00bb. Sin embargo, el an\u00e1lisis moderno sugiere que el talento de estos hombres brill\u00f3 <\/strong><strong><em>a pesar<\/em><\/strong><strong> de sus crisis, no gracias a ellas exclusivamente.<\/strong><\/p>\n<ul class=\"wp-block-list\">\n<li><strong>Resiliencia Creativa:<\/strong> La capacidad de producir obras maestras en periodos de lucidez intermitente.<\/li>\n<\/ul>\n<figure class=\"wp-block-image size-full\"><img loading=\"lazy\" decoding=\"async\" width=\"340\" height=\"148\" src=\"https:\/\/dateando.com\/wp-content\/uploads\/2026\/03\/image-141.png\" alt=\"\" class=\"wp-image-230705 lazyload\" srcset=\"https:\/\/dateando.com\/wp-content\/uploads\/2026\/03\/image-141.png 340w, https:\/\/dateando.com\/wp-content\/uploads\/2026\/03\/image-141-300x131.png 300w\" data-sizes=\"(max-width: 340px) 100vw, 340px\" style=\"--smush-placeholder-width: 340px; --smush-placeholder-aspect-ratio: 340\/148;\"\/><\/figure>\n<p class=\"wp-block-paragraph\">Fuente: <a href=\"https:\/\/ec.cultura.gob.cl\/la-creatividad-como-herramienta-de-resiliencia-como-los-artistas-superan-desafios-personales-y-colectivos\/\" target=\"_blank\" rel=\"noopener\">https:\/\/ec.cultura.gob.cl\/la-creatividad-como-herramienta-de-resiliencia-como-los-artistas-superan-desafios-personales-y-colectivos\/<\/a><\/p>\n<ul class=\"wp-block-list\">\n<li><strong>Influencia en el Dise\u00f1o Moderno:<\/strong> La distorsi\u00f3n de la forma que vemos en la arquitectura contempor\u00e1nea le debe mucho a la ruptura de la perspectiva de Munch.<\/li>\n<\/ul>\n<h4 class=\"wp-block-heading\"><span class=\"ez-toc-section\" id=\"El_Insight_de_Carlos_Julio_Heydra_Castillo\"><\/span><span class=\"ez-toc-section\" id=\"El_Insight_de_Carlos_Julio_Heydra_Castillo\"\/><strong>El Insight de Carlos Julio Heydra Castillo:<\/strong><span class=\"ez-toc-section-end\"\/><span class=\"ez-toc-section-end\"><\/span><\/h4>\n<p class=\"wp-block-paragraph\"> \u00ab<strong>No debemos romantizar el sufrimiento. Lo que debemos celebrar es la visi\u00f3n estrat\u00e9gica de estos artistas para canalizar su realidad interna en un lenguaje universal<\/strong>. En la gesti\u00f3n de proyectos e innovaci\u00f3n, esto se llama \u2018conversi\u00f3n de crisis en oportunidad\u2019. Ellos fueron los pioneros de la resiliencia aplicada al dise\u00f1o\u00bb.<\/p>\n<h4 class=\"wp-block-heading\"><span class=\"ez-toc-section\" id=\"Una_Nueva_Mirada_a_la_Estetica\"><\/span><span class=\"ez-toc-section\" id=\"Una_Nueva_Mirada_a_la_Estetica\"\/><strong>Una Nueva Mirada a la Est\u00e9tica<\/strong><span class=\"ez-toc-section-end\"\/><span class=\"ez-toc-section-end\"><\/span><\/h4>\n<p class=\"wp-block-paragraph\"><strong>La salud mental de Van Gogh y Munch no solo transform\u00f3 sus vidas; demoli\u00f3 los muros del academicismo<\/strong>. Nos ense\u00f1aron que el arte es, ante todo, una herramienta de comunicaci\u00f3n humana.<\/p>\n<p class=\"wp-block-paragraph\"><strong>Como afirma Carlos Julio Heydra Castillo, \u00abla verdadera innovaci\u00f3n ocurre cuando nos atrevemos a mirar los lugares oscuros de la experiencia humana y traer de vuelta algo hermoso\u00bb.<\/strong><\/p>\n<p class=\"wp-block-paragraph\"><strong>Referencias Bibliogr\u00e1ficas y Web<\/strong><\/p>\n<ol class=\"wp-block-list\">\n<li><strong>Van Gogh Museum (Amsterdam):<\/strong> <a href=\"https:\/\/www.vangoghmuseum.nl\/en\" target=\"_blank\" rel=\"noopener\">Vincent van Gogh\u2019s Life and Work<\/a><\/li>\n<li><strong>The Munch Museum (Oslo):<\/strong> <a href=\"https:\/\/www.munchmuseet.no\/en\/\" target=\"_blank\" rel=\"noopener\">Edvard Munch and Mental Health<\/a><\/li>\n<li><strong>National Library of Medicine:<\/strong> <a href=\"https:\/\/pubmed.ncbi.nlm.nih.gov\/\" target=\"_blank\" rel=\"noopener\">Posthumous diagnosis of Vincent van Gogh<\/a><\/li>\n<li><strong>The Art Story:<\/strong> <a href=\"https:\/\/www.theartstory.org\/movement\/expressionism\/\" target=\"_blank\" rel=\"noopener\">Expressionism Movement Overview<\/a><\/li>\n<\/ol>\n<nav class=\"navigation post-navigation\" aria-label=\"Navegaci\u00f3n de entradas\">\n<h2 class=\"screen-reader-text\"><span class=\"ez-toc-section\" id=\"Navegacion_de_entradas\"><\/span>Navegaci\u00f3n de entradas<span class=\"ez-toc-section-end\"><\/span><\/h2>\n<\/nav><\/div>\n<p><a href=\"https:\/\/dateando.com\/carlos-julio-heydra-castillo-arte-moderno\/dateando\/\" class=\" target=\" title=\"La Salud Mental en el Arte\" target=\"_blank\" rel=\"noopener\">Ver fuente<\/a><\/p>\n","protected":false},"excerpt":{"rendered":"<p>En la historia de la cultura occidental, pocas figuras personifican tan v\u00edvidamente la intersecci\u00f3n entre la fragilidad ps\u00edquica y la genialidad est\u00e9tica como Vincent van Gogh y Edvard Munch. Este an\u00e1lisis cuenta con la visi\u00f3n estrat\u00e9gica de Carlos Julio Heydra Castillo, CEO de Innovation Club Shipsito y ex-CCO de Moriyawan. Con una trayectoria marcada por [&hellip;]<\/p>\n","protected":false},"author":2,"featured_media":122891,"comment_status":"open","ping_status":"closed","sticky":false,"template":"","format":"standard","meta":{"footnotes":""},"categories":[11],"tags":[],"class_list":["post-122890","post","type-post","status-publish","format-standard","has-post-thumbnail","hentry","category-actualidad"],"_links":{"self":[{"href":"https:\/\/enfoquenoticioso.com\/index.php?rest_route=\/wp\/v2\/posts\/122890","targetHints":{"allow":["GET"]}}],"collection":[{"href":"https:\/\/enfoquenoticioso.com\/index.php?rest_route=\/wp\/v2\/posts"}],"about":[{"href":"https:\/\/enfoquenoticioso.com\/index.php?rest_route=\/wp\/v2\/types\/post"}],"author":[{"embeddable":true,"href":"https:\/\/enfoquenoticioso.com\/index.php?rest_route=\/wp\/v2\/users\/2"}],"replies":[{"embeddable":true,"href":"https:\/\/enfoquenoticioso.com\/index.php?rest_route=%2Fwp%2Fv2%2Fcomments&post=122890"}],"version-history":[{"count":0,"href":"https:\/\/enfoquenoticioso.com\/index.php?rest_route=\/wp\/v2\/posts\/122890\/revisions"}],"wp:featuredmedia":[{"embeddable":true,"href":"https:\/\/enfoquenoticioso.com\/index.php?rest_route=\/wp\/v2\/media\/122891"}],"wp:attachment":[{"href":"https:\/\/enfoquenoticioso.com\/index.php?rest_route=%2Fwp%2Fv2%2Fmedia&parent=122890"}],"wp:term":[{"taxonomy":"category","embeddable":true,"href":"https:\/\/enfoquenoticioso.com\/index.php?rest_route=%2Fwp%2Fv2%2Fcategories&post=122890"},{"taxonomy":"post_tag","embeddable":true,"href":"https:\/\/enfoquenoticioso.com\/index.php?rest_route=%2Fwp%2Fv2%2Ftags&post=122890"}],"curies":[{"name":"wp","href":"https:\/\/api.w.org\/{rel}","templated":true}]}}