{"id":12294,"date":"2024-07-17T11:43:08","date_gmt":"2024-07-17T11:43:08","guid":{"rendered":"https:\/\/enfoquenoticioso.com\/sucesos\/periodistas-e-integrantes-de-cuerpos-de-rescate-registran-incremento-de-accidentes-de-motos-en-50-por-dia\/"},"modified":"2024-07-17T11:43:08","modified_gmt":"2024-07-17T11:43:08","slug":"periodistas-e-integrantes-de-cuerpos-de-rescate-registran-incremento-de-accidentes-de-motos-en-50-por-dia","status":"publish","type":"post","link":"https:\/\/enfoquenoticioso.com\/?p=12294","title":{"rendered":"Periodistas e integrantes de cuerpos de rescate registran incremento de accidentes de motos en 50 por d\u00eda"},"content":{"rendered":"<div id=\"post-533008\">\n<div class=\"entry-thumbnail\">\n<img width=\"675\" height=\"437\" src=\"https:\/\/i0.wp.com\/noticiasaldiayalahora.co\/wp-content\/uploads\/2024\/06\/motopiruetas-1.jpg?resize=675%2C437&amp;ssl=1\" class=\"attachment-content-single size-content-single wp-post-image\" alt=\"\" decoding=\"async\" fetchpriority=\"high\"\/><\/div>\n<p class=\"entry-meta\">\n<span class=\"entry-meta-author vcard author\">Por: <a class=\"fn\" href=\"https:\/\/noticiasaldiayalahora.co\/author\/redaccion\/\" target=\"_blank\" rel=\"noopener\">Redacci\u00f3n Noticias al Dia y a la Hora<\/a><\/span><br \/>\n<span class=\"entry-meta-date updated\">17 julio, 2024<\/span>\n<\/p>\n<div class=\"entry-content clearfix\">\n<p>A falta de cifras oficiales de siniestros viales, periodistas e integrantes de cuerpos de rescate han registrado un incremento de accidentes en motos.<span id=\"more-533008\"\/><\/p>\n<p>por <strong>Impacto Venezuela<\/strong><\/p>\n<p>En este sentido, Andrea Rocha, periodista y administradora de la cuenta en\u00a0<em>X<\/em>\u00a0Informaci\u00f3n Vial expres\u00f3 que todos los d\u00edas hay reportes sobre fallecidos en las carreteras.<\/p>\n<p>Lo que es peor, agrega que la mayor\u00eda de las v\u00edctimas son menores de 30 a\u00f1os que no cuentan con seguros.<\/p>\n<p>\u201cHay dos temas importantes: la educaci\u00f3n y la aplicaci\u00f3n de la ley\u201d, se\u00f1al\u00f3 Rocha en una entrevista ofrecida al Circuito \u00c9xitos de Uni\u00f3n Radio, donde detall\u00f3 que muchas personas usan las motos como veh\u00edculos tipos Sedan o de carga para transporta mercanc\u00eda.<\/p>\n<p>Destac\u00f3 que otro punto importante es el uso de cascos, que no cumplen con los requerimientos de seguridad.<\/p>\n<p>Por otra parte, Jacobo Vidarte, reconocido rescatista,\u00a0afirm\u00f3 que antes de la pandemia 148 personas se mor\u00edan en hechos de tr\u00e1nsito, pero hoy en d\u00eda hay un repunte por la venta de motos y \u201clas estad\u00edsticas que se han venido oscureciendo\u201d.<\/p>\n<p>\u201cEn Venezuela son 18.000 motos involucradas en accidentes de tr\u00e1nsito cada a\u00f1o, hablamos de 50 diarias\u201d.<\/p>\n<p>Finalmente, Vidarte acot\u00f3 que un motorizado lesionado puede gastar hasta 10.000 d\u00f3lares para tratar una simple fractura.<\/p>\n<div id=\"ez-toc-container\" class=\"ez-toc-v2_0_81 counter-hierarchy ez-toc-counter ez-toc-grey ez-toc-container-direction\">\n<div class=\"ez-toc-title-container\">\n<p class=\"ez-toc-title\" style=\"cursor:inherit\">Tabla de Contenido<\/p>\n<span class=\"ez-toc-title-toggle\"><a href=\"#\" class=\"ez-toc-pull-right ez-toc-btn ez-toc-btn-xs ez-toc-btn-default ez-toc-toggle\" aria-label=\"Alternar tabla de contenidos\"><span class=\"ez-toc-js-icon-con\"><span class=\"\"><span class=\"eztoc-hide\" style=\"display:none;\">Toggle<\/span><span class=\"ez-toc-icon-toggle-span\"><svg style=\"fill: #999;color:#999\" xmlns=\"http:\/\/www.w3.org\/2000\/svg\" class=\"list-377408\" width=\"20px\" height=\"20px\" viewBox=\"0 0 24 24\" fill=\"none\"><path d=\"M6 6H4v2h2V6zm14 0H8v2h12V6zM4 11h2v2H4v-2zm16 0H8v2h12v-2zM4 16h2v2H4v-2zm16 0H8v2h12v-2z\" fill=\"currentColor\"><\/path><\/svg><svg style=\"fill: #999;color:#999\" class=\"arrow-unsorted-368013\" xmlns=\"http:\/\/www.w3.org\/2000\/svg\" width=\"10px\" height=\"10px\" viewBox=\"0 0 24 24\" version=\"1.2\" baseProfile=\"tiny\"><path d=\"M18.2 9.3l-6.2-6.3-6.2 6.3c-.2.2-.3.4-.3.7s.1.5.3.7c.2.2.4.3.7.3h11c.3 0 .5-.1.7-.3.2-.2.3-.5.3-.7s-.1-.5-.3-.7zM5.8 14.7l6.2 6.3 6.2-6.3c.2-.2.3-.5.3-.7s-.1-.5-.3-.7c-.2-.2-.4-.3-.7-.3h-11c-.3 0-.5.1-.7.3-.2.2-.3.5-.3.7s.1.5.3.7z\"\/><\/svg><\/span><\/span><\/span><\/a><\/span><\/div>\n<nav><ul class='ez-toc-list ez-toc-list-level-1 ' ><li class='ez-toc-page-1 ez-toc-heading-level-4'><a class=\"ez-toc-link ez-toc-heading-1\" href=\"https:\/\/enfoquenoticioso.com\/?p=12294\/#Sigue_al_canal_de_noticias_en_Whatsaap\" >Sigue al canal de noticias en Whatsaap\u00a0<\/a><\/li><\/ul><\/nav><\/div>\n<h4><span class=\"ez-toc-section\" id=\"Sigue_al_canal_de_noticias_en_Whatsaap\"><\/span><strong><a href=\"https:\/\/whatsapp.com\/channel\/0029VaDXFnLId7nFFiDdVI26?fbclid=IwAR1LnVJqcByTELJH4Ht086FYRmdx18pRnV7CrkzmTJ5JaLHYY0igukfL9Yk\" target=\"_blank\" rel=\"noopener\">Sigue al canal de noticias en Whatsaap\u00a0<\/a><\/strong><span class=\"ez-toc-section-end\"><\/span><\/h4>\n<\/div>\n<\/div>\n<p><a href=\"https:\/\/noticiasaldiayalahora.co\/sucesos\/periodistas-e-integrantes-de-cuerpos-de-rescate-registran-incremento-de-accidentes-de-motos-en-50-por-dia\/\" class=\" target=\" title=\"Periodistas e integrantes de cuerpos de rescate registran incremento de accidentes de motos en 50 por d\u00eda\" target=\"_blank\" rel=\"noopener\">Ver fuente<\/a><\/p>\n","protected":false},"excerpt":{"rendered":"<p>Por: Redacci\u00f3n Noticias al Dia y a la Hora 17 julio, 2024 A falta de cifras oficiales de siniestros viales, periodistas e integrantes de cuerpos de rescate han registrado un incremento de accidentes en motos. por Impacto Venezuela En este sentido, Andrea Rocha, periodista y administradora de la cuenta en\u00a0X\u00a0Informaci\u00f3n Vial expres\u00f3 que todos los [&hellip;]<\/p>\n","protected":false},"author":2,"featured_media":7766,"comment_status":"open","ping_status":"closed","sticky":false,"template":"","format":"standard","meta":{"footnotes":""},"categories":[5],"tags":[],"class_list":["post-12294","post","type-post","status-publish","format-standard","has-post-thumbnail","hentry","category-sucesos"],"_links":{"self":[{"href":"https:\/\/enfoquenoticioso.com\/index.php?rest_route=\/wp\/v2\/posts\/12294","targetHints":{"allow":["GET"]}}],"collection":[{"href":"https:\/\/enfoquenoticioso.com\/index.php?rest_route=\/wp\/v2\/posts"}],"about":[{"href":"https:\/\/enfoquenoticioso.com\/index.php?rest_route=\/wp\/v2\/types\/post"}],"author":[{"embeddable":true,"href":"https:\/\/enfoquenoticioso.com\/index.php?rest_route=\/wp\/v2\/users\/2"}],"replies":[{"embeddable":true,"href":"https:\/\/enfoquenoticioso.com\/index.php?rest_route=%2Fwp%2Fv2%2Fcomments&post=12294"}],"version-history":[{"count":0,"href":"https:\/\/enfoquenoticioso.com\/index.php?rest_route=\/wp\/v2\/posts\/12294\/revisions"}],"wp:featuredmedia":[{"embeddable":true,"href":"https:\/\/enfoquenoticioso.com\/index.php?rest_route=\/wp\/v2\/media\/7766"}],"wp:attachment":[{"href":"https:\/\/enfoquenoticioso.com\/index.php?rest_route=%2Fwp%2Fv2%2Fmedia&parent=12294"}],"wp:term":[{"taxonomy":"category","embeddable":true,"href":"https:\/\/enfoquenoticioso.com\/index.php?rest_route=%2Fwp%2Fv2%2Fcategories&post=12294"},{"taxonomy":"post_tag","embeddable":true,"href":"https:\/\/enfoquenoticioso.com\/index.php?rest_route=%2Fwp%2Fv2%2Ftags&post=12294"}],"curies":[{"name":"wp","href":"https:\/\/api.w.org\/{rel}","templated":true}]}}