{"id":123501,"date":"2026-03-20T06:12:14","date_gmt":"2026-03-20T06:12:14","guid":{"rendered":"https:\/\/enfoquenoticioso.com\/?p=123501"},"modified":"2026-03-20T06:12:14","modified_gmt":"2026-03-20T06:12:14","slug":"carlos-alessandro-cestari-infantini-enterate-el-vaiven-del-capital-como-entender-los-ciclos-economicos","status":"publish","type":"post","link":"https:\/\/enfoquenoticioso.com\/?p=123501","title":{"rendered":"Carlos Alessandro Cestari Infantini | \u00a1Ent\u00e9rate! El vaiv\u00e9n del capital: \u00bfC\u00f3mo entender los ciclos econ\u00f3micos?"},"content":{"rendered":"<div>\n<p class=\"wp-block-paragraph\"><strong><em>DAT.-<\/em><\/strong> Las gr\u00e1ficas de crecimiento que presentan los gobiernos y las instituciones financieras internacionales no son l\u00edneas rectas ascendentes, sino un conjunto de ondulaciones que reflejan la respiraci\u00f3n propia de los mercados. Este fen\u00f3meno, denominado <a href=\"https:\/\/economipedia.com\/definiciones\/ciclo-economico.html\" data-type=\"link\" data-id=\"https:\/\/economipedia.com\/definiciones\/ciclo-economico.html\" target=\"_blank\" rel=\"noopener\">ciclo econ\u00f3mico<\/a>, determina desde la facilidad para obtener un cr\u00e9dito hipotecario hasta la tasa de desempleo en una regi\u00f3n espec\u00edfica. Comprender que la econom\u00eda se mueve por etapas repetitivas es fundamental para cualquier ciudadano que desee proteger sus ahorros o para el empresario que busca el momento exacto para expandir su flota de distribuci\u00f3n.<\/p>\n<p class=\"wp-block-paragraph\">Explica Carlos Alessandro Cestari Infantini que cada movimiento del Producto Interno Bruto (PIB) responde a una l\u00f3gica de causas y efectos donde el consumo, la inversi\u00f3n y las pol\u00edticas monetarias juegan un papel protagonista. Estas fluctuaciones no tienen una duraci\u00f3n fija; algunas pueden extenderse por d\u00e9cadas mientras que otras son frenadas bruscamente por eventos imprevistos. Sin embargo, todas comparten una estructura t\u00e9cnica que permite a los analistas identificar en qu\u00e9 punto del recorrido nos encontramos, facilitando la toma de decisiones estrat\u00e9gicas antes de que el panorama cambie por completo.<\/p>\n<div id=\"ez-toc-container\" class=\"ez-toc-v2_0_81 counter-hierarchy ez-toc-counter ez-toc-grey ez-toc-container-direction\">\n<div class=\"ez-toc-title-container\">\n<p class=\"ez-toc-title\" style=\"cursor:inherit\">Tabla de Contenido<\/p>\n<span class=\"ez-toc-title-toggle\"><a href=\"#\" class=\"ez-toc-pull-right ez-toc-btn ez-toc-btn-xs ez-toc-btn-default ez-toc-toggle\" aria-label=\"Alternar tabla de contenidos\"><span class=\"ez-toc-js-icon-con\"><span class=\"\"><span class=\"eztoc-hide\" style=\"display:none;\">Toggle<\/span><span class=\"ez-toc-icon-toggle-span\"><svg style=\"fill: #999;color:#999\" xmlns=\"http:\/\/www.w3.org\/2000\/svg\" class=\"list-377408\" width=\"20px\" height=\"20px\" viewBox=\"0 0 24 24\" fill=\"none\"><path d=\"M6 6H4v2h2V6zm14 0H8v2h12V6zM4 11h2v2H4v-2zm16 0H8v2h12v-2zM4 16h2v2H4v-2zm16 0H8v2h12v-2z\" fill=\"currentColor\"><\/path><\/svg><svg style=\"fill: #999;color:#999\" class=\"arrow-unsorted-368013\" xmlns=\"http:\/\/www.w3.org\/2000\/svg\" width=\"10px\" height=\"10px\" viewBox=\"0 0 24 24\" version=\"1.2\" baseProfile=\"tiny\"><path d=\"M18.2 9.3l-6.2-6.3-6.2 6.3c-.2.2-.3.4-.3.7s.1.5.3.7c.2.2.4.3.7.3h11c.3 0 .5-.1.7-.3.2-.2.3-.5.3-.7s-.1-.5-.3-.7zM5.8 14.7l6.2 6.3 6.2-6.3c.2-.2.3-.5.3-.7s-.1-.5-.3-.7c-.2-.2-.4-.3-.7-.3h-11c-.3 0-.5.1-.7.3-.2.2-.3.5-.3.7s.1.5.3.7z\"\/><\/svg><\/span><\/span><\/span><\/a><\/span><\/div>\n<nav><ul class='ez-toc-list ez-toc-list-level-1 ' ><li class='ez-toc-page-1 ez-toc-heading-level-2'><a class=\"ez-toc-link ez-toc-heading-1\" href=\"https:\/\/enfoquenoticioso.com\/?p=123501\/#Del_optimismo_de_la_expansion_al_vertigo_del_pico\" >Del optimismo de la expansi\u00f3n al v\u00e9rtigo del pico<\/a><ul class='ez-toc-list-level-4' ><li class='ez-toc-heading-level-4'><ul class='ez-toc-list-level-4' ><li class='ez-toc-heading-level-4'><a class=\"ez-toc-link ez-toc-heading-2\" href=\"https:\/\/enfoquenoticioso.com\/?p=123501\/#LEA_TAMBIEN_Carlos_Alessandro_Cestari_Infantini_Nuevo_paradigma_financiero_%C2%A1El_rol_de_las_criptomonedas_en_2026\" >LEA TAMBI\u00c9N | Carlos Alessandro Cestari Infantini | Nuevo paradigma financiero: \u00a1El rol de las criptomonedas en 2026!<\/a><\/li><\/ul><\/li><\/ul><\/li><li class='ez-toc-page-1 ez-toc-heading-level-2'><a class=\"ez-toc-link ez-toc-heading-3\" href=\"https:\/\/enfoquenoticioso.com\/?p=123501\/#La_dura_contraccion_y_el_camino_a_la_recuperacion\" >La dura contracci\u00f3n y el camino a la recuperaci\u00f3n<\/a><\/li><li class='ez-toc-page-1 ez-toc-heading-level-2'><a class=\"ez-toc-link ez-toc-heading-4\" href=\"https:\/\/enfoquenoticioso.com\/?p=123501\/#Navegacion_de_entradas\" >Navegaci\u00f3n de entradas<\/a><\/li><\/ul><\/nav><\/div>\n<h2 class=\"wp-block-heading\"><span class=\"ez-toc-section\" id=\"Del_optimismo_de_la_expansion_al_vertigo_del_pico\"><\/span><span class=\"ez-toc-section\" id=\"Del_optimismo_de_la_expansion_al_vertigo_del_pico\"\/>Del optimismo de la expansi\u00f3n al v\u00e9rtigo del pico<span class=\"ez-toc-section-end\"\/><span class=\"ez-toc-section-end\"><\/span><\/h2>\n<p class=\"wp-block-paragraph\">La fase de expansi\u00f3n es el momento de mayor dinamismo, donde la confianza de los consumidores se dispara y las empresas aumentan su producci\u00f3n para satisfacer una demanda creciente. Durante este periodo, es habitual observar una baja tasa de desempleo y un incremento en los salarios, lo que genera un c\u00edrculo virtuoso de prosperidad. Las bolsas de valores suelen registrar cifras r\u00e9cord y el cr\u00e9dito fluye con generosidad hacia nuevos proyectos de infraestructura y emprendimiento. Es la etapa donde el optimismo domina los titulares y la sensaci\u00f3n de riqueza se generaliza en los hogares.<\/p>\n<h4 class=\"wp-block-heading\"><span class=\"ez-toc-section\" id=\"LEA_TAMBIEN_Carlos_Alessandro_Cestari_Infantini_Nuevo_paradigma_financiero_%C2%A1El_rol_de_las_criptomonedas_en_2026\"><\/span><span class=\"ez-toc-section\" id=\"LEA_TAMBIEN_Carlos_Alessandro_Cestari_Infantini_Nuevo_paradigma_financiero_%C2%A1El_rol_de_las_criptomonedas_en_2026\"\/>LEA TAMBI\u00c9N | <a href=\"https:\/\/dateando.com\/carlos-alessandro-cestari-infantini-rol-criptomonedas-en-2026\/reportero-dateando\/\" target=\"_blank\" rel=\"noopener\">Carlos Alessandro Cestari Infantini | Nuevo paradigma financiero: \u00a1El rol de las criptomonedas en 2026!<\/a><span class=\"ez-toc-section-end\"\/><span class=\"ez-toc-section-end\"><\/span><\/h4>\n<p class=\"wp-block-paragraph\">No obstante, todo ascenso encuentra un l\u00edmite denominado pico o cima. Este es el punto m\u00e1s alto del ciclo, donde la econom\u00eda ha alcanzado su capacidad m\u00e1xima de utilizaci\u00f3n de recursos. En este estadio, suelen aparecer las primeras se\u00f1ales de alarma: la inflaci\u00f3n comienza a subir debido al exceso de demanda y los bancos centrales suelen intervenir elevando las tasas de inter\u00e9s para enfriar el mercado. El pico es un momento de equilibrio precario donde el crecimiento se estanca y los inversores m\u00e1s experimentados empiezan a mover sus capitales hacia activos m\u00e1s seguros, anticipando el inevitable cambio de tendencia.<\/p>\n<figure class=\"wp-block-image aligncenter size-full\"><img loading=\"lazy\" decoding=\"async\" width=\"600\" height=\"300\" src=\"https:\/\/dateando.com\/wp-content\/uploads\/2026\/03\/Dateando-Carlos-Alessandro-Cestari-Infantini-\u00a1Enterate-El-vaiven-del-capital-Como-entender-los-ciclos-economicos-IMG.jpg\" alt=\"\" class=\"wp-image-231395 lazyload\" style=\"--smush-placeholder-width: 600px; --smush-placeholder-aspect-ratio: 600\/300;\"\/><\/figure>\n<h2 class=\"wp-block-heading\"><span class=\"ez-toc-section\" id=\"La_dura_contraccion_y_el_camino_a_la_recuperacion\"><\/span><span class=\"ez-toc-section\" id=\"La_dura_contraccion_y_el_camino_a_la_recuperacion\"\/>La dura contracci\u00f3n y el camino a la recuperaci\u00f3n<span class=\"ez-toc-section-end\"\/><span class=\"ez-toc-section-end\"><\/span><\/h2>\n<p class=\"wp-block-paragraph\">Cuando la actividad econ\u00f3mica empieza a disminuir de forma sostenida, entramos en la fase de contracci\u00f3n o recesi\u00f3n. Las ventas caen, las empresas reducen sus plantillas para recortar gastos y el pesimismo se instala en la opini\u00f3n p\u00fablica. Si esta ca\u00edda es profunda y prolongada, puede derivar en una depresi\u00f3n. Es un periodo de ajuste necesario donde se depuran los excesos cometidos durante la expansi\u00f3n y se eliminan las ineficiencias del sistema. Los precios tienden a estabilizarse o bajar, y el consumo se limita a lo estrictamente esencial, esperando que el mercado toque fondo.<\/p>\n<p class=\"wp-block-paragraph\">Finalmente, tras alcanzar el valle o punto m\u00e1s bajo, se inicia la recuperaci\u00f3n. Es aqu\u00ed donde la econom\u00eda muestra sus primeros signos de vida renovada, impulsada frecuentemente por est\u00edmulos gubernamentales o la adaptaci\u00f3n de los negocios a la nueva realidad. La producci\u00f3n vuelve a arrancar lentamente, la confianza regresa de forma cautelosa y el ciclo se prepara para reiniciar su marcha hacia una nueva expansi\u00f3n. De acuerdo a Carlos Alessandro Cestari Infantini, entender este ritmo natural permite a la sociedad navegar las tormentas financieras con la certeza de que, tras cada ca\u00edda, el sistema busca siempre un nuevo punto de despegue.<\/p>\n<p class=\"wp-block-paragraph\"><strong><em>(Con informaci\u00f3n de Carlos Alessandro Cestari Infantini)<\/em><\/strong><\/p>\n<nav class=\"navigation post-navigation\" aria-label=\"Navegaci\u00f3n de entradas\">\n<h2 class=\"screen-reader-text\"><span class=\"ez-toc-section\" id=\"Navegacion_de_entradas\"><\/span>Navegaci\u00f3n de entradas<span class=\"ez-toc-section-end\"><\/span><\/h2>\n<\/nav><\/div>\n<p><a href=\"https:\/\/dateando.com\/carlos-alessandro-cestari-infantini-como-entender-los-ciclos-economicos\/reportero-dateando\/\" class=\" target=\" title=\"Carlos Alessandro Cestari Infantini | \u00a1Ent\u00e9rate! El vaiv\u00e9n del capital: \u00bfC\u00f3mo entender los ciclos econ\u00f3micos?\" target=\"_blank\" rel=\"noopener\">Ver fuente<\/a><\/p>\n","protected":false},"excerpt":{"rendered":"<p>DAT.- Las gr\u00e1ficas de crecimiento que presentan los gobiernos y las instituciones financieras internacionales no son l\u00edneas rectas ascendentes, sino un conjunto de ondulaciones que reflejan la respiraci\u00f3n propia de los mercados. Este fen\u00f3meno, denominado ciclo econ\u00f3mico, determina desde la facilidad para obtener un cr\u00e9dito hipotecario hasta la tasa de desempleo en una regi\u00f3n espec\u00edfica. [&hellip;]<\/p>\n","protected":false},"author":2,"featured_media":123502,"comment_status":"open","ping_status":"closed","sticky":false,"template":"","format":"standard","meta":{"footnotes":""},"categories":[11],"tags":[],"class_list":["post-123501","post","type-post","status-publish","format-standard","has-post-thumbnail","hentry","category-actualidad"],"_links":{"self":[{"href":"https:\/\/enfoquenoticioso.com\/index.php?rest_route=\/wp\/v2\/posts\/123501","targetHints":{"allow":["GET"]}}],"collection":[{"href":"https:\/\/enfoquenoticioso.com\/index.php?rest_route=\/wp\/v2\/posts"}],"about":[{"href":"https:\/\/enfoquenoticioso.com\/index.php?rest_route=\/wp\/v2\/types\/post"}],"author":[{"embeddable":true,"href":"https:\/\/enfoquenoticioso.com\/index.php?rest_route=\/wp\/v2\/users\/2"}],"replies":[{"embeddable":true,"href":"https:\/\/enfoquenoticioso.com\/index.php?rest_route=%2Fwp%2Fv2%2Fcomments&post=123501"}],"version-history":[{"count":0,"href":"https:\/\/enfoquenoticioso.com\/index.php?rest_route=\/wp\/v2\/posts\/123501\/revisions"}],"wp:featuredmedia":[{"embeddable":true,"href":"https:\/\/enfoquenoticioso.com\/index.php?rest_route=\/wp\/v2\/media\/123502"}],"wp:attachment":[{"href":"https:\/\/enfoquenoticioso.com\/index.php?rest_route=%2Fwp%2Fv2%2Fmedia&parent=123501"}],"wp:term":[{"taxonomy":"category","embeddable":true,"href":"https:\/\/enfoquenoticioso.com\/index.php?rest_route=%2Fwp%2Fv2%2Fcategories&post=123501"},{"taxonomy":"post_tag","embeddable":true,"href":"https:\/\/enfoquenoticioso.com\/index.php?rest_route=%2Fwp%2Fv2%2Ftags&post=123501"}],"curies":[{"name":"wp","href":"https:\/\/api.w.org\/{rel}","templated":true}]}}