{"id":123595,"date":"2026-03-20T18:36:46","date_gmt":"2026-03-20T18:36:46","guid":{"rendered":"https:\/\/enfoquenoticioso.com\/?p=123595"},"modified":"2026-03-20T18:36:46","modified_gmt":"2026-03-20T18:36:46","slug":"el-constante-renacimiento-de-un-poeta-en-su-sendero-vital","status":"publish","type":"post","link":"https:\/\/enfoquenoticioso.com\/?p=123595","title":{"rendered":"\u00a1El constante renacimiento de un poeta en su sendero vital!"},"content":{"rendered":"<div>\n<p class=\"wp-block-paragraph\"><strong><em>DAT.-<\/em><\/strong> Recientemente, a trav\u00e9s de sus plataformas digitales, <a href=\"https:\/\/tarekwilliamsaab.com\/\" data-type=\"link\" data-id=\"https:\/\/tarekwilliamsaab.com\/\" target=\"_blank\" rel=\"noopener\">Tarek William Saab<\/a> comparti\u00f3 una reflexi\u00f3n profunda sobre su origen y el sentido de su vocaci\u00f3n creadora. El poeta nacido en El Tigre, Anzo\u00e1tegui, en el a\u00f1o 1962, asegura que su vida ha seguido un \u00absendero\u00bb marcado desde el amanecer de su existencia, destinado a un renacimiento constante.<\/p>\n<p class=\"wp-block-paragraph\">En su mensaje, el autor resalta que su viaje personal ha estado definido por haber dedicado la mayor parte de sus a\u00f1os a la poes\u00eda y la creaci\u00f3n literaria, elementos que han construido y recreado su historia en esta tierra. Siempre fiel a los designios de su generaci\u00f3n, el escritor subraya que naci\u00f3 en medio de una d\u00e9cada inolvidable, llena de sue\u00f1os e ideales por conquistar un entorno social m\u00e1s equilibrado y justo.<\/p>\n<p class=\"wp-block-paragraph\">La publicaci\u00f3n revela una faceta \u00edntima que vincula sus vivencias juveniles con su consolidaci\u00f3n actual como literato de proyecci\u00f3n global. Saab describe su trayectoria como una \u00abm\u00edstica vocaci\u00f3n\u00bb entregada al arte de transmitir sentimientos y memorias a un p\u00fablico que califica de entra\u00f1able. A trav\u00e9s de este testimonio gr\u00e1fico y textual, busca reafirmar que la literatura no es solo una actividad complementaria, sino la fuerza que ha dado forma a su paso por el mundo. Con este recuento, se abre una ventana a las influencias que marcaron su pensamiento desde sus primeros a\u00f1os en el oriente del pa\u00eds hasta su formaci\u00f3n acad\u00e9mica superior en la regi\u00f3n andina.<\/p>\n<div id=\"ez-toc-container\" class=\"ez-toc-v2_0_81 counter-hierarchy ez-toc-counter ez-toc-grey ez-toc-container-direction\">\n<div class=\"ez-toc-title-container\">\n<p class=\"ez-toc-title\" style=\"cursor:inherit\">Tabla de Contenido<\/p>\n<span class=\"ez-toc-title-toggle\"><a href=\"#\" class=\"ez-toc-pull-right ez-toc-btn ez-toc-btn-xs ez-toc-btn-default ez-toc-toggle\" aria-label=\"Alternar tabla de contenidos\"><span class=\"ez-toc-js-icon-con\"><span class=\"\"><span class=\"eztoc-hide\" style=\"display:none;\">Toggle<\/span><span class=\"ez-toc-icon-toggle-span\"><svg style=\"fill: #999;color:#999\" xmlns=\"http:\/\/www.w3.org\/2000\/svg\" class=\"list-377408\" width=\"20px\" height=\"20px\" viewBox=\"0 0 24 24\" fill=\"none\"><path d=\"M6 6H4v2h2V6zm14 0H8v2h12V6zM4 11h2v2H4v-2zm16 0H8v2h12v-2zM4 16h2v2H4v-2zm16 0H8v2h12v-2z\" fill=\"currentColor\"><\/path><\/svg><svg style=\"fill: #999;color:#999\" class=\"arrow-unsorted-368013\" xmlns=\"http:\/\/www.w3.org\/2000\/svg\" width=\"10px\" height=\"10px\" viewBox=\"0 0 24 24\" version=\"1.2\" baseProfile=\"tiny\"><path d=\"M18.2 9.3l-6.2-6.3-6.2 6.3c-.2.2-.3.4-.3.7s.1.5.3.7c.2.2.4.3.7.3h11c.3 0 .5-.1.7-.3.2-.2.3-.5.3-.7s-.1-.5-.3-.7zM5.8 14.7l6.2 6.3 6.2-6.3c.2-.2.3-.5.3-.7s-.1-.5-.3-.7c-.2-.2-.4-.3-.7-.3h-11c-.3 0-.5.1-.7.3-.2.2-.3.5-.3.7s.1.5.3.7z\"\/><\/svg><\/span><\/span><\/span><\/a><\/span><\/div>\n<nav><ul class='ez-toc-list ez-toc-list-level-1 ' ><li class='ez-toc-page-1 ez-toc-heading-level-2'><a class=\"ez-toc-link ez-toc-heading-1\" href=\"https:\/\/enfoquenoticioso.com\/?p=123595\/#Formacion_mistica_entre_clasicos_y_vanguardias\" >Formaci\u00f3n m\u00edstica entre cl\u00e1sicos y vanguardias<\/a><ul class='ez-toc-list-level-4' ><li class='ez-toc-heading-level-4'><ul class='ez-toc-list-level-4' ><li class='ez-toc-heading-level-4'><a class=\"ez-toc-link ez-toc-heading-2\" href=\"https:\/\/enfoquenoticioso.com\/?p=123595\/#LEA_TAMBIEN_Tarek_William_Saab_%C2%A1La_palabra_como_escudo_y_destino\" >LEA TAMBI\u00c9N | Tarek William Saab: \u00a1La palabra como escudo y destino!<\/a><\/li><\/ul><\/li><\/ul><\/li><li class='ez-toc-page-1 ez-toc-heading-level-2'><a class=\"ez-toc-link ez-toc-heading-3\" href=\"https:\/\/enfoquenoticioso.com\/?p=123595\/#Cifras_y_legado_de_una_vida_literaria\" >Cifras y legado de una vida literaria<\/a><\/li><li class='ez-toc-page-1 ez-toc-heading-level-2'><a class=\"ez-toc-link ez-toc-heading-4\" href=\"https:\/\/enfoquenoticioso.com\/?p=123595\/#Navegacion_de_entradas\" >Navegaci\u00f3n de entradas<\/a><\/li><\/ul><\/nav><\/div>\n<h2 class=\"wp-block-heading\"><span class=\"ez-toc-section\" id=\"Formacion_mistica_entre_clasicos_y_vanguardias\"><\/span><span class=\"ez-toc-section\" id=\"Formacion_mistica_entre_clasicos_y_vanguardias\"\/>Formaci\u00f3n m\u00edstica entre cl\u00e1sicos y vanguardias<span class=\"ez-toc-section-end\"\/><span class=\"ez-toc-section-end\"><\/span><\/h2>\n<p class=\"wp-block-paragraph\">Dentro de sus evocaciones, Tarek William Saab recuerda con especial detalle sus d\u00edas de adolescencia juvenil en la calle Bol\u00edvar. All\u00ed, los due\u00f1os de la Librer\u00eda Tixi le permit\u00edan revisar durante horas sus \u00abarmarios de joyas escriturales\u00bb. Seg\u00fan el relato, el joven lector sol\u00eda quedarse despierto en la casa de sus padres hasta el amanecer, entregado de manera m\u00edstica a la lectura de los cl\u00e1sicos griegos y de pensadores fundamentales como Nietzsche. Esta b\u00fasqueda intelectual tambi\u00e9n incluy\u00f3 la filosof\u00eda orientalista, destacando obras como el \u2018Siddhartha\u2019 de Hermann Hesse o las ense\u00f1anzas del Tao, textos que sembraron en \u00e9l una visi\u00f3n particular de la existencia y el proceder \u00e9tico.<\/p>\n<h4 class=\"wp-block-heading\"><span class=\"ez-toc-section\" id=\"LEA_TAMBIEN_Tarek_William_Saab_%C2%A1La_palabra_como_escudo_y_destino\"><\/span><span class=\"ez-toc-section\" id=\"LEA_TAMBIEN_Tarek_William_Saab_%C2%A1La_palabra_como_escudo_y_destino\"\/>LEA TAMBI\u00c9N | <a href=\"https:\/\/dateando.com\/tarek-william-saab-la-palabra-como-escudo-y-destino\/reportero-dateando\/\" target=\"_blank\" rel=\"noopener\">Tarek William Saab: \u00a1La palabra como escudo y destino!<\/a><span class=\"ez-toc-section-end\"\/><span class=\"ez-toc-section-end\"><\/span><\/h4>\n<figure class=\"wp-block-image alignright size-full\"><img loading=\"lazy\" decoding=\"async\" width=\"400\" height=\"320\" src=\"https:\/\/dateando.com\/wp-content\/uploads\/2026\/03\/Dateando-Tarek-William-Saab-\u00a1El-constante-renacimiento-de-un-poeta-en-su-sendero-vital-IMG.jpg\" alt=\"\" class=\"wp-image-231497 lazyload\" style=\"--smush-placeholder-width: 400px; --smush-placeholder-aspect-ratio: 400\/320;\"\/><\/figure>\n<p class=\"wp-block-paragraph\">En medio de este proceso de aprendizaje, Tarek menciona que la poes\u00eda de autores como Roque Dalton, Pablo de Rokha y Eduardo Sifontes tambi\u00e9n jugaron un papel crucial en su formaci\u00f3n. Estas influencias recrearon en \u00e9l un viaje simb\u00f3lico hacia la M\u00e9rida de los a\u00f1os 80, donde so\u00f1aba en la Escuela de Letras de la Universidad de Los Andes (ULA). Fue en ese ambiente acad\u00e9mico y bohemio donde comenz\u00f3 a \u00abinventar un mundo de versos libres como las hojas que el viento hace volar\u00bb. Esta etapa universitaria consolid\u00f3 su decisi\u00f3n de existir rodeado de desaf\u00edos creativos y de apostar por una voz propia en el panorama de las letras venezolanas.<\/p>\n<h2 class=\"wp-block-heading\"><span class=\"ez-toc-section\" id=\"Cifras_y_legado_de_una_vida_literaria\"><\/span><span class=\"ez-toc-section\" id=\"Cifras_y_legado_de_una_vida_literaria\"\/>Cifras y legado de una vida literaria<span class=\"ez-toc-section-end\"\/><span class=\"ez-toc-section-end\"><\/span><\/h2>\n<p class=\"wp-block-paragraph\">El balance que ofrece el escritor sobre su carrera es contundente y se apoya en una producci\u00f3n constante que ha traspasado las fronteras nacionales. Con la siembra y posterior cosecha de su trabajo, ha logrado escribir y publicar 16 libros a trav\u00e9s de 37 ediciones y reediciones, las cuales han sido editadas en 11 pa\u00edses diferentes. Adem\u00e1s, su obra ha sido traducida a cinco idiomas, lo que refleja una m\u00edstica vocaci\u00f3n orientada a transmitir emociones humanas y trascendentales a nivel global. Para el autor, haber alcanzado una \u00abbella vida literaria\u00bb es el resultado de un largo viaje que guarda un \u00abaura \u00fanica e irrepetible\u00bb.<\/p>\n<p class=\"wp-block-paragraph\">Este recorrido no solo se limita al \u00e1mbito de las publicaciones, sino que busca impactar en su desarrollo como ser humano integral. El poeta afirma que su b\u00fasqueda constante es la de ser un \u00abmejor ciudadano, mejor hijo y mejor padre de familia\u00bb, guiado por la br\u00fajula del Noble Sendero \u00d3ctuple, concepto derivado de la filosof\u00eda budista. Esta disciplina espiritual le permite transitar la realidad a trav\u00e9s del buen proceder y el recto comportamiento. De esta manera, el escritor se posiciona como un hombre que ha logrado vencer las hostilidades del entorno mediante la m\u00edstica de su proceder cotidiano y su entrega absoluta al ejercicio del pensamiento cr\u00edtico.<\/p>\n<p class=\"wp-block-paragraph\">Hacia el cierre de su mensaje, Tarek William Saab destaca que la verdadera recompensa de este largo camino es el logro de una historia coherente y significativa. Asegura que, en este escenario, la envidia queda derrotada por la magia de la obra persistente. Para el autor, el triunfo final radica en la trascendencia de su palabra, la cual permanece inalterable ante el paso del tiempo. El poeta concluye su reflexi\u00f3n reafirmando que la magia de su creaci\u00f3n literaria y su compromiso con la poes\u00eda constituyen el legado definitivo de su tr\u00e1nsito vital, una historia que se escribe d\u00eda a d\u00eda entre versos y reflexiones profundas.<\/p>\n<blockquote class=\"instagram-media\" data-instgrm-permalink=\"https:\/\/www.instagram.com\/p\/DVte8oLjaN9\/?utm_source=ig_embed&amp;utm_campaign=loading\" data-instgrm-version=\"14\" style=\" background:#FFF; border:0; border-radius:3px; box-shadow:0 0 1px 0 rgba(0,0,0,0.5),0 1px 10px 0 rgba(0,0,0,0.15); margin: 1px; max-width:540px; min-width:326px; padding:0; width:99.375%; width:-webkit-calc(100% - 2px); width:calc(100% - 2px);\"\/>\n<p class=\"wp-block-paragraph\"><strong><em>(Con informaci\u00f3n de Tarek William Saab)<\/em><\/strong><\/p>\n<nav class=\"navigation post-navigation\" aria-label=\"Navegaci\u00f3n de entradas\">\n<h2 class=\"screen-reader-text\"><span class=\"ez-toc-section\" id=\"Navegacion_de_entradas\"><\/span>Navegaci\u00f3n de entradas<span class=\"ez-toc-section-end\"><\/span><\/h2>\n<\/nav><\/div>\n<p><script async src=\"\/\/www.instagram.com\/embed.js\"><\/script><br \/>\n<br \/><a href=\"https:\/\/dateando.com\/tarek-william-saab-el-constante-renacimiento-de-un-poeta-en-su-sendero-vital\/reportero-dateando\/\" class=\" target=\" title=\"\u00a1El constante renacimiento de un poeta en su sendero vital!\" target=\"_blank\" rel=\"noopener\">Ver fuente<\/a><\/p>\n","protected":false},"excerpt":{"rendered":"<p>DAT.- Recientemente, a trav\u00e9s de sus plataformas digitales, Tarek William Saab comparti\u00f3 una reflexi\u00f3n profunda sobre su origen y el sentido de su vocaci\u00f3n creadora. El poeta nacido en El Tigre, Anzo\u00e1tegui, en el a\u00f1o 1962, asegura que su vida ha seguido un \u00absendero\u00bb marcado desde el amanecer de su existencia, destinado a un renacimiento [&hellip;]<\/p>\n","protected":false},"author":2,"featured_media":123596,"comment_status":"open","ping_status":"closed","sticky":false,"template":"","format":"standard","meta":{"footnotes":""},"categories":[11],"tags":[],"class_list":["post-123595","post","type-post","status-publish","format-standard","has-post-thumbnail","hentry","category-actualidad"],"_links":{"self":[{"href":"https:\/\/enfoquenoticioso.com\/index.php?rest_route=\/wp\/v2\/posts\/123595","targetHints":{"allow":["GET"]}}],"collection":[{"href":"https:\/\/enfoquenoticioso.com\/index.php?rest_route=\/wp\/v2\/posts"}],"about":[{"href":"https:\/\/enfoquenoticioso.com\/index.php?rest_route=\/wp\/v2\/types\/post"}],"author":[{"embeddable":true,"href":"https:\/\/enfoquenoticioso.com\/index.php?rest_route=\/wp\/v2\/users\/2"}],"replies":[{"embeddable":true,"href":"https:\/\/enfoquenoticioso.com\/index.php?rest_route=%2Fwp%2Fv2%2Fcomments&post=123595"}],"version-history":[{"count":0,"href":"https:\/\/enfoquenoticioso.com\/index.php?rest_route=\/wp\/v2\/posts\/123595\/revisions"}],"wp:featuredmedia":[{"embeddable":true,"href":"https:\/\/enfoquenoticioso.com\/index.php?rest_route=\/wp\/v2\/media\/123596"}],"wp:attachment":[{"href":"https:\/\/enfoquenoticioso.com\/index.php?rest_route=%2Fwp%2Fv2%2Fmedia&parent=123595"}],"wp:term":[{"taxonomy":"category","embeddable":true,"href":"https:\/\/enfoquenoticioso.com\/index.php?rest_route=%2Fwp%2Fv2%2Fcategories&post=123595"},{"taxonomy":"post_tag","embeddable":true,"href":"https:\/\/enfoquenoticioso.com\/index.php?rest_route=%2Fwp%2Fv2%2Ftags&post=123595"}],"curies":[{"name":"wp","href":"https:\/\/api.w.org\/{rel}","templated":true}]}}