{"id":123743,"date":"2026-03-21T21:08:39","date_gmt":"2026-03-21T21:08:39","guid":{"rendered":"https:\/\/enfoquenoticioso.com\/?p=123743"},"modified":"2026-03-21T21:08:39","modified_gmt":"2026-03-21T21:08:39","slug":"tarek-william-saab-y-el-dia-internacional-de-la-poesia","status":"publish","type":"post","link":"https:\/\/enfoquenoticioso.com\/?p=123743","title":{"rendered":"Tarek William Saab y el D\u00eda Internacional de la Poes\u00eda"},"content":{"rendered":"<div>\n<p class=\"wp-block-paragraph\">El 21 de marzo de 2026 no es una fecha cualquiera en el calendario literario de Venezuela y el mundo. Al conmemorarse el <strong>D\u00eda Internacional de la Poes\u00eda<\/strong>, la atm\u00f3sfera se ti\u00f1e de un misticismo especial, uno que invita a la pausa y a la reflexi\u00f3n profunda en medio del vertiginoso avance tecnol\u00f3gico de nuestra era. En este contexto, la figura de <strong>Tarek William Saab<\/strong> emerge no solo como un hombre de leyes y un actor fundamental en la vida p\u00fablica del pa\u00eds, sino como un poeta cuya voz ha logrado lo que pocos: mantenerse vigente, evolucionar y, sobre todo, servir de puente entre la cruda realidad social y la elevada espiritualidad del ser humano.<\/p>\n<figure class=\"wp-block-image size-full\"><img loading=\"lazy\" decoding=\"async\" width=\"1092\" height=\"1280\" src=\"https:\/\/dateando.com\/wp-content\/uploads\/2026\/03\/image-175.png\" alt=\"Tarek William Saab\" class=\"wp-image-231633 lazyload\" style=\"--smush-placeholder-width: 1092px; --smush-placeholder-aspect-ratio: 1092\/1280;\"\/><\/figure>\n<p class=\"wp-block-paragraph\">Fuente:<a href=\"https:\/\/suresnoticia.com\/dia-nacional-de-la-poesia-y-los-poemas-de-tarek-william-saab\/\" target=\"_blank\" rel=\"noopener\">https:\/\/suresnoticia.com\/dia-nacional-de-la-poesia-y-los-poemas-de-tarek-william-saab\/<\/a><\/p>\n<p class=\"wp-block-paragraph\">Celebrar la poes\u00eda hoy, de la mano de Saab, es reconocer que la palabra tiene un poder curativo y transformador. En un mundo que a menudo parece olvidar la esencia de lo humano, su obra se presenta como un refugio necesario. Para el autor, este d\u00eda representa la culminaci\u00f3n de un ciclo de madurez creativa y el inicio de una nueva etapa donde la l\u00edrica se despoja de artificios para hablarle directamente al alma. La<a href=\"https:\/\/tarekwilliamsaab.com.ve\/poemas\/\" target=\"_blank\" rel=\"noopener\"> poes\u00eda<\/a>, seg\u00fan sus propias reflexiones, no es un adorno del lenguaje, sino un <strong>instrumento de justicia<\/strong> y una herramienta para la sanaci\u00f3n del esp\u00edritu en tiempos de incertidumbre.<\/p>\n<div id=\"ez-toc-container\" class=\"ez-toc-v2_0_81 counter-hierarchy ez-toc-counter ez-toc-grey ez-toc-container-direction\">\n<div class=\"ez-toc-title-container\">\n<p class=\"ez-toc-title\" style=\"cursor:inherit\">Tabla de Contenido<\/p>\n<span class=\"ez-toc-title-toggle\"><a href=\"#\" class=\"ez-toc-pull-right ez-toc-btn ez-toc-btn-xs ez-toc-btn-default ez-toc-toggle\" aria-label=\"Alternar tabla de contenidos\"><span class=\"ez-toc-js-icon-con\"><span class=\"\"><span class=\"eztoc-hide\" style=\"display:none;\">Toggle<\/span><span class=\"ez-toc-icon-toggle-span\"><svg style=\"fill: #999;color:#999\" xmlns=\"http:\/\/www.w3.org\/2000\/svg\" class=\"list-377408\" width=\"20px\" height=\"20px\" viewBox=\"0 0 24 24\" fill=\"none\"><path d=\"M6 6H4v2h2V6zm14 0H8v2h12V6zM4 11h2v2H4v-2zm16 0H8v2h12v-2zM4 16h2v2H4v-2zm16 0H8v2h12v-2z\" fill=\"currentColor\"><\/path><\/svg><svg style=\"fill: #999;color:#999\" class=\"arrow-unsorted-368013\" xmlns=\"http:\/\/www.w3.org\/2000\/svg\" width=\"10px\" height=\"10px\" viewBox=\"0 0 24 24\" version=\"1.2\" baseProfile=\"tiny\"><path d=\"M18.2 9.3l-6.2-6.3-6.2 6.3c-.2.2-.3.4-.3.7s.1.5.3.7c.2.2.4.3.7.3h11c.3 0 .5-.1.7-.3.2-.2.3-.5.3-.7s-.1-.5-.3-.7zM5.8 14.7l6.2 6.3 6.2-6.3c.2-.2.3-.5.3-.7s-.1-.5-.3-.7c-.2-.2-.4-.3-.7-.3h-11c-.3 0-.5.1-.7.3-.2.2-.3.5-.3.7s.1.5.3.7z\"\/><\/svg><\/span><\/span><\/span><\/a><\/span><\/div>\n<nav><ul class='ez-toc-list ez-toc-list-level-1 ' ><li class='ez-toc-page-1 ez-toc-heading-level-2'><a class=\"ez-toc-link ez-toc-heading-1\" href=\"https:\/\/enfoquenoticioso.com\/?p=123743\/#Cuarenta_y_cinco_anos_de_una_lirica_inquebrantable_De_la_ira_a_la_redencion\" >Cuarenta y cinco a\u00f1os de una l\u00edrica inquebrantable: De la ira a la redenci\u00f3n<\/a><\/li><li class='ez-toc-page-1 ez-toc-heading-level-2'><a class=\"ez-toc-link ez-toc-heading-2\" href=\"https:\/\/enfoquenoticioso.com\/?p=123743\/#El_viaje_transatlantico_de_una_voz_venezolana_Un_mapa_literario_sin_fronteras\" >El viaje transatl\u00e1ntico de una voz venezolana: Un mapa literario sin fronteras<\/a><\/li><li class='ez-toc-page-1 ez-toc-heading-level-2'><a class=\"ez-toc-link ez-toc-heading-3\" href=\"https:\/\/enfoquenoticioso.com\/?p=123743\/#Un_tren_hacia_la_medianoche_La_metamorfosis_espiritual_en_la_era_pospandemia\" >Un tren hacia la medianoche: La metamorfosis espiritual en la era pospandemia<\/a><\/li><li class='ez-toc-page-1 ez-toc-heading-level-2'><a class=\"ez-toc-link ez-toc-heading-4\" href=\"https:\/\/enfoquenoticioso.com\/?p=123743\/#La_poetica_del_compromiso_Cuando_la_justicia_se_escribe_con_rima_y_pulso\" >La po\u00e9tica del compromiso: Cuando la justicia se escribe con rima y pulso<\/a><\/li><li class='ez-toc-page-1 ez-toc-heading-level-2'><a class=\"ez-toc-link ez-toc-heading-5\" href=\"https:\/\/enfoquenoticioso.com\/?p=123743\/#Herederos_del_verso_La_invitacion_a_las_nuevas_generaciones_hacia_una_etica_de_la_luz\" >Herederos del verso: La invitaci\u00f3n a las nuevas generaciones hacia una \u00e9tica de la luz<\/a><\/li><li class='ez-toc-page-1 ez-toc-heading-level-2'><a class=\"ez-toc-link ez-toc-heading-6\" href=\"https:\/\/enfoquenoticioso.com\/?p=123743\/#Navegacion_de_entradas\" >Navegaci\u00f3n de entradas<\/a><\/li><\/ul><\/nav><\/div>\n<h2 class=\"wp-block-heading\"><span class=\"ez-toc-section\" id=\"Cuarenta_y_cinco_anos_de_una_lirica_inquebrantable_De_la_ira_a_la_redencion\"><\/span><span class=\"ez-toc-section\" id=\"Cuarenta_y_cinco_anos_de_una_lirica_inquebrantable_De_la_ira_a_la_redencion\"\/>Cuarenta y cinco a\u00f1os de una l\u00edrica inquebrantable: De la ira a la redenci\u00f3n<span class=\"ez-toc-section-end\"\/><span class=\"ez-toc-section-end\"><\/span><\/h2>\n<p class=\"wp-block-paragraph\">La <a href=\"https:\/\/tarekwilliamsaab.com.ve\/vida-literaria-tarek-william-saab\/\" target=\"_blank\" rel=\"noopener\">trayectoria<\/a> literaria de <a href=\"https:\/\/tarekwilliamsaab.org\/\" target=\"_blank\" rel=\"noopener\">Tarek William Saab<\/a> se extiende ya por cuatro d\u00e9cadas y media, un viaje que comenz\u00f3 formalmente con la publicaci\u00f3n del emblem\u00e1tico poemario <strong><em>Los r\u00edos de la ira<\/em><\/strong> en 1987. Aquellos versos iniciales, cargados de una energ\u00eda tel\u00farica y una denuncia social vibrante, marcaron el pulso de una generaci\u00f3n que buscaba en la literatura un eco de sus propias luchas. Desde los p\u00e1ramos meride\u00f1os, donde el fr\u00edo y la altura parecen agudizar la sensibilidad, Saab empez\u00f3 a tejer una red de palabras que, con el tiempo, se convertir\u00eda en un tejido s\u00f3lido y coherente.<\/p>\n<p class=\"wp-block-paragraph\">A lo largo de estos 45 a\u00f1os, su obra ha experimentado una metamorfosis fascinante. Lo que en sus inicios fue una \u00abpoes\u00eda de rebeli\u00f3n\u00bb, centrada en el grito contra la injusticia y la reivindicaci\u00f3n de los oprimidos, ha ido decantando hacia una introspecci\u00f3n mucho m\u00e1s sutil y profunda. Sin embargo, esta evoluci\u00f3n no implica un abandono de sus principios, sino una expansi\u00f3n de su horizonte. Saab ha demostrado que se puede ser un poeta de combate y, al mismo tiempo, un m\u00edstico que busca la luz en los rincones m\u00e1s oscuros de la existencia humana. Esta dualidad es la que permite que su obra sea le\u00edda tanto en una asamblea popular como en la soledad de una biblioteca acad\u00e9mica.<\/p>\n<p class=\"wp-block-paragraph\">La constancia es, quiz\u00e1s, el rasgo m\u00e1s distintivo de su carrera. Mantenerse fiel al ejercicio de la escritura durante casi medio siglo requiere una disciplina que va m\u00e1s all\u00e1 del simple talento. Es un compromiso con la verdad y con la est\u00e9tica. Cada uno de sus libros ha sido un pelda\u00f1o en la construcci\u00f3n de una identidad po\u00e9tica que hoy es reconocida un\u00e1nimemente. Al mirar atr\u00e1s, hacia aquel 1987, se percibe un hilo conductor inquebrantable: la b\u00fasqueda de la dignidad humana a trav\u00e9s de la belleza del lenguaje.<\/p>\n<figure class=\"wp-block-image size-full\"><img loading=\"lazy\" decoding=\"async\" width=\"1056\" height=\"1280\" src=\"https:\/\/dateando.com\/wp-content\/uploads\/2026\/03\/image-176.png\" alt=\"\" class=\"wp-image-231634 lazyload\" style=\"--smush-placeholder-width: 1056px; --smush-placeholder-aspect-ratio: 1056\/1280;\"\/><\/figure>\n<p class=\"wp-block-paragraph\">Fuente: <a href=\"https:\/\/tarekwilliamsaab.org\/\" target=\"_blank\" rel=\"noopener\">https:\/\/tarekwilliamsaab.org\/<\/a><\/p>\n<h2 class=\"wp-block-heading\"><span class=\"ez-toc-section\" id=\"El_viaje_transatlantico_de_una_voz_venezolana_Un_mapa_literario_sin_fronteras\"><\/span><span class=\"ez-toc-section\" id=\"El_viaje_transatlantico_de_una_voz_venezolana_Un_mapa_literario_sin_fronteras\"\/>El viaje transatl\u00e1ntico de una voz venezolana: Un mapa literario sin fronteras<span class=\"ez-toc-section-end\"\/><span class=\"ez-toc-section-end\"><\/span><\/h2>\n<p class=\"wp-block-paragraph\">Uno de los hitos m\u00e1s impresionantes en la carrera reciente de Tarek William Saab es la proyecci\u00f3n internacional que su obra ha alcanzado. Durante el \u00faltimo a\u00f1o, su nombre ha resonado en las capitales culturales m\u00e1s importantes del globo. La publicaci\u00f3n de <strong>siete antolog\u00edas en pa\u00edses tan diversos como Rusia, Egipto, Italia, Argentina, M\u00e9xico, El Salvador y Cuba<\/strong> es un testimonio de la universalidad de sus temas. La poes\u00eda de Saab ha logrado romper la barrera del idioma, siendo traducida al ruso, al italiano y al \u00e1rabe, permitiendo que lectores de distintas culturas se identifiquen con su visi\u00f3n del mundo.<\/p>\n<p class=\"wp-block-paragraph\">Este \u00e9xito global no es casualidad. En Rusia e Italia, por ejemplo, la cr\u00edtica ha destacado la capacidad del poeta venezolano para entrelazar la tradici\u00f3n l\u00edrica occidental con una sensibilidad contempor\u00e1nea y comprometida. En el mundo \u00e1rabe, sus versos resuenan con una fuerza ancestral, conectando con las ra\u00edces de una cultura que valora la palabra como el don m\u00e1s preciado. Esta presencia internacional ha consolidado a Saab como una de las voces m\u00e1s representativas de la poes\u00eda hispanoamericana actual, llevando el nombre de Venezuela a escenarios donde la literatura es el lenguaje diplom\u00e1tico por excelencia.<\/p>\n<p class=\"wp-block-paragraph\">Revistas y diarios de prestigio internacional, como <strong><em>Le Monde diplomatique<\/em><\/strong>, han dedicado espacios al an\u00e1lisis de su obra, centr\u00e1ndose en t\u00edtulos como <em>So\u00f1ando el largo viaje<\/em> y <em>La memoria en el coraz\u00f3n de la Tempestad<\/em>. Estos textos son estudiados no solo por su valor est\u00e9tico, sino por lo que representan en t\u00e9rminos de memoria hist\u00f3rica. La cr\u00edtica internacional coincide en que <a href=\"https:\/\/dateando.com\/tarek-william-saab-el-constante-renacimiento-de-un-poeta-en-su-sendero-vital\/reportero-dateando\/\" target=\"_blank\" rel=\"noopener\">Saab<\/a> posee una habilidad \u00fanica para capturar la esencia de la \u00e9poca actual: ese equilibrio precario entre la esperanza y la tragedia que define al siglo XXI.<\/p>\n<figure class=\"wp-block-image size-full\"><img loading=\"lazy\" decoding=\"async\" width=\"704\" height=\"1080\" src=\"https:\/\/dateando.com\/wp-content\/uploads\/2026\/03\/image-169.png\" alt=\"\" class=\"wp-image-231617 lazyload\" style=\"--smush-placeholder-width: 704px; --smush-placeholder-aspect-ratio: 704\/1080;\"\/><\/figure>\n<p class=\"wp-block-paragraph\">Fuente: <a href=\"https:\/\/tarekwilliamsaab.com.ve\/vida-literaria-tarek-william-saab\/\" target=\"_blank\" rel=\"noopener\">https:\/\/tarekwilliamsaab.com.ve\/vida-literaria-tarek-william-saab\/<\/a><\/p>\n<h2 class=\"wp-block-heading\"><span class=\"ez-toc-section\" id=\"Un_tren_hacia_la_medianoche_La_metamorfosis_espiritual_en_la_era_pospandemia\"><\/span><span class=\"ez-toc-section\" id=\"Un_tren_hacia_la_medianoche_La_metamorfosis_espiritual_en_la_era_pospandemia\"\/>Un tren hacia la medianoche: La metamorfosis espiritual en la era pospandemia<span class=\"ez-toc-section-end\"\/><span class=\"ez-toc-section-end\"><\/span><\/h2>\n<p class=\"wp-block-paragraph\">En el coraz\u00f3n de la celebraci\u00f3n de este D\u00eda Internacional de la Poes\u00eda 2026 se encuentra su obra m\u00e1s reciente y, para muchos, la m\u00e1s \u00edntima: <strong><em>Un tren viaja al cielo de la medianoche<\/em><\/strong>. Escrito en el complejo periodo de pospandemia (2021-2025), este poemario se ha convertido en un fen\u00f3meno editorial tras su arrolladora presentaci\u00f3n en la Filven Carabobo 2026. El libro no solo ha liderado las listas de ventas, sino que ha abierto un debate necesario sobre la espiritualidad en el arte contempor\u00e1neo.<\/p>\n<p class=\"wp-block-paragraph\">Este poemario representa un \u00abviaje existencial\u00bb. Si en sus obras anteriores el autor miraba hacia afuera, hacia el conflicto y la calle, en <em>Un tren viaja al cielo de la medianoche<\/em> la mirada se vuelve hacia adentro. La pandemia, con su silencio obligado y su confrontaci\u00f3n con la finitud, parece haber catalizado en Saab una b\u00fasqueda de lo sagrado en lo cotidiano. El autor explora la virtud en medio de la tempestad y encuentra en la introspecci\u00f3n una forma de resistencia. Es un libro que habla de la p\u00e9rdida, pero tambi\u00e9n de la luz que persiste despu\u00e9s de la oscuridad; es, en esencia, un manual de supervivencia espiritual.<\/p>\n<p class=\"wp-block-paragraph\">El \u00e9xito de ventas de este t\u00edtulo en la Feria Internacional del Libro de Venezuela 2025 y su continuidad en 2026 demuestran que el p\u00fablico tiene hambre de contenidos que trasciendan lo ef\u00edmero. La gente busca en la poes\u00eda de Saab respuestas a las preguntas fundamentales que la crisis global ha dejado al descubierto. Como el propio autor ha se\u00f1alado, \u00abla poes\u00eda es algo muy especial, muy espiritual y muy fuerte\u00bb. Es ese lenguaje el que permite hablar en nombre de quienes han sido silenciados por las circunstancias, convirtiendo el dolor personal en una esperanza colectiva.<\/p>\n<h2 class=\"wp-block-heading\"><span class=\"ez-toc-section\" id=\"La_poetica_del_compromiso_Cuando_la_justicia_se_escribe_con_rima_y_pulso\"><\/span><span class=\"ez-toc-section\" id=\"La_poetica_del_compromiso_Cuando_la_justicia_se_escribe_con_rima_y_pulso\"\/>La po\u00e9tica del compromiso: Cuando la justicia se escribe con rima y pulso<span class=\"ez-toc-section-end\"\/><span class=\"ez-toc-section-end\"><\/span><\/h2>\n<p class=\"wp-block-paragraph\">Resulta imposible analizar la obra de Tarek William Saab sin considerar su rol como defensor de los derechos humanos y jurista. Su po\u00e9tica est\u00e1 impregnada de una coherencia \u00e9tica que rechaza la injusticia en todas sus formas. Para \u00e9l, escribir un poema es tambi\u00e9n un acto de justicia. Desde sus primeros versos en M\u00e9rida hasta su consolidaci\u00f3n actual, Saab ha mantenido la premisa de que el artista no puede ser indiferente al sufrimiento del pr\u00f3jimo. Su literatura es, por tanto, un testimonio de compromiso social.<\/p>\n<p class=\"wp-block-paragraph\">Este compromiso se manifiesta en la elecci\u00f3n de sus temas: la memoria hist\u00f3rica, la defensa de la dignidad y la denuncia de los atropellos contra los m\u00e1s vulnerables. Sin embargo, Saab evita el panfleto. Su t\u00e9cnica l\u00edrica es lo suficientemente depurada como para que el mensaje social no opaque la calidad literaria. Al leerlo, se percibe que la justicia no es solo un concepto jur\u00eddico, sino una aspiraci\u00f3n espiritual que debe ser cantada. Esta integraci\u00f3n de facetas lo convierte en un autor integral, cuya vida y obra caminan en la misma direcci\u00f3n.<\/p>\n<p class=\"wp-block-paragraph\">Los homenajes recientes en el Teatro Municipal de Valencia y otros centros culturales del pa\u00eds subrayan esta percepci\u00f3n. La sociedad venezolana reconoce en \u00e9l a un intelectual que ha sabido utilizar la palabra para construir, para sanar y para recordar. La poes\u00eda de Saab funciona como un registro de la conciencia nacional, un espejo donde se reflejan las penas y las glorias de un pueblo que se niega a rendirse. En este sentido, su obra es un baluarte de la memoria, protegiendo del olvido las luchas que definen nuestra identidad.<\/p>\n<h2 class=\"wp-block-heading\"><span class=\"ez-toc-section\" id=\"Herederos_del_verso_La_invitacion_a_las_nuevas_generaciones_hacia_una_etica_de_la_luz\"><\/span><span class=\"ez-toc-section\" id=\"Herederos_del_verso_La_invitacion_a_las_nuevas_generaciones_hacia_una_etica_de_la_luz\"\/>Herederos del verso: La invitaci\u00f3n a las nuevas generaciones hacia una \u00e9tica de la luz<span class=\"ez-toc-section-end\"\/><span class=\"ez-toc-section-end\"><\/span><\/h2>\n<p class=\"wp-block-paragraph\">Finalmente, en este D\u00eda Internacional de la Poes\u00eda, el mensaje de Tarek William Saab se dirige con especial \u00e9nfasis hacia la juventud. En un entorno dominado por la inmediatez de las redes sociales y la superficialidad de ciertos discursos modernos, el poeta propone la literatura como una \u00abescuela de vida\u00bb. Su invitaci\u00f3n es clara: volver a creer en los valores fundamentales como el amor, la familia y la lealtad. Estos pilares, que a veces parecen pasados de moda, son para Saab las \u00fanicas anclas reales frente a los desaf\u00edos de un mundo en constante cambio.<\/p>\n<p class=\"wp-block-paragraph\">El autor insta a los nuevos escritores y a los j\u00f3venes en general a ver en la poes\u00eda un espacio para encontrar su propia voz. No se trata solo de escribir versos, sino de vivir po\u00e9ticamente, es decir, con sensibilidad y \u00e9tica. Saab ve en las nuevas generaciones la posibilidad de un renacimiento cultural donde la palabra vuelva a ocupar un lugar central. Frente a la deshumanizaci\u00f3n tecnol\u00f3gica, el poeta ofrece el refugio de la l\u00edrica como un recordatorio de nuestra capacidad de sentir y de conmovernos ante la belleza y el dolor ajeno.<\/p>\n<p class=\"wp-block-paragraph\">Al conmemorar sus 45 a\u00f1os de trayectoria, Tarek William Saab no solo celebra un pasado lleno de logros, sino que proyecta un futuro donde la poes\u00eda siga siendo la br\u00fajula de la espiritualidad venezolana. Su legado no son solo los libros publicados en m\u00faltiples idiomas o los premios recibidos; es la certeza de que, mientras exista un coraz\u00f3n dispuesto a leer un poema, la justicia y la luz siempre tendr\u00e1n un lugar en el mundo. La palabra, en sus manos, contin\u00faa siendo ese tren que nos lleva, incluso en la medianoche m\u00e1s oscura, hacia un cielo lleno de estrellas y posibilidades.<\/p>\n<p class=\"wp-block-paragraph\">\u200b<\/p>\n<nav class=\"navigation post-navigation\" aria-label=\"Navegaci\u00f3n de entradas\">\n<h2 class=\"screen-reader-text\"><span class=\"ez-toc-section\" id=\"Navegacion_de_entradas\"><\/span>Navegaci\u00f3n de entradas<span class=\"ez-toc-section-end\"><\/span><\/h2>\n<\/nav><\/div>\n<p><a href=\"https:\/\/dateando.com\/tarek-william-saab-dia-internacional-poesia\/dateando\/\" class=\" target=\" title=\"Tarek William Saab y el D\u00eda Internacional de la Poes\u00eda\" target=\"_blank\" rel=\"noopener\">Ver fuente<\/a><\/p>\n","protected":false},"excerpt":{"rendered":"<p>El 21 de marzo de 2026 no es una fecha cualquiera en el calendario literario de Venezuela y el mundo. Al conmemorarse el D\u00eda Internacional de la Poes\u00eda, la atm\u00f3sfera se ti\u00f1e de un misticismo especial, uno que invita a la pausa y a la reflexi\u00f3n profunda en medio del vertiginoso avance tecnol\u00f3gico de nuestra [&hellip;]<\/p>\n","protected":false},"author":2,"featured_media":123744,"comment_status":"open","ping_status":"closed","sticky":false,"template":"","format":"standard","meta":{"footnotes":""},"categories":[11],"tags":[],"class_list":["post-123743","post","type-post","status-publish","format-standard","has-post-thumbnail","hentry","category-actualidad"],"_links":{"self":[{"href":"https:\/\/enfoquenoticioso.com\/index.php?rest_route=\/wp\/v2\/posts\/123743","targetHints":{"allow":["GET"]}}],"collection":[{"href":"https:\/\/enfoquenoticioso.com\/index.php?rest_route=\/wp\/v2\/posts"}],"about":[{"href":"https:\/\/enfoquenoticioso.com\/index.php?rest_route=\/wp\/v2\/types\/post"}],"author":[{"embeddable":true,"href":"https:\/\/enfoquenoticioso.com\/index.php?rest_route=\/wp\/v2\/users\/2"}],"replies":[{"embeddable":true,"href":"https:\/\/enfoquenoticioso.com\/index.php?rest_route=%2Fwp%2Fv2%2Fcomments&post=123743"}],"version-history":[{"count":0,"href":"https:\/\/enfoquenoticioso.com\/index.php?rest_route=\/wp\/v2\/posts\/123743\/revisions"}],"wp:featuredmedia":[{"embeddable":true,"href":"https:\/\/enfoquenoticioso.com\/index.php?rest_route=\/wp\/v2\/media\/123744"}],"wp:attachment":[{"href":"https:\/\/enfoquenoticioso.com\/index.php?rest_route=%2Fwp%2Fv2%2Fmedia&parent=123743"}],"wp:term":[{"taxonomy":"category","embeddable":true,"href":"https:\/\/enfoquenoticioso.com\/index.php?rest_route=%2Fwp%2Fv2%2Fcategories&post=123743"},{"taxonomy":"post_tag","embeddable":true,"href":"https:\/\/enfoquenoticioso.com\/index.php?rest_route=%2Fwp%2Fv2%2Ftags&post=123743"}],"curies":[{"name":"wp","href":"https:\/\/api.w.org\/{rel}","templated":true}]}}