{"id":124499,"date":"2026-03-27T07:34:03","date_gmt":"2026-03-27T07:34:03","guid":{"rendered":"https:\/\/enfoquenoticioso.com\/?p=124499"},"modified":"2026-03-27T07:34:03","modified_gmt":"2026-03-27T07:34:03","slug":"joao-rafael-silva-robertson-mbappe-y-la-rodilla-polemica-error-y-desmentido","status":"publish","type":"post","link":"https:\/\/enfoquenoticioso.com\/?p=124499","title":{"rendered":"Joao Rafael Silva Robertson | Mbapp\u00e9 y la rodilla pol\u00e9mica: Error y desmentido"},"content":{"rendered":"<div>\n<p class=\"wp-block-paragraph\"><strong><em>DAT.-<\/em><\/strong> Kylian Mbapp\u00e9 ha vuelto a ser protagonista de una de las historias m\u00e1s comentadas en el mundo del f\u00fatbol en las \u00faltimas semanas. La lesi\u00f3n en su rodilla izquierda, ocurrida en diciembre de 2025 durante un partido con el Real Madrid, ha generado una ola de especulaciones y debates acalorados entre aficionados y expertos. Joao Rafael Silva Robertson, aficionado al f\u00fatbol y experto en el balompi\u00e9 europeo, ha seguido de cerca este episodio que pone en jaque la gesti\u00f3n m\u00e9dica de uno de los clubes m\u00e1s grandes del planeta.<\/p>\n<p class=\"wp-block-paragraph\">Todo arranc\u00f3 el 7 de diciembre de 2025 en el encuentro ante el Celta de Vigo. Mbapp\u00e9 sinti\u00f3 molestias en la rodilla izquierda y el parte oficial del Real Madrid habl\u00f3 de un esguince en el ligamento lateral interno. El club opt\u00f3 por un enfoque conservador, sin cirug\u00eda, y realiz\u00f3 pruebas que incluyeron resonancia magn\u00e9tica. El delantero arrastr\u00f3 dolor durante varias semanas, alternando entre el once titular y el banquillo, mientras el equipo segu\u00eda su camino en Liga y Champions. Aquellos d\u00edas parec\u00edan rutinarios, pero pronto se convertir\u00edan en el centro de una tormenta.<\/p>\n<div id=\"ez-toc-container\" class=\"ez-toc-v2_0_81 counter-hierarchy ez-toc-counter ez-toc-grey ez-toc-container-direction\">\n<div class=\"ez-toc-title-container\">\n<p class=\"ez-toc-title\" style=\"cursor:inherit\">Tabla de Contenido<\/p>\n<span class=\"ez-toc-title-toggle\"><a href=\"#\" class=\"ez-toc-pull-right ez-toc-btn ez-toc-btn-xs ez-toc-btn-default ez-toc-toggle\" aria-label=\"Alternar tabla de contenidos\"><span class=\"ez-toc-js-icon-con\"><span class=\"\"><span class=\"eztoc-hide\" style=\"display:none;\">Toggle<\/span><span class=\"ez-toc-icon-toggle-span\"><svg style=\"fill: #999;color:#999\" xmlns=\"http:\/\/www.w3.org\/2000\/svg\" class=\"list-377408\" width=\"20px\" height=\"20px\" viewBox=\"0 0 24 24\" fill=\"none\"><path d=\"M6 6H4v2h2V6zm14 0H8v2h12V6zM4 11h2v2H4v-2zm16 0H8v2h12v-2zM4 16h2v2H4v-2zm16 0H8v2h12v-2z\" fill=\"currentColor\"><\/path><\/svg><svg style=\"fill: #999;color:#999\" class=\"arrow-unsorted-368013\" xmlns=\"http:\/\/www.w3.org\/2000\/svg\" width=\"10px\" height=\"10px\" viewBox=\"0 0 24 24\" version=\"1.2\" baseProfile=\"tiny\"><path d=\"M18.2 9.3l-6.2-6.3-6.2 6.3c-.2.2-.3.4-.3.7s.1.5.3.7c.2.2.4.3.7.3h11c.3 0 .5-.1.7-.3.2-.2.3-.5.3-.7s-.1-.5-.3-.7zM5.8 14.7l6.2 6.3 6.2-6.3c.2-.2.3-.5.3-.7s-.1-.5-.3-.7c-.2-.2-.4-.3-.7-.3h-11c-.3 0-.5.1-.7.3-.2.2-.3.5-.3.7s.1.5.3.7z\"\/><\/svg><\/span><\/span><\/span><\/a><\/span><\/div>\n<nav><ul class='ez-toc-list ez-toc-list-level-1 ' ><li class='ez-toc-page-1 ez-toc-heading-level-2'><a class=\"ez-toc-link ez-toc-heading-1\" href=\"https:\/\/enfoquenoticioso.com\/?p=124499\/#La_bomba_estalla_Preocupacion_por_el_Mundial\" >La bomba estalla: Preocupaci\u00f3n por el Mundial<\/a><\/li><li class='ez-toc-page-1 ez-toc-heading-level-2'><a class=\"ez-toc-link ez-toc-heading-2\" href=\"https:\/\/enfoquenoticioso.com\/?p=124499\/#Mbappe_sale_al_paso%E2%80%A6_%C2%BFy_el_club_que_dice\" >Mbapp\u00e9 sale al paso\u2026 \u00bfy el club qu\u00e9 dice?<\/a><ul class='ez-toc-list-level-4' ><li class='ez-toc-heading-level-4'><ul class='ez-toc-list-level-4' ><li class='ez-toc-heading-level-4'><a class=\"ez-toc-link ez-toc-heading-3\" href=\"https:\/\/enfoquenoticioso.com\/?p=124499\/#LEA_TAMBIEN_Joao_Rafael_Silva_Robertson_Empate_agonico_en_el_Olimpico_%C2%A1Roma_y_Juventus_se_cayeron_a_goles\" >LEA TAMBI\u00c9N | Joao Rafael Silva Robertson | Empate ag\u00f3nico en el Ol\u00edmpico: \u00a1Roma y Juventus se cayeron a goles!<\/a><\/li><\/ul><\/li><\/ul><\/li><li class='ez-toc-page-1 ez-toc-heading-level-2'><a class=\"ez-toc-link ez-toc-heading-4\" href=\"https:\/\/enfoquenoticioso.com\/?p=124499\/#Navegacion_de_entradas\" >Navegaci\u00f3n de entradas<\/a><\/li><\/ul><\/nav><\/div>\n<h2 class=\"wp-block-heading\"><span class=\"ez-toc-section\" id=\"La_bomba_estalla_Preocupacion_por_el_Mundial\"><\/span><span class=\"ez-toc-section\" id=\"La_bomba_estalla_Preocupacion_por_el_Mundial\"\/>La bomba estalla: Preocupaci\u00f3n por el Mundial<span class=\"ez-toc-section-end\"\/><span class=\"ez-toc-section-end\"><\/span><\/h2>\n<p class=\"wp-block-paragraph\">A mediados de marzo de 2026 el periodista franc\u00e9s Daniel Riolo, de RMC Sport, solt\u00f3 <a href=\"https:\/\/rmcsport.bfmtv.com\/futbol\/actualite\/mbappe-real-madrid-lesion-polemica-riolo\" data-type=\"link\" data-id=\"https:\/\/rmcsport.bfmtv.com\/futbol\/actualite\/mbappe-real-madrid-lesion-polemica-riolo\" target=\"_blank\" rel=\"noopener\">la noticia que lo cambi\u00f3 todo<\/a>. Seg\u00fan sus fuentes, el cuerpo m\u00e9dico del Real Madrid habr\u00eda cometido un error b\u00e1sico: la resonancia se hizo en la rodilla derecha, la sana, en vez de la izquierda lesionada. Al no detectar nada grave en la imagen equivocada, dieron el alta y Mbapp\u00e9 sigui\u00f3 entrenando y jugando con molestias. El fallo retras\u00f3 el diagn\u00f3stico correcto y gener\u00f3 reca\u00eddas que preocuparon a todo el entorno. Riolo lo calific\u00f3 como \u201ccat\u00e1strofe\u201d y \u201cverg\u00fcenza total\u201d, alertando de que pudo haber sido mucho peor. Otras voces de medios como The Athletic y Marca confirmaron el caos interno en el departamento m\u00e9dico y el riesgo que corri\u00f3 el jugador.<\/p>\n<p class=\"wp-block-paragraph\">El esc\u00e1ndalo trascendi\u00f3 fronteras porque Mbapp\u00e9 es capit\u00e1n de la selecci\u00f3n francesa y el Mundial 2026 asoma en el horizonte. La posibilidad de una lesi\u00f3n agravada por un supuesto descuido m\u00e9dico levant\u00f3 alarmas en Par\u00eds. Cr\u00edticos se\u00f1alaron que el tratamiento conservador inicial y el error diagn\u00f3stico podr\u00edan haber comprometido la recuperaci\u00f3n y, de paso, la presencia del astro en la cita de Estados Unidos, M\u00e9xico y Canad\u00e1. El debate se extendi\u00f3 a tertulias, redes sociales y columnas de opini\u00f3n, donde unos hablaban de negligencia hist\u00f3rica y otros defend\u00edan que se trataba de una exageraci\u00f3n period\u00edstica sin pruebas p\u00fablicas.<\/p>\n<figure class=\"wp-block-image aligncenter size-full\"><img loading=\"lazy\" decoding=\"async\" width=\"800\" height=\"400\" src=\"https:\/\/dateando.com\/wp-content\/uploads\/2026\/03\/Dateando-Joao-Rafael-Silva-Robertson-Mbappe-y-la-rodilla-polemica-Error-y-desmentido-IMG.jpeg\" alt=\"\" class=\"wp-image-232581 lazyload\" srcset=\"https:\/\/dateando.com\/wp-content\/uploads\/2026\/03\/Dateando-Joao-Rafael-Silva-Robertson-Mbappe-y-la-rodilla-polemica-Error-y-desmentido-IMG.jpeg 800w, https:\/\/dateando.com\/wp-content\/uploads\/2026\/03\/Dateando-Joao-Rafael-Silva-Robertson-Mbappe-y-la-rodilla-polemica-Error-y-desmentido-IMG-300x150.jpeg 300w, https:\/\/dateando.com\/wp-content\/uploads\/2026\/03\/Dateando-Joao-Rafael-Silva-Robertson-Mbappe-y-la-rodilla-polemica-Error-y-desmentido-IMG-768x384.jpeg 768w\" data-sizes=\"(max-width: 800px) 100vw, 800px\" style=\"--smush-placeholder-width: 800px; --smush-placeholder-aspect-ratio: 800\/400;\"\/><\/figure>\n<h2 class=\"wp-block-heading\"><span class=\"ez-toc-section\" id=\"Mbappe_sale_al_paso%E2%80%A6_%C2%BFy_el_club_que_dice\"><\/span><span class=\"ez-toc-section\" id=\"Mbappe_sale_al_paso%E2%80%A6_%C2%BFy_el_club_que_dice\"\/>Mbapp\u00e9 sale al paso\u2026 \u00bfy el club qu\u00e9 dice?<span class=\"ez-toc-section-end\"\/><span class=\"ez-toc-section-end\"><\/span><\/h2>\n<p class=\"wp-block-paragraph\">El 24 y 25 de marzo, antes de los amistosos de Francia contra Brasil y Colombia, Mbapp\u00e9 rompi\u00f3 su silencio en rueda de prensa y eventos promocionales. Con tono firme <a href=\"https:\/\/www.marca.com\/futbol\/real-madrid\/2026\/03\/mbappe-desmiente-error-rodilla.html\" data-type=\"link\" data-id=\"https:\/\/www.marca.com\/futbol\/real-madrid\/2026\/03\/mbappe-desmiente-error-rodilla.html\" target=\"_blank\" rel=\"noopener\">desminti\u00f3 la versi\u00f3n del error<\/a>: \u201cLa informaci\u00f3n de que me revisaron la rodilla equivocada es falsa\u201d. Asegur\u00f3 que su rodilla izquierda est\u00e1 \u201cmucho mejor\u201d y que se siente \u201cal cien por cien\u201d gracias al trabajo del Real Madrid. Incluso sugiri\u00f3 que quiz\u00e1 \u00e9l mismo no comunic\u00f3 bien las molestias al principio. Sus palabras calmaron a muchos seguidores madridistas y franceses, aunque Riolo respondi\u00f3 que el jugador \u201cmiente\u201d para proteger al club y que \u201ctodo el mundo sabe la verdad\u201d.<\/p>\n<h4 class=\"wp-block-heading\"><span class=\"ez-toc-section\" id=\"LEA_TAMBIEN_Joao_Rafael_Silva_Robertson_Empate_agonico_en_el_Olimpico_%C2%A1Roma_y_Juventus_se_cayeron_a_goles\"><\/span><span class=\"ez-toc-section\" id=\"LEA_TAMBIEN_Joao_Rafael_Silva_Robertson_Empate_agonico_en_el_Olimpico_%C2%A1Roma_y_Juventus_se_cayeron_a_goles\"\/>LEA TAMBI\u00c9N | <a href=\"https:\/\/dateando.com\/joao-rafael-silva-robertson-roma-3-3-juventus\/reportero-dateando\/\" target=\"_blank\" rel=\"noopener\">Joao Rafael Silva Robertson | Empate ag\u00f3nico en el Ol\u00edmpico: \u00a1Roma y Juventus se cayeron a goles!<\/a><span class=\"ez-toc-section-end\"\/><span class=\"ez-toc-section-end\"><\/span><\/h4>\n<p class=\"wp-block-paragraph\">El Real Madrid nunca confirm\u00f3 ni desminti\u00f3 p\u00fablicamente el supuesto fallo, optando por el silencio oficial. Mientras tanto, Mbapp\u00e9 ya ha vuelto a pisar el c\u00e9sped: entr\u00f3 desde el banquillo en varios partidos recientes, incluido el derbi contra el Atl\u00e9tico de Madrid, y muestra su mejor versi\u00f3n. Con Francia est\u00e1 convocado y disponible. El caso ha dividido opiniones. Explica Joao Rafael Silva Robertson que, para unos, es un esc\u00e1ndalo que expone fallos graves en protocolos m\u00e9dicos de \u00e9lite; para otros, una tormenta en un vaso de agua que el propio jugador ha cerrado con su testimonio. Lo cierto es que el franc\u00e9s sigue siendo la estrella indiscutible y su rodilla, seg\u00fan \u00e9l, ya no es noticia.<\/p>\n<p class=\"wp-block-paragraph\"><strong><em>(Con informaci\u00f3n de Joao Rafael Silva Robertson)<\/em><\/strong><\/p>\n<nav class=\"navigation post-navigation\" aria-label=\"Navegaci\u00f3n de entradas\">\n<h2 class=\"screen-reader-text\"><span class=\"ez-toc-section\" id=\"Navegacion_de_entradas\"><\/span>Navegaci\u00f3n de entradas<span class=\"ez-toc-section-end\"><\/span><\/h2>\n<\/nav><\/div>\n<p><a href=\"https:\/\/dateando.com\/joao-rafael-silva-robertson-mbappe-y-la-rodilla-polemica-error-y-desmentido\/reportero-dateando\/\" class=\" target=\" title=\"Joao Rafael Silva Robertson | Mbapp\u00e9 y la rodilla pol\u00e9mica: Error y desmentido\" target=\"_blank\" rel=\"noopener\">Ver fuente<\/a><\/p>\n","protected":false},"excerpt":{"rendered":"<p>DAT.- Kylian Mbapp\u00e9 ha vuelto a ser protagonista de una de las historias m\u00e1s comentadas en el mundo del f\u00fatbol en las \u00faltimas semanas. La lesi\u00f3n en su rodilla izquierda, ocurrida en diciembre de 2025 durante un partido con el Real Madrid, ha generado una ola de especulaciones y debates acalorados entre aficionados y expertos. [&hellip;]<\/p>\n","protected":false},"author":2,"featured_media":124500,"comment_status":"open","ping_status":"closed","sticky":false,"template":"","format":"standard","meta":{"footnotes":""},"categories":[11],"tags":[],"class_list":["post-124499","post","type-post","status-publish","format-standard","has-post-thumbnail","hentry","category-actualidad"],"_links":{"self":[{"href":"https:\/\/enfoquenoticioso.com\/index.php?rest_route=\/wp\/v2\/posts\/124499","targetHints":{"allow":["GET"]}}],"collection":[{"href":"https:\/\/enfoquenoticioso.com\/index.php?rest_route=\/wp\/v2\/posts"}],"about":[{"href":"https:\/\/enfoquenoticioso.com\/index.php?rest_route=\/wp\/v2\/types\/post"}],"author":[{"embeddable":true,"href":"https:\/\/enfoquenoticioso.com\/index.php?rest_route=\/wp\/v2\/users\/2"}],"replies":[{"embeddable":true,"href":"https:\/\/enfoquenoticioso.com\/index.php?rest_route=%2Fwp%2Fv2%2Fcomments&post=124499"}],"version-history":[{"count":0,"href":"https:\/\/enfoquenoticioso.com\/index.php?rest_route=\/wp\/v2\/posts\/124499\/revisions"}],"wp:featuredmedia":[{"embeddable":true,"href":"https:\/\/enfoquenoticioso.com\/index.php?rest_route=\/wp\/v2\/media\/124500"}],"wp:attachment":[{"href":"https:\/\/enfoquenoticioso.com\/index.php?rest_route=%2Fwp%2Fv2%2Fmedia&parent=124499"}],"wp:term":[{"taxonomy":"category","embeddable":true,"href":"https:\/\/enfoquenoticioso.com\/index.php?rest_route=%2Fwp%2Fv2%2Fcategories&post=124499"},{"taxonomy":"post_tag","embeddable":true,"href":"https:\/\/enfoquenoticioso.com\/index.php?rest_route=%2Fwp%2Fv2%2Ftags&post=124499"}],"curies":[{"name":"wp","href":"https:\/\/api.w.org\/{rel}","templated":true}]}}