{"id":12484,"date":"2024-07-18T12:01:49","date_gmt":"2024-07-18T12:01:49","guid":{"rendered":"https:\/\/enfoquenoticioso.com\/sucesos\/asesinaron-al-reconocido-estilista-juan-carlos-acosta-en-el-estado-lara\/"},"modified":"2024-07-18T12:01:49","modified_gmt":"2024-07-18T12:01:49","slug":"asesinaron-al-reconocido-estilista-juan-carlos-acosta-en-el-estado-lara","status":"publish","type":"post","link":"https:\/\/enfoquenoticioso.com\/?p=12484","title":{"rendered":"Asesinaron al reconocido estilista Juan Carlos Acosta en el estado Lara"},"content":{"rendered":"<div id=\"post-533087\">\n<div class=\"entry-thumbnail\">\n<img width=\"658\" height=\"437\" src=\"https:\/\/i0.wp.com\/noticiasaldiayalahora.co\/wp-content\/uploads\/2024\/07\/Juan-Carlos-Acosta.png?resize=658%2C437&amp;ssl=1\" class=\"attachment-content-single size-content-single wp-post-image\" alt=\"\" decoding=\"async\" fetchpriority=\"high\"\/><\/div>\n<p class=\"entry-meta\">\n<span class=\"entry-meta-author vcard author\">Por: <a class=\"fn\" href=\"https:\/\/noticiasaldiayalahora.co\/author\/redaccion\/\" target=\"_blank\" rel=\"noopener\">Redacci\u00f3n Noticias al Dia y a la Hora<\/a><\/span><br \/>\n<span class=\"entry-meta-date updated\">18 julio, 2024<\/span>\n<\/p>\n<div class=\"entry-content clearfix\">\n<p>El reconocido estilista larense, Juan Carlos Acosta de 43 a\u00f1os, fue hallado muerto y en estado de descomposici\u00f3n el pasado domingo 14 de julio en el sector La Ceiba, residencia Plaza La Ceiba, parroquia Cabudare, municipio Palavecino, estado Lara.<span id=\"more-533087\"\/><\/p>\n<p>El trabajo articulado entre sabuesos de la Delegaci\u00f3n Municipal Cabudare, Coordinaci\u00f3n Estadal de Investigaciones de Homicidios Lara y las Divisiones Municipales de Criminal\u00edsticas Barquisimeto y Cabudare, permiti\u00f3 la ubicaci\u00f3n y detenci\u00f3n del homicida identificado como Bruno Vielma de 18 a\u00f1os de edad.<\/p>\n<p>El Cicpc informa en sus redes sociales que la v\u00edctima se encontraba junto a Bruno Vielma compartiendo en su vivienda cuando en un descuido el joven tom\u00f3 unas tijeras, se abalanz\u00f3 sobre Juan Carlos, asest\u00e1ndole m\u00faltiples heridas, que le cegaron la vida de manera inmediata.<\/p>\n<p>Luego huy\u00f3 del sitio en la motocicleta, Bera Br115bws, placa AK3E74M, propiedad del estilista.<\/p>\n<p>Tras una exhaustiva b\u00fasqueda, se logr\u00f3 la detenci\u00f3n del homicida y la recuperaci\u00f3n del veh\u00edculo y un celular; quedando a la orden de la Fiscal\u00eda Sexta del Ministerio P\u00fablico del estado Lara.<\/p>\n<div id=\"ez-toc-container\" class=\"ez-toc-v2_0_81 counter-hierarchy ez-toc-counter ez-toc-grey ez-toc-container-direction\">\n<div class=\"ez-toc-title-container\">\n<p class=\"ez-toc-title\" style=\"cursor:inherit\">Tabla de Contenido<\/p>\n<span class=\"ez-toc-title-toggle\"><a href=\"#\" class=\"ez-toc-pull-right ez-toc-btn ez-toc-btn-xs ez-toc-btn-default ez-toc-toggle\" aria-label=\"Alternar tabla de contenidos\"><span class=\"ez-toc-js-icon-con\"><span class=\"\"><span class=\"eztoc-hide\" style=\"display:none;\">Toggle<\/span><span class=\"ez-toc-icon-toggle-span\"><svg style=\"fill: #999;color:#999\" xmlns=\"http:\/\/www.w3.org\/2000\/svg\" class=\"list-377408\" width=\"20px\" height=\"20px\" viewBox=\"0 0 24 24\" fill=\"none\"><path d=\"M6 6H4v2h2V6zm14 0H8v2h12V6zM4 11h2v2H4v-2zm16 0H8v2h12v-2zM4 16h2v2H4v-2zm16 0H8v2h12v-2z\" fill=\"currentColor\"><\/path><\/svg><svg style=\"fill: #999;color:#999\" class=\"arrow-unsorted-368013\" xmlns=\"http:\/\/www.w3.org\/2000\/svg\" width=\"10px\" height=\"10px\" viewBox=\"0 0 24 24\" version=\"1.2\" baseProfile=\"tiny\"><path d=\"M18.2 9.3l-6.2-6.3-6.2 6.3c-.2.2-.3.4-.3.7s.1.5.3.7c.2.2.4.3.7.3h11c.3 0 .5-.1.7-.3.2-.2.3-.5.3-.7s-.1-.5-.3-.7zM5.8 14.7l6.2 6.3 6.2-6.3c.2-.2.3-.5.3-.7s-.1-.5-.3-.7c-.2-.2-.4-.3-.7-.3h-11c-.3 0-.5.1-.7.3-.2.2-.3.5-.3.7s.1.5.3.7z\"\/><\/svg><\/span><\/span><\/span><\/a><\/span><\/div>\n<nav><ul class='ez-toc-list ez-toc-list-level-1 ' ><li class='ez-toc-page-1 ez-toc-heading-level-4'><a class=\"ez-toc-link ez-toc-heading-1\" href=\"https:\/\/enfoquenoticioso.com\/?p=12484\/#Sigue_al_canal_de_noticias_en_Whatsaap\" >Sigue al canal de noticias en Whatsaap\u00a0<\/a><\/li><\/ul><\/nav><\/div>\n<h4><span class=\"ez-toc-section\" id=\"Sigue_al_canal_de_noticias_en_Whatsaap\"><\/span><strong><a href=\"https:\/\/whatsapp.com\/channel\/0029VaDXFnLId7nFFiDdVI26?fbclid=IwAR1LnVJqcByTELJH4Ht086FYRmdx18pRnV7CrkzmTJ5JaLHYY0igukfL9Yk\" target=\"_blank\" rel=\"noopener\">Sigue al canal de noticias en Whatsaap\u00a0<\/a><\/strong><span class=\"ez-toc-section-end\"><\/span><\/h4>\n<\/div>\n<\/div>\n<p><a href=\"https:\/\/noticiasaldiayalahora.co\/sucesos\/asesinaron-al-reconocido-estilista-juan-carlos-acosta-en-el-estado-lara\/\" class=\" target=\" title=\"Asesinaron al reconocido estilista Juan Carlos Acosta en el estado Lara\" target=\"_blank\" rel=\"noopener\">Ver fuente<\/a><\/p>\n","protected":false},"excerpt":{"rendered":"<p>Por: Redacci\u00f3n Noticias al Dia y a la Hora 18 julio, 2024 El reconocido estilista larense, Juan Carlos Acosta de 43 a\u00f1os, fue hallado muerto y en estado de descomposici\u00f3n el pasado domingo 14 de julio en el sector La Ceiba, residencia Plaza La Ceiba, parroquia Cabudare, municipio Palavecino, estado Lara. El trabajo articulado entre [&hellip;]<\/p>\n","protected":false},"author":2,"featured_media":12485,"comment_status":"open","ping_status":"closed","sticky":false,"template":"","format":"standard","meta":{"footnotes":""},"categories":[5],"tags":[],"class_list":["post-12484","post","type-post","status-publish","format-standard","has-post-thumbnail","hentry","category-sucesos"],"_links":{"self":[{"href":"https:\/\/enfoquenoticioso.com\/index.php?rest_route=\/wp\/v2\/posts\/12484","targetHints":{"allow":["GET"]}}],"collection":[{"href":"https:\/\/enfoquenoticioso.com\/index.php?rest_route=\/wp\/v2\/posts"}],"about":[{"href":"https:\/\/enfoquenoticioso.com\/index.php?rest_route=\/wp\/v2\/types\/post"}],"author":[{"embeddable":true,"href":"https:\/\/enfoquenoticioso.com\/index.php?rest_route=\/wp\/v2\/users\/2"}],"replies":[{"embeddable":true,"href":"https:\/\/enfoquenoticioso.com\/index.php?rest_route=%2Fwp%2Fv2%2Fcomments&post=12484"}],"version-history":[{"count":0,"href":"https:\/\/enfoquenoticioso.com\/index.php?rest_route=\/wp\/v2\/posts\/12484\/revisions"}],"wp:featuredmedia":[{"embeddable":true,"href":"https:\/\/enfoquenoticioso.com\/index.php?rest_route=\/wp\/v2\/media\/12485"}],"wp:attachment":[{"href":"https:\/\/enfoquenoticioso.com\/index.php?rest_route=%2Fwp%2Fv2%2Fmedia&parent=12484"}],"wp:term":[{"taxonomy":"category","embeddable":true,"href":"https:\/\/enfoquenoticioso.com\/index.php?rest_route=%2Fwp%2Fv2%2Fcategories&post=12484"},{"taxonomy":"post_tag","embeddable":true,"href":"https:\/\/enfoquenoticioso.com\/index.php?rest_route=%2Fwp%2Fv2%2Ftags&post=12484"}],"curies":[{"name":"wp","href":"https:\/\/api.w.org\/{rel}","templated":true}]}}