{"id":125583,"date":"2026-04-05T13:46:21","date_gmt":"2026-04-05T13:46:21","guid":{"rendered":"https:\/\/enfoquenoticioso.com\/?p=125583"},"modified":"2026-04-05T13:46:21","modified_gmt":"2026-04-05T13:46:21","slug":"no-es-la-luna-que-estoy-acostumbrada-a-ver","status":"publish","type":"post","link":"https:\/\/enfoquenoticioso.com\/?p=125583","title":{"rendered":"&#8216;No es la luna que estoy acostumbrada a ver&#8217;"},"content":{"rendered":"<div>\n<p class=\"paragraph\">La\u00a0<b>tripulaci\u00f3n de\u00a0<\/b><b>Artemis II<\/b>\u00a0ha marcado un hito en la exploraci\u00f3n espacial al convertirse en los primeros seres humanos en m\u00e1s de cinco d\u00e9cadas en aproximarse a la Luna y observar su cara oculta desde el espacio profundo. Seg\u00fan inform\u00f3\u00a0<i>NBC News<\/i>, los cuatro astronautas compartieron sus impresiones iniciales durante una entrevista realizada a m\u00e1s de\u00a0<b>300.000 kil\u00f3metros de la Tierra<\/b>.<\/p>\n<p class=\"paragraph\">Este avance significa que los astronautas han superado el umbral de distancia alcanzado por las misiones anteriores y, por primera vez desde el programa Apolo, la humanidad observa directamente regiones de la Luna que permanecen ocultas desde nuestro planeta. La misi\u00f3n incluye la recopilaci\u00f3n de datos cient\u00edficos clave y la realizaci\u00f3n de experimentos que sentar\u00e1n las bases para futuras expediciones tripuladas.<\/p>\n<div id=\"ez-toc-container\" class=\"ez-toc-v2_0_81 counter-hierarchy ez-toc-counter ez-toc-grey ez-toc-container-direction\">\n<div class=\"ez-toc-title-container\">\n<p class=\"ez-toc-title\" style=\"cursor:inherit\">Tabla de Contenido<\/p>\n<span class=\"ez-toc-title-toggle\"><a href=\"#\" class=\"ez-toc-pull-right ez-toc-btn ez-toc-btn-xs ez-toc-btn-default ez-toc-toggle\" aria-label=\"Alternar tabla de contenidos\"><span class=\"ez-toc-js-icon-con\"><span class=\"\"><span class=\"eztoc-hide\" style=\"display:none;\">Toggle<\/span><span class=\"ez-toc-icon-toggle-span\"><svg style=\"fill: #999;color:#999\" xmlns=\"http:\/\/www.w3.org\/2000\/svg\" class=\"list-377408\" width=\"20px\" height=\"20px\" viewBox=\"0 0 24 24\" fill=\"none\"><path d=\"M6 6H4v2h2V6zm14 0H8v2h12V6zM4 11h2v2H4v-2zm16 0H8v2h12v-2zM4 16h2v2H4v-2zm16 0H8v2h12v-2z\" fill=\"currentColor\"><\/path><\/svg><svg style=\"fill: #999;color:#999\" class=\"arrow-unsorted-368013\" xmlns=\"http:\/\/www.w3.org\/2000\/svg\" width=\"10px\" height=\"10px\" viewBox=\"0 0 24 24\" version=\"1.2\" baseProfile=\"tiny\"><path d=\"M18.2 9.3l-6.2-6.3-6.2 6.3c-.2.2-.3.4-.3.7s.1.5.3.7c.2.2.4.3.7.3h11c.3 0 .5-.1.7-.3.2-.2.3-.5.3-.7s-.1-.5-.3-.7zM5.8 14.7l6.2 6.3 6.2-6.3c.2-.2.3-.5.3-.7s-.1-.5-.3-.7c-.2-.2-.4-.3-.7-.3h-11c-.3 0-.5.1-.7.3-.2.2-.3.5-.3.7s.1.5.3.7z\"\/><\/svg><\/span><\/span><\/span><\/a><\/span><\/div>\n<nav><ul class='ez-toc-list ez-toc-list-level-1 ' ><li class='ez-toc-page-1 ez-toc-heading-level-2'><a class=\"ez-toc-link ez-toc-heading-1\" href=\"https:\/\/enfoquenoticioso.com\/?p=125583\/#Una_perspectiva_inedita_desde_el_espacio\" >Una perspectiva in\u00e9dita desde el espacio<\/a><\/li><li class='ez-toc-page-1 ez-toc-heading-level-2'><a class=\"ez-toc-link ez-toc-heading-2\" href=\"https:\/\/enfoquenoticioso.com\/?p=125583\/#Vinculo_emocional_y_contacto_con_la_Tierra\" >V\u00ednculo emocional y contacto con la Tierra<\/a><\/li><li class='ez-toc-page-1 ez-toc-heading-level-2'><a class=\"ez-toc-link ez-toc-heading-3\" href=\"https:\/\/enfoquenoticioso.com\/?p=125583\/#Los_desafios_tecnicos_de_Artemis_II\" >Los desaf\u00edos t\u00e9cnicos de Artemis II<\/a><\/li><li class='ez-toc-page-1 ez-toc-heading-level-2'><a class=\"ez-toc-link ez-toc-heading-4\" href=\"https:\/\/enfoquenoticioso.com\/?p=125583\/#Observaciones_cientificas_y_proximos_hitos\" >Observaciones cient\u00edficas y pr\u00f3ximos hitos<\/a><\/li><li class='ez-toc-page-1 ez-toc-heading-level-2'><a class=\"ez-toc-link ez-toc-heading-5\" href=\"https:\/\/enfoquenoticioso.com\/?p=125583\/#El_regreso_y_el_legado_de_la_mision\" >El regreso y el legado de la misi\u00f3n<\/a><\/li><\/ul><\/nav><\/div>\n<h2 id=\"article-headline una-perspectiva-inedita-desde-el-espacio\" class=\"header headline-class-h2 headline\"><span class=\"ez-toc-section\" id=\"Una_perspectiva_inedita_desde_el_espacio\"><\/span>Una perspectiva in\u00e9dita desde el espacio<span class=\"ez-toc-section-end\"><\/span><\/h2>\n<p class=\"paragraph\"><b>Reid Wiseman<\/b>, comandante de Artemis II, destac\u00f3 que volar entre la Tierra y la Luna les ha ofrecido una perspectiva poco com\u00fan de ambos cuerpos celestes. \u201cLa Tierra est\u00e1 casi en pleno eclipse. La luna est\u00e1 casi en pleno d\u00eda y la \u00fanica manera de obtener esa vista es estando a medio camino entre ambos cuerpos celestes\u201d, se\u00f1al\u00f3 Wiseman en di\u00e1logo con NBC News.<\/p>\n<p class=\"paragraph\">Por su parte,<b>\u00a0Christina Koch<\/b>, ingeniera de vuelo, explic\u00f3 que la visi\u00f3n de la\u00a0<b>Luna<\/b>\u00a0desde la c\u00e1psula Ori\u00f3n difiere notablemente de la que se tiene desde la superficie terrestre: \u201cLas zonas oscuras no est\u00e1n en el lugar al que estamos acostumbrados.\u00a0<b>Me hace sentir que no es la luna a la que estoy acostumbrada a ver\u201d.<\/b> Al comparar sus observaciones con material de referencia, la tripulaci\u00f3n confirm\u00f3 que se encontraban ante la cara oculta, una regi\u00f3n que no puede observarse directamente desde la Tierra.<\/p>\n<p class=\"paragraph\">Respecto a las im\u00e1genes difundidas a nivel global,\u00a0<b>Jeremy Hansen<\/b>, astronauta canadiense de la misi\u00f3n, declar\u00f3 en entrevista con el medio estadounidense:\u00a0<b>\u201cS\u00e9 que esas fotos son incre\u00edbles, pero d\u00e9jenme asegurarles que aqu\u00ed arriba es algo a\u00fan m\u00e1s asombroso\u201d.<\/b><\/p>\n<div class=\"visual__image\"><picture><source srcset=\"https:\/\/www.infobae.com\/resizer\/v2\/OTIT7EWSRBAGHLYDQ27DLXIJTA.png?auth=263569e85849473fe2a9f0f8c3ccd88f89296abee7816921e5b06a4563ba0043&amp;smart=true&amp;width=992&amp;height=507&amp;quality=85\" media=\"(min-width: 1000px)\"\/><source srcset=\"https:\/\/www.infobae.com\/resizer\/v2\/OTIT7EWSRBAGHLYDQ27DLXIJTA.png?auth=263569e85849473fe2a9f0f8c3ccd88f89296abee7816921e5b06a4563ba0043&amp;smart=true&amp;width=768&amp;height=393&amp;quality=85\" media=\"(min-width: 768px)\"\/><source srcset=\"https:\/\/www.infobae.com\/resizer\/v2\/OTIT7EWSRBAGHLYDQ27DLXIJTA.png?auth=263569e85849473fe2a9f0f8c3ccd88f89296abee7816921e5b06a4563ba0043&amp;smart=true&amp;width=577&amp;height=295&amp;quality=85\" media=\"(min-width: 580px)\"\/><source srcset=\"https:\/\/www.infobae.com\/resizer\/v2\/OTIT7EWSRBAGHLYDQ27DLXIJTA.png?auth=263569e85849473fe2a9f0f8c3ccd88f89296abee7816921e5b06a4563ba0043&amp;smart=true&amp;width=420&amp;height=215&amp;quality=85\" media=\"(min-width: 350px)\"\/><source srcset=\"https:\/\/www.infobae.com\/resizer\/v2\/OTIT7EWSRBAGHLYDQ27DLXIJTA.png?auth=263569e85849473fe2a9f0f8c3ccd88f89296abee7816921e5b06a4563ba0043&amp;smart=true&amp;width=350&amp;height=179&amp;quality=85\" media=\"(min-width: 80px)\"\/><img loading=\"lazy\" decoding=\"async\" class=\"global-image\" src=\"https:\/\/www.infobae.com\/resizer\/v2\/OTIT7EWSRBAGHLYDQ27DLXIJTA.png?auth=263569e85849473fe2a9f0f8c3ccd88f89296abee7816921e5b06a4563ba0043&amp;smart=true&amp;width=350&amp;height=179&amp;quality=85\" alt=\"Cuatro astronautas flotan en una nave espacial. Christina Koch sostiene un micr\u00f3fono, y banderas de Canad\u00e1 y Estados Unidos cuelgan\" width=\"1390\" height=\"711\"\/><\/picture>La tripulaci\u00f3n de Artemis II confirma que ha contemplado la cara oculta de la Luna, regi\u00f3n invisible para los observadores terrestres (Captura de video: NBC News).<\/div>\n<h2 id=\"article-headline vinculo-emocional-y-contacto-con-la-tierra\" class=\"header headline-class-h2 headline\"><span class=\"ez-toc-section\" id=\"Vinculo_emocional_y_contacto_con_la_Tierra\"><\/span>V\u00ednculo emocional y contacto con la Tierra<span class=\"ez-toc-section-end\"><\/span><\/h2>\n<p class=\"paragraph\">El componente emocional ha sido un eje central en las declaraciones de la tripulaci\u00f3n. El piloto\u00a0<b>Victor J. Glover<\/b>\u00a0subray\u00f3 que las comunicaciones con sus familias han tenido un valor especial durante la misi\u00f3n. \u201cHa sido interesante escuchar lo que mi familia ha visto en las noticias y en las redes sociales. Tambi\u00e9n su experiencia de lanzamiento.\u00a0<b>Lo que vieron, lo que sintieron y lo que pensaron\u201d<\/b>, expres\u00f3 Glover en la entrevista.<\/p>\n<p class=\"paragraph\">El comandante Wiseman tambi\u00e9n resalt\u00f3 el impacto de los encuentros virtuales: \u201cCuando mis hijas aparecieron en pantalla, fue como estar reunido de nuevo, a pesar de la distancia.\u00a0<b>Ha sido uno de los momentos m\u00e1s importantes de mi vida\u201d.<\/b><\/p>\n<p class=\"paragraph\">Por otro lado, Hansen destac\u00f3 el sentimiento de humildad y esperanza que genera la experiencia: \u201cLo que vemos aqu\u00ed es dif\u00edcil de asimilar. Nos sentimos exploradores y eso nos llena de gratitud.\u00a0<b>Mi emoci\u00f3n es esperanza en el futuro de la humanidad.\u00a0<\/b>El hecho de que podamos hacer esto ahora mismo, significa que podr\u00edamos hacer mucho m\u00e1s\u201d.<\/p>\n<h2 id=\"article-headline los-desafios-tecnicos-de-artemis-ii\" class=\"header headline-class-h2 headline\"><span class=\"ez-toc-section\" id=\"Los_desafios_tecnicos_de_Artemis_II\"><\/span>Los desaf\u00edos t\u00e9cnicos de Artemis II<span class=\"ez-toc-section-end\"><\/span><\/h2>\n<p class=\"paragraph\">Durante el trayecto, la tripulaci\u00f3n de Artemis II ha enfrentado desaf\u00edos t\u00e9cnicos y situaciones cotidianas propias de la vida en el espacio. Koch describi\u00f3 que, pese a la emoci\u00f3n del viaje, la rutina diaria conserva aspectos habituales: \u201cSomos personas intentando salir adelante. Podemos estar mirando la cara oculta de la Luna y, al mismo tiempo, pensando en buscar un par de calcetines limpios\u201d.<\/p>\n<p class=\"paragraph\">La misi\u00f3n ha abarcado pruebas de los sistemas de soporte vital y la resoluci\u00f3n de peque\u00f1os inconvenientes, como fallos en el correo electr\u00f3nico y\u00a0el ba\u00f1o de la c\u00e1psula.\u00a0No obstante, de acuerdo con la\u00a0<i>NASA<\/i>, la tripulaci\u00f3n ha logrado resolver estos contratiempos y mantiene un desarrollo estable del vuelo.<\/p>\n<div class=\"visual__image\"><picture><source srcset=\"https:\/\/www.infobae.com\/resizer\/v2\/DFOXJSQ4KNHLVKNHY7IWEMFEBM.jpg?auth=15facbcb9b3d7b9db1998ff493ffa3a1cd6f53c0ef8b80f405f64730081235b2&amp;smart=true&amp;width=992&amp;height=558&amp;quality=85\" media=\"(min-width: 1000px)\"\/><source srcset=\"https:\/\/www.infobae.com\/resizer\/v2\/DFOXJSQ4KNHLVKNHY7IWEMFEBM.jpg?auth=15facbcb9b3d7b9db1998ff493ffa3a1cd6f53c0ef8b80f405f64730081235b2&amp;smart=true&amp;width=768&amp;height=432&amp;quality=85\" media=\"(min-width: 768px)\"\/><source srcset=\"https:\/\/www.infobae.com\/resizer\/v2\/DFOXJSQ4KNHLVKNHY7IWEMFEBM.jpg?auth=15facbcb9b3d7b9db1998ff493ffa3a1cd6f53c0ef8b80f405f64730081235b2&amp;smart=true&amp;width=577&amp;height=325&amp;quality=85\" media=\"(min-width: 580px)\"\/><source srcset=\"https:\/\/www.infobae.com\/resizer\/v2\/DFOXJSQ4KNHLVKNHY7IWEMFEBM.jpg?auth=15facbcb9b3d7b9db1998ff493ffa3a1cd6f53c0ef8b80f405f64730081235b2&amp;smart=true&amp;width=420&amp;height=236&amp;quality=85\" media=\"(min-width: 350px)\"\/><source srcset=\"https:\/\/www.infobae.com\/resizer\/v2\/DFOXJSQ4KNHLVKNHY7IWEMFEBM.jpg?auth=15facbcb9b3d7b9db1998ff493ffa3a1cd6f53c0ef8b80f405f64730081235b2&amp;smart=true&amp;width=350&amp;height=197&amp;quality=85\" media=\"(min-width: 80px)\"\/><img loading=\"lazy\" decoding=\"async\" class=\"global-image\" src=\"https:\/\/www.infobae.com\/resizer\/v2\/DFOXJSQ4KNHLVKNHY7IWEMFEBM.jpg?auth=15facbcb9b3d7b9db1998ff493ffa3a1cd6f53c0ef8b80f405f64730081235b2&amp;smart=true&amp;width=350&amp;height=197&amp;quality=85\" alt=\"Christina Koch y dos hombres observan un inodoro espacial blanco. A la derecha, un inodoro espacial instalado en un compartimento revestido de amarillo\" width=\"1280\" height=\"720\"\/><\/picture>Una alerta de advertencia en pleno vuelo oblig\u00f3 a los astronautas de Artemis II a revisar los sistemas del ba\u00f1o espacial (NASA).<\/div>\n<h2 id=\"article-headline observaciones-cientificas-y-proximos-hitos\" class=\"header headline-class-h2 headline\"><span class=\"ez-toc-section\" id=\"Observaciones_cientificas_y_proximos_hitos\"><\/span>Observaciones cient\u00edficas y pr\u00f3ximos hitos<span class=\"ez-toc-section-end\"><\/span><\/h2>\n<p class=\"paragraph\">La misi\u00f3n contempla la observaci\u00f3n y documentaci\u00f3n de\u00a0<b>regiones inexploradas de la superficie lunar<\/b>. Los astronautas se aproximar\u00e1n a unos\u00a0<b>7.400 kil\u00f3metros<\/b>\u00a0de la Luna y captar\u00e1n im\u00e1genes de cr\u00e1teres, cordilleras y antiguos flujos de lava. De acuerdo con\u00a0<i>NBC News<\/i>, estas fotograf\u00edas proporcionar\u00e1n material fundamental para el estudio del origen de la Luna y del sistema solar.<\/p>\n<p class=\"paragraph\">Durante el tr\u00e1nsito por la cara oculta, la c\u00e1psula Ori\u00f3n experimentar\u00e1 un eclipse solar desde el espacio, cuando el Sol quede oculto tras la Luna durante aproximadamente una hora. Este fen\u00f3meno permitir\u00e1 a la tripulaci\u00f3n observar la corona solar y registrar posibles impactos de micrometeoritos en la superficie lunar.<\/p>\n<h2 id=\"article-headline el-regreso-y-el-legado-de-la-mision\" class=\"header headline-class-h2 headline\"><span class=\"ez-toc-section\" id=\"El_regreso_y_el_legado_de_la_mision\"><\/span>El regreso y el legado de la misi\u00f3n<span class=\"ez-toc-section-end\"><\/span><\/h2>\n<p class=\"paragraph\">Tras completar la observaci\u00f3n de la Luna, los astronautas comenzar\u00e1n el retorno a la Tierra, con el\u00a0<b>amerizaje programado frente a las costas de San Diego<\/b>. La tripulaci\u00f3n calific\u00f3 el vuelo como un \u201clogro magn\u00edfico\u201d, destacando que representa el inicio de una nueva etapa en la exploraci\u00f3n lunar y establece las bases para futuras misiones tripuladas al sat\u00e9lite.<\/p>\n<p class=\"paragraph\">En este sentido, el comandante Reid Wiseman subray\u00f3 durante la transmisi\u00f3n de\u00a0<i>NBC News<\/i>\u00a0que el objetivo de la misi\u00f3n trasciende el avance tecnol\u00f3gico:\u00a0<b>\u201cSomos los cuatro afortunados que estamos aqu\u00ed, pero lo importante es regresar y compartir esta experiencia con toda la humanidad. La clave de la exploraci\u00f3n es el factor humano\u201d.<\/b><\/p>\n<p>por <strong>INFOBAE<\/strong><\/p>\n<\/p><\/div>\n<p><a href=\"https:\/\/noticiasaldiayalahora.co\/internacionales\/astronauta-de-la-nasa-christina-koch-no-es-la-luna-que-estoy-acostumbrada-a-ver\/\" class=\" target=\" title=\"&#039;No es la luna que estoy acostumbrada a ver&#039;\" target=\"_blank\" rel=\"noopener\">Ver fuente<\/a><\/p>\n","protected":false},"excerpt":{"rendered":"<p>La\u00a0tripulaci\u00f3n de\u00a0Artemis II\u00a0ha marcado un hito en la exploraci\u00f3n espacial al convertirse en los primeros seres humanos en m\u00e1s de cinco d\u00e9cadas en aproximarse a la Luna y observar su cara oculta desde el espacio profundo. Seg\u00fan inform\u00f3\u00a0NBC News, los cuatro astronautas compartieron sus impresiones iniciales durante una entrevista realizada a m\u00e1s de\u00a0300.000 kil\u00f3metros de [&hellip;]<\/p>\n","protected":false},"author":2,"featured_media":125584,"comment_status":"open","ping_status":"closed","sticky":false,"template":"","format":"standard","meta":{"footnotes":""},"categories":[6],"tags":[],"class_list":["post-125583","post","type-post","status-publish","format-standard","has-post-thumbnail","hentry","category-internacionales"],"_links":{"self":[{"href":"https:\/\/enfoquenoticioso.com\/index.php?rest_route=\/wp\/v2\/posts\/125583","targetHints":{"allow":["GET"]}}],"collection":[{"href":"https:\/\/enfoquenoticioso.com\/index.php?rest_route=\/wp\/v2\/posts"}],"about":[{"href":"https:\/\/enfoquenoticioso.com\/index.php?rest_route=\/wp\/v2\/types\/post"}],"author":[{"embeddable":true,"href":"https:\/\/enfoquenoticioso.com\/index.php?rest_route=\/wp\/v2\/users\/2"}],"replies":[{"embeddable":true,"href":"https:\/\/enfoquenoticioso.com\/index.php?rest_route=%2Fwp%2Fv2%2Fcomments&post=125583"}],"version-history":[{"count":0,"href":"https:\/\/enfoquenoticioso.com\/index.php?rest_route=\/wp\/v2\/posts\/125583\/revisions"}],"wp:featuredmedia":[{"embeddable":true,"href":"https:\/\/enfoquenoticioso.com\/index.php?rest_route=\/wp\/v2\/media\/125584"}],"wp:attachment":[{"href":"https:\/\/enfoquenoticioso.com\/index.php?rest_route=%2Fwp%2Fv2%2Fmedia&parent=125583"}],"wp:term":[{"taxonomy":"category","embeddable":true,"href":"https:\/\/enfoquenoticioso.com\/index.php?rest_route=%2Fwp%2Fv2%2Fcategories&post=125583"},{"taxonomy":"post_tag","embeddable":true,"href":"https:\/\/enfoquenoticioso.com\/index.php?rest_route=%2Fwp%2Fv2%2Ftags&post=125583"}],"curies":[{"name":"wp","href":"https:\/\/api.w.org\/{rel}","templated":true}]}}