{"id":126179,"date":"2026-04-09T10:27:42","date_gmt":"2026-04-09T10:27:42","guid":{"rendered":"https:\/\/enfoquenoticioso.com\/?p=126179"},"modified":"2026-04-09T10:27:42","modified_gmt":"2026-04-09T10:27:42","slug":"tu-iphone-funciona-mal-desde-que-se-actualizo-y-apple-lo-sabe-acaba-de-poner-solucion","status":"publish","type":"post","link":"https:\/\/enfoquenoticioso.com\/?p=126179","title":{"rendered":"Tu iPhone funciona mal desde que se actualiz\u00f3 y Apple lo sabe. Acaba de poner soluci\u00f3n"},"content":{"rendered":"<figure><img loading=\"lazy\" decoding=\"async\" width=\"1024\" height=\"631\" src=\"https:\/\/i0.wp.com\/imgs.hipertextual.com\/wp-content\/uploads\/2026\/04\/iphone.jpg?fit=1024%2C631&amp;quality=70&amp;strip=all&amp;ssl=1\" class=\"attachment-rss-image-size size-rss-image-size wp-post-image\" alt=\"\" \/><\/figure>\n<p>Si tu iPhone funciona mal desde hace unos d\u00edas, no es culpa tuya ni de tu m\u00f3vil, m\u00e1s bien de Apple. <a href=\"https:\/\/hipertextual.com\/apple\/tu-iphone-va-a-cambiar-como-nunca-con-ios-26-4-llega-este-mes-a-estos-29-modelos-y-puedes-actualizar-ya\/\" target=\"_blank\" rel=\"noopener\">iOS 26.4<\/a> se lanz\u00f3 hace unas semanas en todo el mundo, y parece que esta versi\u00f3n no estaba perfectamente pulida. Muchos usuarios llevan d\u00edas quej\u00e1ndose de <strong>dos fallos importantes en el sistema<\/strong> que empa\u00f1an un poco la experiencia. Uno est\u00e1 m\u00e1s escondido y no es tan preocupante a nivel general, pero otro est\u00e1 en la pantalla de bloqueo y es muy probable que haya miles de personas pregunt\u00e1ndose qu\u00e9 pasa.<\/p>\n<p><strong>El primero, la sincronizaci\u00f3n de iCloud. <\/strong>Tras actualizar el iPhone a iOS 26.4, muchos usuarios se dieron cuenta de que iCloud no estaba funcionando como deb\u00eda. En esta versi\u00f3n, si editas algo en el <a href=\"https:\/\/hipertextual.com\/apple\/y-si-apple-lanza-un-mac-neo-asi-podria-ser-la-version-aun-mas-barata-del-mac-mini\/\" target=\"_blank\" rel=\"noopener\">Mac<\/a> o en el <a href=\"https:\/\/hipertextual.com\/apple\/nuevo-ipad-air-m4-2026\/\" target=\"_blank\" rel=\"noopener\">iPad<\/a>, no se sincroniza con la nube correctamente y los cambios no se ven en el iPhone. Es algo bastante molesto, aunque para muchos ha pasado desapercibido.<\/p>\n<p><strong>El segundo, las notificaciones. <\/strong>iOS 26.4 tambi\u00e9n trajo bajo el brazo un error molesto en la pantalla de bloqueo. Algunos usuarios han reportado que su iPhone, tras actualizar, <strong>no les permite borrar las notificaciones<\/strong> en esta parte de la interfaz o que deben pulsar varias veces para conseguirlo. <\/p>\n<figure class=\"wp-block-image alignwide size-full\"><img decoding=\"async\" data-recalc-dims=\"1\" loading=\"lazy\" width=\"780\" height=\"521\" src=\"https:\/\/i0.wp.com\/imgs.hipertextual.com\/wp-content\/uploads\/2026\/03\/ios-26-4.jpg?resize=780%2C521&#038;quality=70&#038;strip=all&#038;ssl=1\" alt=\"iOS 26.4 iPhone\" class=\"wp-image-1879912\" \/><\/figure>\n<div id=\"ez-toc-container\" class=\"ez-toc-v2_0_81 counter-hierarchy ez-toc-counter ez-toc-grey ez-toc-container-direction\">\n<div class=\"ez-toc-title-container\">\n<p class=\"ez-toc-title\" style=\"cursor:inherit\">Tabla de Contenido<\/p>\n<span class=\"ez-toc-title-toggle\"><a href=\"#\" class=\"ez-toc-pull-right ez-toc-btn ez-toc-btn-xs ez-toc-btn-default ez-toc-toggle\" aria-label=\"Alternar tabla de contenidos\"><span class=\"ez-toc-js-icon-con\"><span class=\"\"><span class=\"eztoc-hide\" style=\"display:none;\">Toggle<\/span><span class=\"ez-toc-icon-toggle-span\"><svg style=\"fill: #999;color:#999\" xmlns=\"http:\/\/www.w3.org\/2000\/svg\" class=\"list-377408\" width=\"20px\" height=\"20px\" viewBox=\"0 0 24 24\" fill=\"none\"><path d=\"M6 6H4v2h2V6zm14 0H8v2h12V6zM4 11h2v2H4v-2zm16 0H8v2h12v-2zM4 16h2v2H4v-2zm16 0H8v2h12v-2z\" fill=\"currentColor\"><\/path><\/svg><svg style=\"fill: #999;color:#999\" class=\"arrow-unsorted-368013\" xmlns=\"http:\/\/www.w3.org\/2000\/svg\" width=\"10px\" height=\"10px\" viewBox=\"0 0 24 24\" version=\"1.2\" baseProfile=\"tiny\"><path d=\"M18.2 9.3l-6.2-6.3-6.2 6.3c-.2.2-.3.4-.3.7s.1.5.3.7c.2.2.4.3.7.3h11c.3 0 .5-.1.7-.3.2-.2.3-.5.3-.7s-.1-.5-.3-.7zM5.8 14.7l6.2 6.3 6.2-6.3c.2-.2.3-.5.3-.7s-.1-.5-.3-.7c-.2-.2-.4-.3-.7-.3h-11c-.3 0-.5.1-.7.3-.2.2-.3.5-.3.7s.1.5.3.7z\"\/><\/svg><\/span><\/span><\/span><\/a><\/span><\/div>\n<nav><ul class='ez-toc-list ez-toc-list-level-1 ' ><li class='ez-toc-page-1 ez-toc-heading-level-2'><a class=\"ez-toc-link ez-toc-heading-1\" href=\"https:\/\/enfoquenoticioso.com\/?p=126179\/#Apple_ya_tiene_solucion_prepara_tu_iPhone\" >Apple ya tiene soluci\u00f3n: prepara tu iPhone<\/a><\/li><\/ul><\/nav><\/div>\n<h2 class=\"wp-block-heading has-text-align-center\" id=\"h-apple-ya-tiene-solucion-prepara-tu-iphone\"><span class=\"ez-toc-section\" id=\"Apple_ya_tiene_solucion_prepara_tu_iPhone\"><\/span>Apple ya tiene soluci\u00f3n: prepara tu iPhone<span class=\"ez-toc-section-end\"><\/span><\/h2>\n<p><strong>Apple no ha tardado mucho en solucionar estos problemas.<\/strong> Acaba de lanzar iOS 26.4.1 a nivel mundial para corregir estos dos errores. La actualizaci\u00f3n est\u00e1 disponible a partir del <strong>iPhone 11<\/strong> y, adem\u00e1s, tambi\u00e9n ha aprovechado para distribuir este parche a los iPad con iPadOS 26.4.1. En ambos dispositivos se puede instalar desde este mismo momento yendo a ajustes y buscando actualizaciones pendientes. <\/p>\n<p>iOS 26.4.1 pesa unos 500 MB (var\u00eda de un dispositivo a otro) si actualizaste previamente a iOS 26.4, por lo que solo tardar\u00e1s un par de minutos en instalar la nueva versi\u00f3n y corregir los errores. Y, si bien no es obligatoria, s\u00ed es recomendable descargarla e implementarla para contar con el \u00faltimo software disponible y 100% libre de errores. <\/p>\n<p>\u00bfEsta actualizaci\u00f3n borra algo cuando se instala? Puedes estar tranquilo: tu iPhone instalar\u00e1 iOS 26.4.1 en cuesti\u00f3n de un par de minutos y todo estar\u00e1 tal y como lo dejaste. Las aplicaciones, las fotos, los archivos y las configuraciones se mantendr\u00e1n: <strong>no se borra nada ni se cambia de sistema<\/strong>, es simplemente un peque\u00f1o parche para solucionar los dos errores que hemos comentado.<\/p>\n<p>Seguir leyendo: <a href=\"https:\/\/hipertextual.com\/apple\/tu-iphone-funciona-mal-desde-que-se-actualizo-y-apple-lo-sabe-acaba-de-poner-solucion\/\" target=\"_blank\" rel=\"noopener\">Tu iPhone funciona mal desde que se actualiz\u00f3 y Apple lo sabe. Acaba de poner soluci\u00f3n<\/a><\/p>\n<p><a href=\"https:\/\/hipertextual.com\/apple\/tu-iphone-funciona-mal-desde-que-se-actualizo-y-apple-lo-sabe-acaba-de-poner-solucion\/\" class=\" target=\" title=\"Tu iPhone funciona mal desde que se actualiz\u00f3 y Apple lo sabe. Acaba de poner soluci\u00f3n\" target=\"_blank\" rel=\"noopener\">Ver fuente<\/a><\/p>\n","protected":false},"excerpt":{"rendered":"<p>Si tu iPhone funciona mal desde hace unos d\u00edas, no es culpa tuya ni de tu m\u00f3vil, m\u00e1s bien de Apple. iOS 26.4 se lanz\u00f3 hace unas semanas en todo el mundo, y parece que esta versi\u00f3n no estaba perfectamente pulida. Muchos usuarios llevan d\u00edas quej\u00e1ndose de dos fallos importantes en el sistema que empa\u00f1an [&hellip;]<\/p>\n","protected":false},"author":2,"featured_media":126180,"comment_status":"open","ping_status":"closed","sticky":false,"template":"","format":"standard","meta":{"footnotes":""},"categories":[9],"tags":[],"class_list":["post-126179","post","type-post","status-publish","format-standard","has-post-thumbnail","hentry","category-tecnologia"],"_links":{"self":[{"href":"https:\/\/enfoquenoticioso.com\/index.php?rest_route=\/wp\/v2\/posts\/126179","targetHints":{"allow":["GET"]}}],"collection":[{"href":"https:\/\/enfoquenoticioso.com\/index.php?rest_route=\/wp\/v2\/posts"}],"about":[{"href":"https:\/\/enfoquenoticioso.com\/index.php?rest_route=\/wp\/v2\/types\/post"}],"author":[{"embeddable":true,"href":"https:\/\/enfoquenoticioso.com\/index.php?rest_route=\/wp\/v2\/users\/2"}],"replies":[{"embeddable":true,"href":"https:\/\/enfoquenoticioso.com\/index.php?rest_route=%2Fwp%2Fv2%2Fcomments&post=126179"}],"version-history":[{"count":0,"href":"https:\/\/enfoquenoticioso.com\/index.php?rest_route=\/wp\/v2\/posts\/126179\/revisions"}],"wp:featuredmedia":[{"embeddable":true,"href":"https:\/\/enfoquenoticioso.com\/index.php?rest_route=\/wp\/v2\/media\/126180"}],"wp:attachment":[{"href":"https:\/\/enfoquenoticioso.com\/index.php?rest_route=%2Fwp%2Fv2%2Fmedia&parent=126179"}],"wp:term":[{"taxonomy":"category","embeddable":true,"href":"https:\/\/enfoquenoticioso.com\/index.php?rest_route=%2Fwp%2Fv2%2Fcategories&post=126179"},{"taxonomy":"post_tag","embeddable":true,"href":"https:\/\/enfoquenoticioso.com\/index.php?rest_route=%2Fwp%2Fv2%2Ftags&post=126179"}],"curies":[{"name":"wp","href":"https:\/\/api.w.org\/{rel}","templated":true}]}}